{"id":5686,"date":"2025-01-09T15:43:14","date_gmt":"2025-01-09T14:43:14","guid":{"rendered":"https:\/\/unser-aschbach.de\/staging2025\/?p=5686"},"modified":"2025-01-14T11:31:05","modified_gmt":"2025-01-14T10:31:05","slug":"hier-steht-ein-titel","status":"publish","type":"post","link":"https:\/\/unser-aschbach.de\/staging2025\/2025\/01\/09\/hier-steht-ein-titel\/","title":{"rendered":"Unsere Website in frischem Design!"},"content":{"rendered":"\n<p>Liebe Aschbacherinnen und Aschbacher, liebe G\u00e4ste,<\/p>\n\n\n\n<p>wir freuen uns, euch unsere neu gestaltete Website vorzustellen! Nach intensiver Planung und Arbeit ist es soweit: Aschbach hat nun einen modernen und benutzerfreundlichen Online-Auftritt, der euch \u00fcber alles Wissenswerte rund um unser sch\u00f6nes Dorf informiert.<\/p>\n\n\n\n<h3 class=\"wp-block-heading\">Was ist neu?<\/h3>\n\n\n\n<ul class=\"wp-block-list\"><\/ul>\n\n\n\n<div class=\"wp-block-media-text is-stacked-on-mobile\"><figure class=\"wp-block-media-text__media\"><img data-recalc-dims=\"1\" decoding=\"async\" width=\"900\" height=\"900\" data-attachment-id=\"5723\" data-permalink=\"https:\/\/unser-aschbach.de\/staging2025\/2025\/01\/09\/hier-steht-ein-titel\/screenshot-unser-aschbach-de-2025-01\/\" data-orig-file=\"https:\/\/i0.wp.com\/unser-aschbach.de\/staging2025\/wp-content\/uploads\/2025\/01\/screenshot-unser-aschbach.de-2025.01.jpg?fit=1200%2C1200&amp;ssl=1\" data-orig-size=\"1200,1200\" data-comments-opened=\"1\" data-image-meta=\"{&quot;aperture&quot;:&quot;0&quot;,&quot;credit&quot;:&quot;&quot;,&quot;camera&quot;:&quot;&quot;,&quot;caption&quot;:&quot;&quot;,&quot;created_timestamp&quot;:&quot;0&quot;,&quot;copyright&quot;:&quot;&quot;,&quot;focal_length&quot;:&quot;0&quot;,&quot;iso&quot;:&quot;0&quot;,&quot;shutter_speed&quot;:&quot;0&quot;,&quot;title&quot;:&quot;&quot;,&quot;orientation&quot;:&quot;0&quot;}\" data-image-title=\"screenshot-unser-aschbach.de-2025.01\" data-image-description=\"&lt;p&gt;Alte Website unser-aschbach.de&lt;\/p&gt;\n\" data-image-caption=\"&lt;p&gt;Alte Website unser-aschbach.de&lt;\/p&gt;\n\" data-medium-file=\"https:\/\/i0.wp.com\/unser-aschbach.de\/staging2025\/wp-content\/uploads\/2025\/01\/screenshot-unser-aschbach.de-2025.01.jpg?fit=300%2C300&amp;ssl=1\" data-large-file=\"https:\/\/i0.wp.com\/unser-aschbach.de\/staging2025\/wp-content\/uploads\/2025\/01\/screenshot-unser-aschbach.de-2025.01.jpg?fit=900%2C900&amp;ssl=1\" src=\"https:\/\/i0.wp.com\/unser-aschbach.de\/staging2025\/wp-content\/uploads\/2025\/01\/screenshot-unser-aschbach.de-2025.01.jpg?resize=900%2C900&#038;ssl=1\" alt=\"Alte Website unser-aschbach.de\" class=\"wp-image-5723 size-full\" srcset=\"https:\/\/i0.wp.com\/unser-aschbach.de\/staging2025\/wp-content\/uploads\/2025\/01\/screenshot-unser-aschbach.de-2025.01.jpg?resize=1024%2C1024&amp;ssl=1 1024w, https:\/\/i0.wp.com\/unser-aschbach.de\/staging2025\/wp-content\/uploads\/2025\/01\/screenshot-unser-aschbach.de-2025.01.jpg?resize=300%2C300&amp;ssl=1 300w, https:\/\/i0.wp.com\/unser-aschbach.de\/staging2025\/wp-content\/uploads\/2025\/01\/screenshot-unser-aschbach.de-2025.01.jpg?resize=150%2C150&amp;ssl=1 150w, https:\/\/i0.wp.com\/unser-aschbach.de\/staging2025\/wp-content\/uploads\/2025\/01\/screenshot-unser-aschbach.de-2025.01.jpg?resize=768%2C768&amp;ssl=1 768w, https:\/\/i0.wp.com\/unser-aschbach.de\/staging2025\/wp-content\/uploads\/2025\/01\/screenshot-unser-aschbach.de-2025.01.jpg?w=1200&amp;ssl=1 1200w\" sizes=\"(max-width: 900px) 100vw, 900px\" \/><\/figure><div class=\"wp-block-media-text__content\">\n<ul class=\"wp-block-list\">\n<li><strong>Frisches Design:<\/strong> Unsere Seite ist \u00fcbersichtlich, klar strukturiert und passt sich optimal an alle Ger\u00e4te an \u2013 egal ob PC, Tablet oder Smartphone.<\/li>\n\n\n\n<li><strong>Dorfleben im Fokus:<\/strong> Ihr findet nun aktuelle Infos \u00fcber das Vereinsleben, anstehende Veranstaltungen als digitaler Kalender (einfach in alle Kalender einbindbar) und spannende Neuigkeiten aus der Dorfgemeinschaft.<\/li>\n\n\n\n<li><strong>Geschichte und Kultur:<\/strong> Entdeckt die historischen Highlights von Aschbach, darunter die Pfarrkirche St. Maternus und andere kulturelle Highlights.<\/li>\n\n\n\n<li><strong>Interaktive Elemente:<\/strong> Ein Veranstaltungskalender und Kontaktm\u00f6glichkeiten machen es einfacher, mit uns in Verbindung zu treten oder bei lokalen Projekten mitzuwirken.<\/li>\n<\/ul>\n<\/div><\/div>\n\n\n\n<h3 class=\"wp-block-heading\">Neu auf unserer Website: Forum f\u00fcr Austausch und Mitgestaltung!<\/h3>\n\n\n\n<p>wir freuen uns besonders, euch eine besondere Neuerung auf unserer frisch \u00fcberarbeiteten Website vorzustellen: <strong><a href=\"https:\/\/unser-aschbach.de\/staging2025\/asap\/\" data-type=\"page\" data-id=\"5553\">ein interaktives Forum<\/a><\/strong>, das euch eine zentrale Plattform f\u00fcr Austausch und Zusammenarbeit bietet!<\/p>\n\n\n\n<h3 class=\"wp-block-heading\">Was bietet das neue Forum?<\/h3>\n\n\n\n<ul class=\"wp-block-list\">\n<li><strong>Anmeldung f\u00fcr Vereine und Einzelpersonen:<\/strong> Ob ihr einen Verein repr\u00e4sentiert oder euch als Privatperson einbringen m\u00f6chtet \u2013 registriert euch und seid Teil unserer Online-Community.<\/li>\n\n\n\n<li><strong>Koordination von Veranstaltungen:<\/strong> Vereine k\u00f6nnen ihre Events hier ank\u00fcndigen, Details abstimmen und die Zusammenarbeit erleichtern. Damit seid ihr immer up to date, was in Aschbach passiert. Helfer gesucht? Dann einfach einen Post in die Allgemeine Gruppe schreiben! <\/li>\n\n\n\n<li><strong>Beitr\u00e4ge und Bilder hochladen:<\/strong> Angemeldete Nutzerinnen und Nutzer k\u00f6nnen selbst Beitr\u00e4ge verfassen und Bilder hochladen. Diese Inhalte werden von uns gepr\u00fcft und nach Freigabe ver\u00f6ffentlicht \u2013 so bleibt die Seite lebendig und vielf\u00e4ltig!<\/li>\n<\/ul>\n\n\n\n<h3 class=\"wp-block-heading\">Warum ein Forum?<\/h3>\n\n\n\n<p>Das Forum soll nicht nur die Organisation und Kommunikation rund um Veranstaltungen erleichtern, sondern auch dazu beitragen, die Dorfgemeinschaft digital n\u00e4her zusammenzubringen. Egal ob Ank\u00fcndigungen, Ideen oder R\u00fcckblicke auf Veranstaltungen \u2013 hier findet alles seinen Platz.<\/p>\n\n\n\n<h3 class=\"wp-block-heading\">Wie k\u00f6nnt ihr mitmachen?<\/h3>\n\n\n\n<ul class=\"wp-block-list\">\n<li><strong><a href=\"https:\/\/unser-aschbach.de\/staging2025\/registrieren-2\/\">Einfach registrieren<\/a>:<\/strong> Erstellt ein Benutzerkonto und seid direkt dabei.<\/li>\n\n\n\n<li><strong>Beitr\u00e4ge einreichen:<\/strong> Teilt eure Neuigkeiten, Anregungen oder Erinnerungen \u2013 wir k\u00fcmmern uns um die schnelle Freigabe.<\/li>\n\n\n\n<li><strong>Mitdiskutieren:<\/strong> Tauscht euch zu Themen aus, die euch und unser Dorf bewegen.<\/li>\n<\/ul>\n\n\n\n<p><a href=\"https:\/\/unser-aschbach.de\/staging2025\/asap\/asap-uebersicht\/\" data-type=\"page\" data-id=\"5560\">Schaut gleich vorbei<\/a> und werdet Teil der neuen Online-Community Aschbachs! Zusammen gestalten wir nicht nur unsere Website, sondern auch unser Dorfleben.<\/p>\n\n\n\n<h3 class=\"wp-block-heading\">Eure Mithilfe z\u00e4hlt!<\/h3>\n\n\n\n<p>Die neue Website lebt von eurer Beteiligung! Habt ihr Veranstaltungshinweise, spannende Geschichten oder Ideen f\u00fcr Verbesserungen? Dann meldet euch bei uns \u2013 wir freuen uns \u00fcber eure Beitr\u00e4ge!<\/p>\n\n\n\n<p>Wir hoffen, dass euch unsere neue Website genauso begeistert wie uns und dass sie dazu beitr\u00e4gt, Aschbach digital n\u00e4her zusammenzubringen.<\/p>\n\n\n\n<p>Viel Spa\u00df beim entdecken, was die neue Website und unser Dorf zu bieten haben!<\/p>\n\n\n\n<p>Euer Website-Team<\/p>\n<div class=\"shariff shariff-align-flex-start shariff-widget-align-flex-start\"><ul class=\"shariff-buttons theme-round orientation-horizontal buttonsize-medium\"><li class=\"shariff-button mailto shariff-nocustomcolor\" style=\"background-color:#a8a8a8\"><a href=\"mailto:?body=https%3A%2F%2Funser-aschbach.de%2Fstaging2025%2F2025%2F01%2F09%2Fhier-steht-ein-titel%2F&subject=Unsere%20Website%20in%20frischem%20Design%21\" title=\"Per E-Mail versenden\" aria-label=\"Per E-Mail versenden\" role=\"button\" rel=\"noopener nofollow\" class=\"shariff-link\" style=\"; background-color:#999; color:#fff\"><span class=\"shariff-icon\" style=\"\"><svg width=\"32px\" height=\"20px\" xmlns=\"http:\/\/www.w3.org\/2000\/svg\" viewBox=\"0 0 32 32\"><path fill=\"#999\" d=\"M32 12.7v14.2q0 1.2-0.8 2t-2 0.9h-26.3q-1.2 0-2-0.9t-0.8-2v-14.2q0.8 0.9 1.8 1.6 6.5 4.4 8.9 6.1 1 0.8 1.6 1.2t1.7 0.9 2 0.4h0.1q0.9 0 2-0.4t1.7-0.9 1.6-1.2q3-2.2 8.9-6.1 1-0.7 1.8-1.6zM32 7.4q0 1.4-0.9 2.7t-2.2 2.2q-6.7 4.7-8.4 5.8-0.2 0.1-0.7 0.5t-1 0.7-0.9 0.6-1.1 0.5-0.9 0.2h-0.1q-0.4 0-0.9-0.2t-1.1-0.5-0.9-0.6-1-0.7-0.7-0.5q-1.6-1.1-4.7-3.2t-3.6-2.6q-1.1-0.7-2.1-2t-1-2.5q0-1.4 0.7-2.3t2.1-0.9h26.3q1.2 0 2 0.8t0.9 2z\"\/><\/svg><\/span><\/a><\/li><li class=\"shariff-button facebook shariff-nocustomcolor\" style=\"background-color:#4273c8\"><a href=\"https:\/\/www.facebook.com\/sharer\/sharer.php?u=https%3A%2F%2Funser-aschbach.de%2Fstaging2025%2F2025%2F01%2F09%2Fhier-steht-ein-titel%2F\" title=\"Bei Facebook teilen\" aria-label=\"Bei Facebook teilen\" role=\"button\" rel=\"nofollow\" class=\"shariff-link\" style=\"; background-color:#3b5998; color:#fff\" target=\"_blank\"><span class=\"shariff-icon\" style=\"\"><svg width=\"32px\" height=\"20px\" xmlns=\"http:\/\/www.w3.org\/2000\/svg\" viewBox=\"0 0 18 32\"><path fill=\"#3b5998\" d=\"M17.1 0.2v4.7h-2.8q-1.5 0-2.1 0.6t-0.5 1.9v3.4h5.2l-0.7 5.3h-4.5v13.6h-5.5v-13.6h-4.5v-5.3h4.5v-3.9q0-3.3 1.9-5.2t5-1.8q2.6 0 4.1 0.2z\"\/><\/svg><\/span><\/a><\/li><li class=\"shariff-button whatsapp shariff-nocustomcolor\" style=\"background-color:#5cbe4a\"><a href=\"https:\/\/api.whatsapp.com\/send?text=https%3A%2F%2Funser-aschbach.de%2Fstaging2025%2F2025%2F01%2F09%2Fhier-steht-ein-titel%2F%20Unsere%20Website%20in%20frischem%20Design%21\" title=\"Bei Whatsapp teilen\" aria-label=\"Bei Whatsapp teilen\" role=\"button\" rel=\"noopener nofollow\" class=\"shariff-link\" style=\"; background-color:#34af23; color:#fff\" target=\"_blank\"><span class=\"shariff-icon\" style=\"\"><svg width=\"32px\" height=\"20px\" xmlns=\"http:\/\/www.w3.org\/2000\/svg\" viewBox=\"0 0 32 32\"><path fill=\"#34af23\" d=\"M17.6 17.4q0.2 0 1.7 0.8t1.6 0.9q0 0.1 0 0.3 0 0.6-0.3 1.4-0.3 0.7-1.3 1.2t-1.8 0.5q-1 0-3.4-1.1-1.7-0.8-3-2.1t-2.6-3.3q-1.3-1.9-1.3-3.5v-0.1q0.1-1.6 1.3-2.8 0.4-0.4 0.9-0.4 0.1 0 0.3 0t0.3 0q0.3 0 0.5 0.1t0.3 0.5q0.1 0.4 0.6 1.6t0.4 1.3q0 0.4-0.6 1t-0.6 0.8q0 0.1 0.1 0.3 0.6 1.3 1.8 2.4 1 0.9 2.7 1.8 0.2 0.1 0.4 0.1 0.3 0 1-0.9t0.9-0.9zM14 26.9q2.3 0 4.3-0.9t3.6-2.4 2.4-3.6 0.9-4.3-0.9-4.3-2.4-3.6-3.6-2.4-4.3-0.9-4.3 0.9-3.6 2.4-2.4 3.6-0.9 4.3q0 3.6 2.1 6.6l-1.4 4.2 4.3-1.4q2.8 1.9 6.2 1.9zM14 2.2q2.7 0 5.2 1.1t4.3 2.9 2.9 4.3 1.1 5.2-1.1 5.2-2.9 4.3-4.3 2.9-5.2 1.1q-3.5 0-6.5-1.7l-7.4 2.4 2.4-7.2q-1.9-3.2-1.9-6.9 0-2.7 1.1-5.2t2.9-4.3 4.3-2.9 5.2-1.1z\"\/><\/svg><\/span><\/a><\/li><\/ul><\/div>","protected":false},"excerpt":{"rendered":"<p>Liebe Aschbacherinnen und Aschbacher, liebe G\u00e4ste, wir freuen uns, euch unsere neu gestaltete Website vorzustellen! Nach intensiver Planung und Arbeit ist es soweit: Aschbach hat nun einen modernen und benutzerfreundlichen Online-Auftritt, der euch \u00fcber alles Wissenswerte rund um unser sch\u00f6nes Dorf informiert. Was ist neu? Neu auf unserer Website: Forum f\u00fcr Austausch und Mitgestaltung! wir&#8230;<\/p>\n<p> <a class=\"continue-reading-link\" href=\"https:\/\/unser-aschbach.de\/staging2025\/2025\/01\/09\/hier-steht-ein-titel\/\"><span>weiterlesen<\/span><i class=\"crycon-right-dir\"><\/i><\/a> <\/p>\n","protected":false},"author":24782,"featured_media":5723,"comment_status":"open","ping_status":"open","sticky":false,"template":"","format":"standard","meta":{"jetpack_post_was_ever_published":false,"_jetpack_newsletter_access":"","_jetpack_dont_email_post_to_subs":false,"_jetpack_newsletter_tier_id":0,"_jetpack_memberships_contains_paywalled_content":false,"_jetpack_memberships_contains_paid_content":false,"footnotes":"","jetpack_publicize_message":"","jetpack_publicize_feature_enabled":true,"jetpack_social_post_already_shared":true,"jetpack_social_options":{"image_generator_settings":{"template":"highway","default_image_id":0,"font":"","enabled":false},"version":2}},"categories":[1],"tags":[],"class_list":["post-5686","post","type-post","status-publish","format-standard","has-post-thumbnail","hentry","category-allgemein"],"jetpack_publicize_connections":[],"jetpack_featured_media_url":"https:\/\/i0.wp.com\/unser-aschbach.de\/staging2025\/wp-content\/uploads\/2025\/01\/screenshot-unser-aschbach.de-2025.01.jpg?fit=1200%2C1200&ssl=1","jetpack_shortlink":"https:\/\/wp.me\/pggZrZ-1tI","jetpack-related-posts":[{"id":4951,"url":"https:\/\/unser-aschbach.de\/staging2025\/2021\/12\/25\/abfuhrkalender-2022-fuer-aschbach\/","url_meta":{"origin":5686,"position":0},"title":"Abfuhrkalender 2022 f\u00fcr Aschbach","author":"Someone","date":"25. Dezember 2021","format":false,"excerpt":"Liebe Mitb\u00fcrgerinnen und Mitb\u00fcrger, unser Abfuhrkalender 2022 des LAZ(Lebacher AbfallZweckverband) liegt an folgenden Stellen\u00a0\u00a0\u00a0 f\u00fcr Sie bereit: Lebach Lebacher Abfallzweckverband, Dillinger Str. Rathaus Lebach Aschbach Tankstelle Hubert Sch\u00f6n Terminal levoBank, Koblenzer Str. Terminal Sparkasse Saarlouis, Koblenzer Str. Metzgerei J\u00fcrgen Bastuck, Koblenzer Str. Friseursalon Helmut Zimmer, Koblenzer Str.\u00a0\u00a0 Ortsvorsteher Josef Nickolai\u2026","rel":"","context":"In &quot;Ortsvorsteher&quot;","block_context":{"text":"Ortsvorsteher","link":"https:\/\/unser-aschbach.de\/staging2025\/category\/der-ort\/ortsvorsteher\/"},"img":{"alt_text":"","src":"https:\/\/i0.wp.com\/unser-aschbach.de\/staging2025\/wp-content\/uploads\/2021\/12\/DSC_1368-scaled.jpg?fit=1200%2C800&ssl=1&resize=350%2C200","width":350,"height":200,"srcset":"https:\/\/i0.wp.com\/unser-aschbach.de\/staging2025\/wp-content\/uploads\/2021\/12\/DSC_1368-scaled.jpg?fit=1200%2C800&ssl=1&resize=350%2C200 1x, https:\/\/i0.wp.com\/unser-aschbach.de\/staging2025\/wp-content\/uploads\/2021\/12\/DSC_1368-scaled.jpg?fit=1200%2C800&ssl=1&resize=525%2C300 1.5x, https:\/\/i0.wp.com\/unser-aschbach.de\/staging2025\/wp-content\/uploads\/2021\/12\/DSC_1368-scaled.jpg?fit=1200%2C800&ssl=1&resize=700%2C400 2x, https:\/\/i0.wp.com\/unser-aschbach.de\/staging2025\/wp-content\/uploads\/2021\/12\/DSC_1368-scaled.jpg?fit=1200%2C800&ssl=1&resize=1050%2C600 3x"},"classes":[]},{"id":4378,"url":"https:\/\/unser-aschbach.de\/staging2025\/2020\/03\/14\/unser-ortsvorsteher-informiert-sorgentelefon\/","url_meta":{"origin":5686,"position":1},"title":"Unser Ortsvorsteher informiert &#8211; Sorgentelefon","author":"Someone","date":"14. M\u00e4rz 2020","format":false,"excerpt":"Liebe Aschbacherinnen und Aschbacher,auf Grund der bestehenden Corona - Situation, bieten wir euch unsere Hilfe an in Form eines Sorgentelefons : Erreichbar t\u00e4glich von 09.00 - 15.00 Uhr .Josef Nickolai Tel. 06881 \/ 88931Herbert Backes Tel. 06881\/ 897570 Bitte flei\u00dfig teilen, und auch Aschbacherinnen und Aschbacher informieren , die nicht\u2026","rel":"","context":"In &quot;Aktionen&quot;","block_context":{"text":"Aktionen","link":"https:\/\/unser-aschbach.de\/staging2025\/category\/der-ort\/aktionen\/"},"img":{"alt_text":"","src":"","width":0,"height":0},"classes":[]},{"id":4958,"url":"https:\/\/unser-aschbach.de\/staging2025\/2021\/12\/25\/grussworte-zu-weihnachten-und-zum-jahreswechsel-2021-22\/","url_meta":{"origin":5686,"position":2},"title":"Gru\u00dfworte zu Weihnachten und zum Jahreswechsel 2021\/22","author":"Someone","date":"25. Dezember 2021","format":false,"excerpt":"Liebe Mitb\u00fcrgerinnen und Mitb\u00fcrger, unsere HOFFNUNG auf Normalit\u00e4t beim Jahreswechsel 2020\/21 hat sich leider nicht erf\u00fcllt; nach einer kurzen sommerlichen Entspannung hat uns die Pandemie wieder voll im Griff. Unser gesamtes Privat-, Berufs-, Vereins- und Kirchenleben ist wiederholt gel\u00e4hmt. Unser sportliches, kulturelles, kirchliches und auch schulisches Leben war Mitte 2021\u2026","rel":"","context":"In &quot;Ortsrat&quot;","block_context":{"text":"Ortsrat","link":"https:\/\/unser-aschbach.de\/staging2025\/category\/ortsrat\/"},"img":{"alt_text":"","src":"","width":0,"height":0},"classes":[]},{"id":5051,"url":"https:\/\/unser-aschbach.de\/staging2025\/2022\/06\/29\/wildvogel-auffangstation-in-aschbach\/","url_meta":{"origin":5686,"position":3},"title":"WILDvogel-Auffangstation in Aschbach","author":"Someone","date":"29. Juni 2022","format":false,"excerpt":"Autoren: Christian Becker und Josef Nickolai \u201eDas ist ja toll!\u201c, \u201eDas haben wir nicht gewusst!\u201c. Erstaunt und sehr positiv ist gegenw\u00e4rtig die Resonanz bei Vogelliebhabern und Naturfreunden hinsichtlich der neuen Wildvogel-Auffangstation in Aschbach. Seit 2022 betreut hier Vogelliebhaber und Vogelz\u00fcchter Christian BECKER eine Auffangstation f\u00fcr beeintr\u00e4chtigte Wildv\u00f6gel. EHRENAMTLICH, aus Liebe\u2026","rel":"","context":"In &quot;Informationen&quot;","block_context":{"text":"Informationen","link":"https:\/\/unser-aschbach.de\/staging2025\/category\/der-ort\/informationen\/"},"img":{"alt_text":"","src":"https:\/\/i0.wp.com\/unser-aschbach.de\/staging2025\/wp-content\/uploads\/2022\/06\/image4-rotated.jpeg?fit=900%2C1200&ssl=1&resize=350%2C200","width":350,"height":200,"srcset":"https:\/\/i0.wp.com\/unser-aschbach.de\/staging2025\/wp-content\/uploads\/2022\/06\/image4-rotated.jpeg?fit=900%2C1200&ssl=1&resize=350%2C200 1x, https:\/\/i0.wp.com\/unser-aschbach.de\/staging2025\/wp-content\/uploads\/2022\/06\/image4-rotated.jpeg?fit=900%2C1200&ssl=1&resize=525%2C300 1.5x, https:\/\/i0.wp.com\/unser-aschbach.de\/staging2025\/wp-content\/uploads\/2022\/06\/image4-rotated.jpeg?fit=900%2C1200&ssl=1&resize=700%2C400 2x"},"classes":[]},{"id":4494,"url":"https:\/\/unser-aschbach.de\/staging2025\/2020\/07\/10\/unser-ortsvorsteher-informiert-aschbacher-bluehflaechenwanderung\/","url_meta":{"origin":5686,"position":4},"title":"Unser Ortsvorsteher informiert &#8211; Aschbacher Bl\u00fchfl\u00e4chenwanderung","author":"Someone","date":"10. Juli 2020","format":false,"excerpt":"Liebe Naturfreunde, am SONNTAG, 12.07.2020 f\u00fchren wir, das sind Bernd Schirra (Eigent\u00fcmer bzw. P\u00e4chter der Fl\u00e4chen), Willi Gajowski (Jagdp\u00e4chter und Naturschutzbeauftragter) und ich eine Wanderung zu den Aschbacher Bl\u00fchfl\u00e4chen ca. 4 1\/2 ha \"Auf Oehlingen\" und \"Oehlinger Kopp\" durch. Die Bl\u00fchfl\u00e4chen sind ein Projekt (Artenreiche Kulturlandschaft Saarlouis)\u00a0der Kreisj\u00e4gerschaft Saarlouis mit\u2026","rel":"","context":"In &quot;Aktionen&quot;","block_context":{"text":"Aktionen","link":"https:\/\/unser-aschbach.de\/staging2025\/category\/der-ort\/aktionen\/"},"img":{"alt_text":"","src":"https:\/\/i0.wp.com\/unser-aschbach.de\/staging2025\/wp-content\/uploads\/2020\/07\/DSC_1751-scaled.jpg?fit=1200%2C800&ssl=1&resize=350%2C200","width":350,"height":200,"srcset":"https:\/\/i0.wp.com\/unser-aschbach.de\/staging2025\/wp-content\/uploads\/2020\/07\/DSC_1751-scaled.jpg?fit=1200%2C800&ssl=1&resize=350%2C200 1x, https:\/\/i0.wp.com\/unser-aschbach.de\/staging2025\/wp-content\/uploads\/2020\/07\/DSC_1751-scaled.jpg?fit=1200%2C800&ssl=1&resize=525%2C300 1.5x, https:\/\/i0.wp.com\/unser-aschbach.de\/staging2025\/wp-content\/uploads\/2020\/07\/DSC_1751-scaled.jpg?fit=1200%2C800&ssl=1&resize=700%2C400 2x, https:\/\/i0.wp.com\/unser-aschbach.de\/staging2025\/wp-content\/uploads\/2020\/07\/DSC_1751-scaled.jpg?fit=1200%2C800&ssl=1&resize=1050%2C600 3x"},"classes":[]}],"jetpack_sharing_enabled":true,"_links":{"self":[{"href":"https:\/\/unser-aschbach.de\/staging2025\/wp-json\/wp\/v2\/posts\/5686","targetHints":{"allow":["GET"]}}],"collection":[{"href":"https:\/\/unser-aschbach.de\/staging2025\/wp-json\/wp\/v2\/posts"}],"about":[{"href":"https:\/\/unser-aschbach.de\/staging2025\/wp-json\/wp\/v2\/types\/post"}],"author":[{"embeddable":true,"href":"https:\/\/unser-aschbach.de\/staging2025\/wp-json\/wp\/v2\/users\/24782"}],"replies":[{"embeddable":true,"href":"https:\/\/unser-aschbach.de\/staging2025\/wp-json\/wp\/v2\/comments?post=5686"}],"version-history":[{"count":5,"href":"https:\/\/unser-aschbach.de\/staging2025\/wp-json\/wp\/v2\/posts\/5686\/revisions"}],"predecessor-version":[{"id":5729,"href":"https:\/\/unser-aschbach.de\/staging2025\/wp-json\/wp\/v2\/posts\/5686\/revisions\/5729"}],"wp:featuredmedia":[{"embeddable":true,"href":"https:\/\/unser-aschbach.de\/staging2025\/wp-json\/wp\/v2\/media\/5723"}],"wp:attachment":[{"href":"https:\/\/unser-aschbach.de\/staging2025\/wp-json\/wp\/v2\/media?parent=5686"}],"wp:term":[{"taxonomy":"category","embeddable":true,"href":"https:\/\/unser-aschbach.de\/staging2025\/wp-json\/wp\/v2\/categories?post=5686"},{"taxonomy":"post_tag","embeddable":true,"href":"https:\/\/unser-aschbach.de\/staging2025\/wp-json\/wp\/v2\/tags?post=5686"}],"curies":[{"name":"wp","href":"https:\/\/api.w.org\/{rel}","templated":true}]}}