{"id":5435,"date":"2024-01-31T21:13:38","date_gmt":"2024-01-31T20:13:38","guid":{"rendered":"https:\/\/unser-aschbach.de\/staging2025\/?p=5435"},"modified":"2024-01-31T21:13:40","modified_gmt":"2024-01-31T20:13:40","slug":"aschbacher-narrenhof-mit-tag-der-offenen-tuer","status":"publish","type":"post","link":"https:\/\/unser-aschbach.de\/staging2025\/2024\/01\/31\/aschbacher-narrenhof-mit-tag-der-offenen-tuer\/","title":{"rendered":"ASCHBACHER NARRENHOF mit TAG DER OFFENEN T\u00dcR"},"content":{"rendered":"\n<p><strong>Autor: Josef Nickolai<\/strong><\/p>\n\n\n\n<p class=\"has-drop-cap has-pale-pink-background-color has-background\">Zweimal hatten die <strong>Aschbacher Narrek\u00e4pp<\/strong> zum Tag der offenen T\u00fcr auf ihren Narrenhof geladen <strong>und zweimal war der toll-gemalte Narrenhof (Petra Klein) bis zum letzten Platz gebucht, sprich, die beiden Kappensitzungen<\/strong> <strong>in der Mehrzweckhalle (MZW)<\/strong> <strong>waren total ausverkauft!<\/strong><\/p>\n\n\n\n<p>Mit einem kreativ-abwechslungsreichen&nbsp; Programm begeisterte<\/p>\n\n\n\n<ul class=\"wp-block-list\">\n<li>das junge und reife Narren-Team mit originellen, spa\u00dfigen B\u00fcttenbeitr\u00e4gen,<\/li>\n\n\n\n<li>das Funkenmariechen mit einem flotten Tanz, <\/li>\n\n\n\n<li>die Tanzformationen mit sehr sch\u00f6nen Darbietungen und<\/li>\n\n\n\n<li>die Musikbands \u201eDie Gipfelst\u00fcrmer\u201c bzw. \u201eParty Sound\u201c<\/li>\n<\/ul>\n\n\n\n<!--more-->\n\n\n\n<p>mit Stimmungsmusik die einheimischen und angereisten G\u00e4ste; mittlerweile sind die <strong>Aschbacher Narrek\u00e4pp landesweit<\/strong> <strong>ein<\/strong>e <strong>anerkannte Narrenhochbur<\/strong>g im Saarland: So beehrten den Narrenhof u.a. das <strong>Saarl\u00e4ndische Prinzenpaar des Jahres: Feldmarschall Nico I und ihre<\/strong> <strong>Lieblichkeit Nadine II (Faasendrebellen)<\/strong>, Abordnungen der KG Blau-Wei\u00df Steinbach, die Bollen H\u00fclzweiler, die Faasendrebellen Saarlouis-Steinrausch, die P\u00e4hter Dickk\u00e4pp, Mir senn do Merchweiler. Hilaritas Holz, KKV Dirmingen, die Eppelbooze Eppelborn,, die KKJA&nbsp; Schmelz und der CVL Lebach, sowie zahreiche Vertreter des VSK-Pr\u00e4sidiums und der begeisterte Saarlouiser Landrat Patrick Lauer.<\/p>\n\n\n\n<p>Mit vielen <strong>Graaaaa-naten!!!, Reeenate!!!<\/strong> und <strong>Alleeeh Hopp!!!<\/strong> des Elferrates und des n\u00e4rrischen Publikums lie\u00df das Moderatorenpaar Katja und Markus die tollen B\u00fcttenbeitr\u00e4ge und Tanzdarbietungen der kleinen und gro\u00dfen T\u00e4nzerinnen\/T\u00e4nzer hochleben.<\/p>\n\n\n\n<p><strong>Am Samstag, 03.02.24 &nbsp;\u00f6ffnet der NARRENHOF nochmals seine T\u00fcren f\u00fcr die kleinen G\u00e4ste zur KINDERFAASEND! Die kleinen G\u00e4ste werden bestimmt ihre Freude haben an dem sch\u00f6n-gemalten, n\u00e4rrischen Bauernhof mit seinen vielen lustigen Tieren und nat\u00fcrlich an den T\u00e4nzen und B\u00fcttenreden.<\/strong><\/p>\n\n\n\n<p><strong>!!! Das war TOPP liebe Narrek\u00e4pp !!! Das Echo bei den G\u00e4sten und unseren Einheimischen war \u00fcberw\u00e4ltigend und voll des Lobes f\u00fcr ein vierst\u00fcndiges, abwechslungsreiches, begeisterndes, n\u00e4rrisches Programm mit viel spa\u00dfigem Lokalcolorit!!!<\/strong><\/p>\n\n\n\n<p><strong>Unser DREIGESTIRN an der Spitze hat zweifellos eine tolle, kreative, total-engagierte, begeisterungsf\u00e4hige Truppe von N\u00e4rrinnen und Narren hinter sich!!! GRAAAAAANATE!!!<\/strong><\/p>\n\n\n\n<figure class=\"wp-block-gallery has-nested-images columns-default is-cropped wp-block-gallery-1 is-layout-flex wp-block-gallery-is-layout-flex\">\n<figure class=\"wp-block-image size-medium is-style-default\"><img data-recalc-dims=\"1\" decoding=\"async\" width=\"300\" height=\"266\" data-attachment-id=\"5437\" data-permalink=\"https:\/\/unser-aschbach.de\/staging2025\/2024\/01\/31\/aschbacher-narrenhof-mit-tag-der-offenen-tuer\/dsc_0174\/\" data-orig-file=\"https:\/\/i0.wp.com\/unser-aschbach.de\/staging2025\/wp-content\/uploads\/2024\/01\/DSC_0174-scaled.jpg?fit=1200%2C1063&amp;ssl=1\" data-orig-size=\"1200,1063\" data-comments-opened=\"1\" data-image-meta=\"{&quot;aperture&quot;:&quot;3.8&quot;,&quot;credit&quot;:&quot;&quot;,&quot;camera&quot;:&quot;NIKON D5300&quot;,&quot;caption&quot;:&quot;&quot;,&quot;created_timestamp&quot;:&quot;1706306299&quot;,&quot;copyright&quot;:&quot;&quot;,&quot;focal_length&quot;:&quot;22&quot;,&quot;iso&quot;:&quot;800&quot;,&quot;shutter_speed&quot;:&quot;0.0333333333333&quot;,&quot;title&quot;:&quot;&quot;,&quot;orientation&quot;:&quot;0&quot;}\" data-image-title=\"DSC_0174\" data-image-description=\"\" data-image-caption=\"\" data-medium-file=\"https:\/\/i0.wp.com\/unser-aschbach.de\/staging2025\/wp-content\/uploads\/2024\/01\/DSC_0174-scaled.jpg?fit=300%2C266&amp;ssl=1\" data-large-file=\"https:\/\/i0.wp.com\/unser-aschbach.de\/staging2025\/wp-content\/uploads\/2024\/01\/DSC_0174-scaled.jpg?fit=900%2C797&amp;ssl=1\" data-id=\"5437\" src=\"https:\/\/i0.wp.com\/unser-aschbach.de\/staging2025\/wp-content\/uploads\/2024\/01\/DSC_0174.jpg?resize=300%2C266&#038;ssl=1\" alt=\"\" class=\"wp-image-5437\" srcset=\"https:\/\/i0.wp.com\/unser-aschbach.de\/staging2025\/wp-content\/uploads\/2024\/01\/DSC_0174-scaled.jpg?resize=300%2C266&amp;ssl=1 300w, https:\/\/i0.wp.com\/unser-aschbach.de\/staging2025\/wp-content\/uploads\/2024\/01\/DSC_0174-scaled.jpg?resize=1024%2C907&amp;ssl=1 1024w, https:\/\/i0.wp.com\/unser-aschbach.de\/staging2025\/wp-content\/uploads\/2024\/01\/DSC_0174-scaled.jpg?resize=768%2C680&amp;ssl=1 768w, https:\/\/i0.wp.com\/unser-aschbach.de\/staging2025\/wp-content\/uploads\/2024\/01\/DSC_0174-scaled.jpg?resize=1536%2C1360&amp;ssl=1 1536w, https:\/\/i0.wp.com\/unser-aschbach.de\/staging2025\/wp-content\/uploads\/2024\/01\/DSC_0174-scaled.jpg?resize=2048%2C1814&amp;ssl=1 2048w, https:\/\/i0.wp.com\/unser-aschbach.de\/staging2025\/wp-content\/uploads\/2024\/01\/DSC_0174-scaled.jpg?w=1200&amp;ssl=1 1200w\" sizes=\"(max-width: 300px) 100vw, 300px\" \/><\/figure>\n\n\n\n<figure class=\"wp-block-image size-large is-style-default\"><img data-recalc-dims=\"1\" decoding=\"async\" width=\"900\" height=\"396\" data-attachment-id=\"5436\" data-permalink=\"https:\/\/unser-aschbach.de\/staging2025\/2024\/01\/31\/aschbacher-narrenhof-mit-tag-der-offenen-tuer\/dsc_1014\/\" data-orig-file=\"https:\/\/i0.wp.com\/unser-aschbach.de\/staging2025\/wp-content\/uploads\/2024\/01\/DSC_1014-scaled.jpg?fit=1200%2C529&amp;ssl=1\" data-orig-size=\"1200,529\" data-comments-opened=\"1\" data-image-meta=\"{&quot;aperture&quot;:&quot;3.5&quot;,&quot;credit&quot;:&quot;&quot;,&quot;camera&quot;:&quot;NIKON D5300&quot;,&quot;caption&quot;:&quot;&quot;,&quot;created_timestamp&quot;:&quot;1706407945&quot;,&quot;copyright&quot;:&quot;&quot;,&quot;focal_length&quot;:&quot;18&quot;,&quot;iso&quot;:&quot;1100&quot;,&quot;shutter_speed&quot;:&quot;0.0166666666667&quot;,&quot;title&quot;:&quot;&quot;,&quot;orientation&quot;:&quot;0&quot;}\" data-image-title=\"DSC_1014\" data-image-description=\"\" data-image-caption=\"\" data-medium-file=\"https:\/\/i0.wp.com\/unser-aschbach.de\/staging2025\/wp-content\/uploads\/2024\/01\/DSC_1014-scaled.jpg?fit=300%2C132&amp;ssl=1\" data-large-file=\"https:\/\/i0.wp.com\/unser-aschbach.de\/staging2025\/wp-content\/uploads\/2024\/01\/DSC_1014-scaled.jpg?fit=900%2C396&amp;ssl=1\" data-id=\"5436\" src=\"https:\/\/i0.wp.com\/unser-aschbach.de\/staging2025\/wp-content\/uploads\/2024\/01\/DSC_1014.jpg?resize=900%2C396&#038;ssl=1\" alt=\"\" class=\"wp-image-5436\" srcset=\"https:\/\/i0.wp.com\/unser-aschbach.de\/staging2025\/wp-content\/uploads\/2024\/01\/DSC_1014-scaled.jpg?resize=1024%2C451&amp;ssl=1 1024w, https:\/\/i0.wp.com\/unser-aschbach.de\/staging2025\/wp-content\/uploads\/2024\/01\/DSC_1014-scaled.jpg?resize=300%2C132&amp;ssl=1 300w, https:\/\/i0.wp.com\/unser-aschbach.de\/staging2025\/wp-content\/uploads\/2024\/01\/DSC_1014-scaled.jpg?resize=768%2C338&amp;ssl=1 768w, https:\/\/i0.wp.com\/unser-aschbach.de\/staging2025\/wp-content\/uploads\/2024\/01\/DSC_1014-scaled.jpg?resize=1536%2C677&amp;ssl=1 1536w, https:\/\/i0.wp.com\/unser-aschbach.de\/staging2025\/wp-content\/uploads\/2024\/01\/DSC_1014-scaled.jpg?resize=2048%2C902&amp;ssl=1 2048w, https:\/\/i0.wp.com\/unser-aschbach.de\/staging2025\/wp-content\/uploads\/2024\/01\/DSC_1014-scaled.jpg?w=1200&amp;ssl=1 1200w\" sizes=\"(max-width: 900px) 100vw, 900px\" \/><\/figure>\n<\/figure>\n<div class=\"shariff shariff-align-flex-start shariff-widget-align-flex-start\"><ul class=\"shariff-buttons theme-round orientation-horizontal buttonsize-medium\"><li class=\"shariff-button mailto shariff-nocustomcolor\" style=\"background-color:#a8a8a8\"><a href=\"mailto:?body=https%3A%2F%2Funser-aschbach.de%2Fstaging2025%2F2024%2F01%2F31%2Faschbacher-narrenhof-mit-tag-der-offenen-tuer%2F&subject=ASCHBACHER%20NARRENHOF%20mit%20TAG%20DER%20OFFENEN%20T%C3%9CR\" title=\"Per E-Mail versenden\" aria-label=\"Per E-Mail versenden\" role=\"button\" rel=\"noopener nofollow\" class=\"shariff-link\" style=\"; background-color:#999; color:#fff\"><span class=\"shariff-icon\" style=\"\"><svg width=\"32px\" height=\"20px\" xmlns=\"http:\/\/www.w3.org\/2000\/svg\" viewBox=\"0 0 32 32\"><path fill=\"#999\" d=\"M32 12.7v14.2q0 1.2-0.8 2t-2 0.9h-26.3q-1.2 0-2-0.9t-0.8-2v-14.2q0.8 0.9 1.8 1.6 6.5 4.4 8.9 6.1 1 0.8 1.6 1.2t1.7 0.9 2 0.4h0.1q0.9 0 2-0.4t1.7-0.9 1.6-1.2q3-2.2 8.9-6.1 1-0.7 1.8-1.6zM32 7.4q0 1.4-0.9 2.7t-2.2 2.2q-6.7 4.7-8.4 5.8-0.2 0.1-0.7 0.5t-1 0.7-0.9 0.6-1.1 0.5-0.9 0.2h-0.1q-0.4 0-0.9-0.2t-1.1-0.5-0.9-0.6-1-0.7-0.7-0.5q-1.6-1.1-4.7-3.2t-3.6-2.6q-1.1-0.7-2.1-2t-1-2.5q0-1.4 0.7-2.3t2.1-0.9h26.3q1.2 0 2 0.8t0.9 2z\"\/><\/svg><\/span><\/a><\/li><li class=\"shariff-button facebook shariff-nocustomcolor\" style=\"background-color:#4273c8\"><a href=\"https:\/\/www.facebook.com\/sharer\/sharer.php?u=https%3A%2F%2Funser-aschbach.de%2Fstaging2025%2F2024%2F01%2F31%2Faschbacher-narrenhof-mit-tag-der-offenen-tuer%2F\" title=\"Bei Facebook teilen\" aria-label=\"Bei Facebook teilen\" role=\"button\" rel=\"nofollow\" class=\"shariff-link\" style=\"; background-color:#3b5998; color:#fff\" target=\"_blank\"><span class=\"shariff-icon\" style=\"\"><svg width=\"32px\" height=\"20px\" xmlns=\"http:\/\/www.w3.org\/2000\/svg\" viewBox=\"0 0 18 32\"><path fill=\"#3b5998\" d=\"M17.1 0.2v4.7h-2.8q-1.5 0-2.1 0.6t-0.5 1.9v3.4h5.2l-0.7 5.3h-4.5v13.6h-5.5v-13.6h-4.5v-5.3h4.5v-3.9q0-3.3 1.9-5.2t5-1.8q2.6 0 4.1 0.2z\"\/><\/svg><\/span><\/a><\/li><li class=\"shariff-button whatsapp shariff-nocustomcolor\" style=\"background-color:#5cbe4a\"><a href=\"https:\/\/api.whatsapp.com\/send?text=https%3A%2F%2Funser-aschbach.de%2Fstaging2025%2F2024%2F01%2F31%2Faschbacher-narrenhof-mit-tag-der-offenen-tuer%2F%20ASCHBACHER%20NARRENHOF%20mit%20TAG%20DER%20OFFENEN%20T%C3%9CR\" title=\"Bei Whatsapp teilen\" aria-label=\"Bei Whatsapp teilen\" role=\"button\" rel=\"noopener nofollow\" class=\"shariff-link\" style=\"; background-color:#34af23; color:#fff\" target=\"_blank\"><span class=\"shariff-icon\" style=\"\"><svg width=\"32px\" height=\"20px\" xmlns=\"http:\/\/www.w3.org\/2000\/svg\" viewBox=\"0 0 32 32\"><path fill=\"#34af23\" d=\"M17.6 17.4q0.2 0 1.7 0.8t1.6 0.9q0 0.1 0 0.3 0 0.6-0.3 1.4-0.3 0.7-1.3 1.2t-1.8 0.5q-1 0-3.4-1.1-1.7-0.8-3-2.1t-2.6-3.3q-1.3-1.9-1.3-3.5v-0.1q0.1-1.6 1.3-2.8 0.4-0.4 0.9-0.4 0.1 0 0.3 0t0.3 0q0.3 0 0.5 0.1t0.3 0.5q0.1 0.4 0.6 1.6t0.4 1.3q0 0.4-0.6 1t-0.6 0.8q0 0.1 0.1 0.3 0.6 1.3 1.8 2.4 1 0.9 2.7 1.8 0.2 0.1 0.4 0.1 0.3 0 1-0.9t0.9-0.9zM14 26.9q2.3 0 4.3-0.9t3.6-2.4 2.4-3.6 0.9-4.3-0.9-4.3-2.4-3.6-3.6-2.4-4.3-0.9-4.3 0.9-3.6 2.4-2.4 3.6-0.9 4.3q0 3.6 2.1 6.6l-1.4 4.2 4.3-1.4q2.8 1.9 6.2 1.9zM14 2.2q2.7 0 5.2 1.1t4.3 2.9 2.9 4.3 1.1 5.2-1.1 5.2-2.9 4.3-4.3 2.9-5.2 1.1q-3.5 0-6.5-1.7l-7.4 2.4 2.4-7.2q-1.9-3.2-1.9-6.9 0-2.7 1.1-5.2t2.9-4.3 4.3-2.9 5.2-1.1z\"\/><\/svg><\/span><\/a><\/li><\/ul><\/div>","protected":false},"excerpt":{"rendered":"<p>Autor: Josef Nickolai Zweimal hatten die Aschbacher Narrek\u00e4pp zum Tag der offenen T\u00fcr auf ihren Narrenhof geladen und zweimal war der toll-gemalte Narrenhof (Petra Klein) bis zum letzten Platz gebucht, sprich, die beiden Kappensitzungen in der Mehrzweckhalle (MZW) waren total ausverkauft! Mit einem kreativ-abwechslungsreichen&nbsp; Programm begeisterte<\/p>\n<p> <a class=\"continue-reading-link\" href=\"https:\/\/unser-aschbach.de\/staging2025\/2024\/01\/31\/aschbacher-narrenhof-mit-tag-der-offenen-tuer\/\"><span>weiterlesen<\/span><i class=\"crycon-right-dir\"><\/i><\/a> <\/p>\n","protected":false},"author":1,"featured_media":5436,"comment_status":"open","ping_status":"open","sticky":false,"template":"","format":"standard","meta":{"jetpack_post_was_ever_published":false,"_jetpack_newsletter_access":"","_jetpack_dont_email_post_to_subs":false,"_jetpack_newsletter_tier_id":0,"_jetpack_memberships_contains_paywalled_content":false,"_jetpack_memberships_contains_paid_content":false,"footnotes":"","jetpack_publicize_message":"","jetpack_publicize_feature_enabled":true,"jetpack_social_post_already_shared":true,"jetpack_social_options":{"image_generator_settings":{"template":"highway","default_image_id":0,"font":"","enabled":false},"version":2}},"categories":[15,121,35],"tags":[],"class_list":["post-5435","post","type-post","status-publish","format-standard","has-post-thumbnail","hentry","category-aktionen","category-aschbacher-narrekaepp","category-veranstaltungen"],"jetpack_publicize_connections":[],"jetpack_featured_media_url":"https:\/\/i0.wp.com\/unser-aschbach.de\/staging2025\/wp-content\/uploads\/2024\/01\/DSC_1014-scaled.jpg?fit=1200%2C529&ssl=1","jetpack_shortlink":"https:\/\/wp.me\/pggZrZ-1pF","jetpack-related-posts":[{"id":5440,"url":"https:\/\/unser-aschbach.de\/staging2025\/2024\/02\/07\/naerrische-kinderfaasend-auf-dem-narrenhof\/","url_meta":{"origin":5435,"position":0},"title":"N\u00e4rrische Kinderfaasend auf dem Narrenhof","author":"Someone","date":"7. Februar 2024","format":false,"excerpt":"Autor: Josef Nickolai Am dritten \u201eTag der offenen T\u00fcr\u201c auf dem Narrenhof gab\u00b4s keine freien Pl\u00e4tze mehr in der Mehrzweckhalle (MZH). Kleine, gro\u00dfe, junge, reife und vor allem bunt-verkleidete N\u00e4rrinnen und Narren fluteten die Kinderfaasend auf dem tierreichen Bauernhof der Narrek\u00e4pp.\u00a0\u00a0\u00a0\u00a0\u00a0\u00a0\u00a0\u00a0\u00a0\u00a0\u00a0\u00a0\u00a0\u00a0\u00a0\u00a0\u00a0\u00a0\u00a0\u00a0\u00a0\u00a0\u00a0\u00a0\u00a0\u00a0\u00a0\u00a0\u00a0\u00a0\u00a0\u00a0\u00a0\u00a0\u00a0\u00a0\u00a0\u00a0\u00a0\u00a0\u00a0\u00a0\u00a0\u00a0\u00a0\u00a0\u00a0\u00a0\u00a0\u00a0\u00a0\u00a0\u00a0\u00a0\u00a0\u00a0\u00a0\u00a0\u00a0\u00a0\u00a0\u00a0\u00a0\u00a0\u00a0\u00a0\u00a0\u00a0\u00a0\u00a0\u00a0\u00a0\u00a0\u00a0\u00a0\u00a0\u00a0\u00a0\u00a0\u00a0\u00a0\u00a0\u00a0\u00a0\u00a0\u00a0\u00a0\u00a0\u00a0\u00a0\u00a0\u00a0\u00a0\u00a0\u00a0\u00a0\u00a0\u00a0\u00a0 Hier, unter der Regie von Jonas Schmidt, moderierten Leni\u2026","rel":"","context":"In &quot;Aktionen&quot;","block_context":{"text":"Aktionen","link":"https:\/\/unser-aschbach.de\/staging2025\/category\/der-ort\/aktionen\/"},"img":{"alt_text":"","src":"https:\/\/i0.wp.com\/unser-aschbach.de\/staging2025\/wp-content\/uploads\/2024\/02\/DSC_3407-scaled.jpg?fit=1200%2C800&ssl=1&resize=350%2C200","width":350,"height":200,"srcset":"https:\/\/i0.wp.com\/unser-aschbach.de\/staging2025\/wp-content\/uploads\/2024\/02\/DSC_3407-scaled.jpg?fit=1200%2C800&ssl=1&resize=350%2C200 1x, https:\/\/i0.wp.com\/unser-aschbach.de\/staging2025\/wp-content\/uploads\/2024\/02\/DSC_3407-scaled.jpg?fit=1200%2C800&ssl=1&resize=525%2C300 1.5x, https:\/\/i0.wp.com\/unser-aschbach.de\/staging2025\/wp-content\/uploads\/2024\/02\/DSC_3407-scaled.jpg?fit=1200%2C800&ssl=1&resize=700%2C400 2x, https:\/\/i0.wp.com\/unser-aschbach.de\/staging2025\/wp-content\/uploads\/2024\/02\/DSC_3407-scaled.jpg?fit=1200%2C800&ssl=1&resize=1050%2C600 3x"},"classes":[]},{"id":5234,"url":"https:\/\/unser-aschbach.de\/staging2025\/2023\/02\/07\/lebendiger-lustiger-aschbacher-dschungel\/","url_meta":{"origin":5435,"position":1},"title":"Lebendiger, lustiger Aschbacher Dschungel!","author":"Someone","date":"7. Februar 2023","format":false,"excerpt":"Autor: Josef Nickolai Zwei Tage liefen die Aschbacher Narrek\u00e4pp auf Hochtouren und verwandelten die gr\u00fcne Dschungel-Arena in der Mehrzweckhalle in ein n\u00e4rrisches Tollhaus. P\u00fcnktlich um 20.11 Uhr begr\u00fc\u00dfte das \u201ePr\u00e4sidiale Drei-Gestirn\u201c Stefan Schr\u00f6der, Sandra-Anna Stark und Simon M\u00fcller freitags die Dschungel-G\u00e4ste zur 1. Dschungel-F\u00fchrung. Zur 1. Kappensitzung fanden B\u00fcrgermeister Klauspeter\u2026","rel":"","context":"In &quot;Aschbacher Narrek\u00e4pp&quot;","block_context":{"text":"Aschbacher Narrek\u00e4pp","link":"https:\/\/unser-aschbach.de\/staging2025\/category\/vereine\/aschbacher-narrekaepp\/"},"img":{"alt_text":"","src":"https:\/\/i0.wp.com\/unser-aschbach.de\/staging2025\/wp-content\/uploads\/2023\/02\/DSC_1948-scaled.jpg?fit=1200%2C800&ssl=1&resize=350%2C200","width":350,"height":200,"srcset":"https:\/\/i0.wp.com\/unser-aschbach.de\/staging2025\/wp-content\/uploads\/2023\/02\/DSC_1948-scaled.jpg?fit=1200%2C800&ssl=1&resize=350%2C200 1x, https:\/\/i0.wp.com\/unser-aschbach.de\/staging2025\/wp-content\/uploads\/2023\/02\/DSC_1948-scaled.jpg?fit=1200%2C800&ssl=1&resize=525%2C300 1.5x, https:\/\/i0.wp.com\/unser-aschbach.de\/staging2025\/wp-content\/uploads\/2023\/02\/DSC_1948-scaled.jpg?fit=1200%2C800&ssl=1&resize=700%2C400 2x, https:\/\/i0.wp.com\/unser-aschbach.de\/staging2025\/wp-content\/uploads\/2023\/02\/DSC_1948-scaled.jpg?fit=1200%2C800&ssl=1&resize=1050%2C600 3x"},"classes":[]},{"id":4326,"url":"https:\/\/unser-aschbach.de\/staging2025\/2020\/02\/12\/unser-_ortsvorsteher-informiert-zweimal-begeistertes-full-house-fuer-flower-power-der-aschbacher-narrekaepp\/","url_meta":{"origin":5435,"position":2},"title":"Unser Ortsvorsteher informiert &#8211;  Zweimal begeistertes \u201eFull House\u201c f\u00fcr \u201eFLOWER POWER\u201c der Aschbacher Narrek\u00e4pp","author":"Someone","date":"12. Februar 2020","format":false,"excerpt":"Eins steht fest!: Die Aschbacher Narrek\u00e4pp verstehen es, ihr Publikum begeistert auf die Reise in die f\u00fcnfte Jahreszeit mitzunehmen. Bunt und blumig hatten Erwin Schr\u00f6der, Herbert Backes und Petra Klein die B\u00fchne in der Mehrzweckhalle dem Motto entsprechend f\u00fcr die Narrenschar dekoriert. N\u00e4rrisch p\u00fcnktlich um 20.11 Uhr (samstags um 19.11\u2026","rel":"","context":"In &quot;Allgemein&quot;","block_context":{"text":"Allgemein","link":"https:\/\/unser-aschbach.de\/staging2025\/category\/allgemein\/"},"img":{"alt_text":"","src":"https:\/\/i0.wp.com\/unser-aschbach.de\/staging2025\/wp-content\/uploads\/2020\/02\/IMG_4186_M.jpg?fit=1200%2C800&ssl=1&resize=350%2C200","width":350,"height":200,"srcset":"https:\/\/i0.wp.com\/unser-aschbach.de\/staging2025\/wp-content\/uploads\/2020\/02\/IMG_4186_M.jpg?fit=1200%2C800&ssl=1&resize=350%2C200 1x, https:\/\/i0.wp.com\/unser-aschbach.de\/staging2025\/wp-content\/uploads\/2020\/02\/IMG_4186_M.jpg?fit=1200%2C800&ssl=1&resize=525%2C300 1.5x, https:\/\/i0.wp.com\/unser-aschbach.de\/staging2025\/wp-content\/uploads\/2020\/02\/IMG_4186_M.jpg?fit=1200%2C800&ssl=1&resize=700%2C400 2x, https:\/\/i0.wp.com\/unser-aschbach.de\/staging2025\/wp-content\/uploads\/2020\/02\/IMG_4186_M.jpg?fit=1200%2C800&ssl=1&resize=1050%2C600 3x"},"classes":[]},{"id":4310,"url":"https:\/\/unser-aschbach.de\/staging2025\/2020\/02\/12\/vereinsportrait-aschbacher-narrekaepp\/","url_meta":{"origin":5435,"position":3},"title":"Vereinsportrait Aschbacher Narrek\u00e4pp","author":"Someone","date":"12. Februar 2020","format":false,"excerpt":"Alleh hopp, die Aschbacher Narrek\u00e4pp stehn Kopp 2013 gilt als Geburtstunde der \u201eAschbacher Narrek\u00e4pp\u201c: Vorg\u00e4nger des jungen Vereins in der f\u00fcnften Jahreszeit waren die Kath. Frauengemeinschaft (Anfang der 1960er Jahre bis 2002) unddie Interessengemeinschaft Aschbacher Faasend (2002-2013). Gegenw\u00e4rtig f\u00fchrt ein \u201eDreigestirn\u201c -Stefan Schr\u00f6der, Sandra-Anna Stark und Florian B\u00fcchel- die kreativen,\u2026","rel":"","context":"In &quot;Vereine&quot;","block_context":{"text":"Vereine","link":"https:\/\/unser-aschbach.de\/staging2025\/category\/vereine\/"},"img":{"alt_text":"","src":"https:\/\/i0.wp.com\/unser-aschbach.de\/staging2025\/wp-content\/uploads\/2020\/02\/DSC_08801-scaled.jpg?fit=1200%2C800&ssl=1&resize=350%2C200","width":350,"height":200,"srcset":"https:\/\/i0.wp.com\/unser-aschbach.de\/staging2025\/wp-content\/uploads\/2020\/02\/DSC_08801-scaled.jpg?fit=1200%2C800&ssl=1&resize=350%2C200 1x, https:\/\/i0.wp.com\/unser-aschbach.de\/staging2025\/wp-content\/uploads\/2020\/02\/DSC_08801-scaled.jpg?fit=1200%2C800&ssl=1&resize=525%2C300 1.5x, https:\/\/i0.wp.com\/unser-aschbach.de\/staging2025\/wp-content\/uploads\/2020\/02\/DSC_08801-scaled.jpg?fit=1200%2C800&ssl=1&resize=700%2C400 2x, https:\/\/i0.wp.com\/unser-aschbach.de\/staging2025\/wp-content\/uploads\/2020\/02\/DSC_08801-scaled.jpg?fit=1200%2C800&ssl=1&resize=1050%2C600 3x"},"classes":[]},{"id":5241,"url":"https:\/\/unser-aschbach.de\/staging2025\/2023\/02\/14\/begeisterte-frohe-kleine-dschungelbesucher\/","url_meta":{"origin":5435,"position":4},"title":"Begeisterte, frohe, kleine Dschungelbesucher","author":"Someone","date":"14. Februar 2023","format":false,"excerpt":"Autor: Josef Nickolai Am 3. Dschungeltag, der Kinderfaasend, str\u00f6mten ganz viele, erwartungsvolle, kleine N\u00e4rrinnen und Narren in Begleitung ihrer Mamas, Papas, Omas und Opas in die Aschbacher Dschungelwelt. Das pr\u00e4sidiale Narrenk\u00e4pp-Duo Stefan Schr\u00f6der und Sandra-Anna Stark begr\u00fc\u00dfte um 16.11 Uhr zahlreiche \u00c4ffchen, bunte V\u00f6gel, Raubkatzen, Schildkr\u00f6ten, Prinzessinnen, Cowboys, Feuerwehrm\u00e4nner und\u2026","rel":"","context":"In &quot;Aktionen&quot;","block_context":{"text":"Aktionen","link":"https:\/\/unser-aschbach.de\/staging2025\/category\/der-ort\/aktionen\/"},"img":{"alt_text":"","src":"https:\/\/i0.wp.com\/unser-aschbach.de\/staging2025\/wp-content\/uploads\/2023\/02\/DSC_2112-scaled.jpg?fit=1200%2C800&ssl=1&resize=350%2C200","width":350,"height":200,"srcset":"https:\/\/i0.wp.com\/unser-aschbach.de\/staging2025\/wp-content\/uploads\/2023\/02\/DSC_2112-scaled.jpg?fit=1200%2C800&ssl=1&resize=350%2C200 1x, https:\/\/i0.wp.com\/unser-aschbach.de\/staging2025\/wp-content\/uploads\/2023\/02\/DSC_2112-scaled.jpg?fit=1200%2C800&ssl=1&resize=525%2C300 1.5x, https:\/\/i0.wp.com\/unser-aschbach.de\/staging2025\/wp-content\/uploads\/2023\/02\/DSC_2112-scaled.jpg?fit=1200%2C800&ssl=1&resize=700%2C400 2x, https:\/\/i0.wp.com\/unser-aschbach.de\/staging2025\/wp-content\/uploads\/2023\/02\/DSC_2112-scaled.jpg?fit=1200%2C800&ssl=1&resize=1050%2C600 3x"},"classes":[]},{"id":5137,"url":"https:\/\/unser-aschbach.de\/staging2025\/2022\/11\/09\/aschbacher-narrekaepp-beleben-tradition\/","url_meta":{"origin":5435,"position":5},"title":"Aschbacher Narrek\u00e4pp beleben Tradition!","author":"Someone","date":"9. November 2022","format":false,"excerpt":"MARTINI-KIRMES\u00a0 2022 Autor: Josef Nickolai Zum 3. Mal veranstalteten die Aschbacher Narrek\u00e4pp die Martini-Kirmes als Auftakt in die n\u00e4rrische Session; traditionell wird an Martini am 11.11. die Faasend er\u00f6ffnet, in Aschbach getreu dem Narrek\u00e4pp-Motto \u201eUnser Herz schl\u00e4gt f\u00fcr die Faasend!!!\u201c Zahlreiche BesucherInnen fanden letzten Samstag den Weg in die fantasievoll,\u2026","rel":"","context":"In &quot;Aktionen&quot;","block_context":{"text":"Aktionen","link":"https:\/\/unser-aschbach.de\/staging2025\/category\/der-ort\/aktionen\/"},"img":{"alt_text":"","src":"https:\/\/i0.wp.com\/unser-aschbach.de\/staging2025\/wp-content\/uploads\/2022\/11\/IMG-20221107-WA0001-1.jpg?resize=350%2C200","width":350,"height":200,"srcset":"https:\/\/i0.wp.com\/unser-aschbach.de\/staging2025\/wp-content\/uploads\/2022\/11\/IMG-20221107-WA0001-1.jpg?resize=350%2C200 1x, https:\/\/i0.wp.com\/unser-aschbach.de\/staging2025\/wp-content\/uploads\/2022\/11\/IMG-20221107-WA0001-1.jpg?resize=525%2C300 1.5x, https:\/\/i0.wp.com\/unser-aschbach.de\/staging2025\/wp-content\/uploads\/2022\/11\/IMG-20221107-WA0001-1.jpg?resize=700%2C400 2x"},"classes":[]}],"jetpack_sharing_enabled":true,"_links":{"self":[{"href":"https:\/\/unser-aschbach.de\/staging2025\/wp-json\/wp\/v2\/posts\/5435","targetHints":{"allow":["GET"]}}],"collection":[{"href":"https:\/\/unser-aschbach.de\/staging2025\/wp-json\/wp\/v2\/posts"}],"about":[{"href":"https:\/\/unser-aschbach.de\/staging2025\/wp-json\/wp\/v2\/types\/post"}],"author":[{"embeddable":true,"href":"https:\/\/unser-aschbach.de\/staging2025\/wp-json\/wp\/v2\/users\/1"}],"replies":[{"embeddable":true,"href":"https:\/\/unser-aschbach.de\/staging2025\/wp-json\/wp\/v2\/comments?post=5435"}],"version-history":[{"count":2,"href":"https:\/\/unser-aschbach.de\/staging2025\/wp-json\/wp\/v2\/posts\/5435\/revisions"}],"predecessor-version":[{"id":5439,"href":"https:\/\/unser-aschbach.de\/staging2025\/wp-json\/wp\/v2\/posts\/5435\/revisions\/5439"}],"wp:featuredmedia":[{"embeddable":true,"href":"https:\/\/unser-aschbach.de\/staging2025\/wp-json\/wp\/v2\/media\/5436"}],"wp:attachment":[{"href":"https:\/\/unser-aschbach.de\/staging2025\/wp-json\/wp\/v2\/media?parent=5435"}],"wp:term":[{"taxonomy":"category","embeddable":true,"href":"https:\/\/unser-aschbach.de\/staging2025\/wp-json\/wp\/v2\/categories?post=5435"},{"taxonomy":"post_tag","embeddable":true,"href":"https:\/\/unser-aschbach.de\/staging2025\/wp-json\/wp\/v2\/tags?post=5435"}],"curies":[{"name":"wp","href":"https:\/\/api.w.org\/{rel}","templated":true}]}}