{"id":5420,"date":"2023-11-08T21:07:00","date_gmt":"2023-11-08T20:07:00","guid":{"rendered":"https:\/\/unser-aschbach.de\/staging2025\/?p=5420"},"modified":"2023-11-15T20:58:37","modified_gmt":"2023-11-15T19:58:37","slug":"traditionelle-martini-kirmes","status":"publish","type":"post","link":"https:\/\/unser-aschbach.de\/staging2025\/2023\/11\/08\/traditionelle-martini-kirmes\/","title":{"rendered":"Traditionelle MARTINI-KIRMES"},"content":{"rendered":"\n<p><strong>Autor: Josef Nickolai<\/strong><\/p>\n\n\n\n<p class=\"has-drop-cap has-white-color has-vivid-purple-background-color has-text-color has-background\">Bereits zum vierten Mal veranstalteten die <strong>Aschbacher Narrek\u00e4pp <\/strong>am Wochenende vor St. Martin die traditionelle MARTINI-KIRMES. Die gut besuchte Disco, die Shots Bar und die Bierschwemme luden die G\u00e4ste zum angenehmen Verweilen bis zum fr\u00fchen Morgen ein. Musikalisch heizte DJ Florian in den Vereinsr\u00e4umen die BesucherInnen m\u00e4chtig ein.<\/p>\n\n\n\n<p>Mit leckeren Cocktails oder k\u00fchlem Pils konnte der beschleunigte Puls in der Shots Bar oder Bierschwemme wieder heruntergefahren werden.<\/p>\n\n\n\n<!--more-->\n\n\n\n<p>Gegen 21 Uhr pr\u00e4mierte dann das <strong>Narrenk\u00e4pp-F\u00fchrungsduo&nbsp; Stefan Schr\u00f6der und Simon M\u00fclle<\/strong>r die drei zahlenm\u00e4\u00dfig st\u00e4rksten, einheitlichen Gruppen mit Geldpreisen!<\/p>\n\n\n\n<ol class=\"wp-block-list\" type=\"1\" start=\"1\">\n<li><strong>SV Victoria Aschbach<\/strong><\/li>\n<\/ol>\n\n\n\n<p><strong>&nbsp;&nbsp;&nbsp;&nbsp;&nbsp; 2.&nbsp;&nbsp; TV Aschbach-V\u00f6lkerball<\/strong><\/p>\n\n\n\n<p><strong>&nbsp;&nbsp;&nbsp;&nbsp;&nbsp; 3.&nbsp;&nbsp; KG Blauwei\u00df Steinbach<\/strong><\/p>\n\n\n\n<p><strong>Bedanken m\u00f6chten sich die Narrek\u00e4pp f\u00fcr die Unterst\u00fctzung bei ihren Sponsoren:&nbsp; Autowerkstatt Raphael Sch\u00f6n, StarkKLIMA und Getr\u00e4nke Falk!!!<\/strong><\/p>\n\n\n\n<p><strong>F\u00fcr ihr Engagement der Pflege unserer d\u00f6rflichen Tradition den Aschbacher Narrek\u00e4pp ein gro\u00dfes DANKE SCH\u00d6N!!!<\/strong><\/p>\n\n\n\n<figure class=\"wp-block-gallery has-nested-images columns-default is-cropped wp-block-gallery-1 is-layout-flex wp-block-gallery-is-layout-flex\">\n<figure class=\"wp-block-image size-large\"><img data-recalc-dims=\"1\" decoding=\"async\" width=\"900\" height=\"600\" data-attachment-id=\"5421\" data-permalink=\"https:\/\/unser-aschbach.de\/staging2025\/2023\/11\/08\/traditionelle-martini-kirmes\/dsc_3299\/\" data-orig-file=\"https:\/\/i0.wp.com\/unser-aschbach.de\/staging2025\/wp-content\/uploads\/2023\/11\/DSC_3299-scaled.jpg?fit=1200%2C800&amp;ssl=1\" data-orig-size=\"1200,800\" data-comments-opened=\"1\" data-image-meta=\"{&quot;aperture&quot;:&quot;3.8&quot;,&quot;credit&quot;:&quot;&quot;,&quot;camera&quot;:&quot;NIKON D3100&quot;,&quot;caption&quot;:&quot;&quot;,&quot;created_timestamp&quot;:&quot;1699134238&quot;,&quot;copyright&quot;:&quot;&quot;,&quot;focal_length&quot;:&quot;21&quot;,&quot;iso&quot;:&quot;3200&quot;,&quot;shutter_speed&quot;:&quot;0.0166666666667&quot;,&quot;title&quot;:&quot;&quot;,&quot;orientation&quot;:&quot;1&quot;}\" data-image-title=\"DSC_3299\" data-image-description=\"\" data-image-caption=\"\" data-medium-file=\"https:\/\/i0.wp.com\/unser-aschbach.de\/staging2025\/wp-content\/uploads\/2023\/11\/DSC_3299-scaled.jpg?fit=300%2C200&amp;ssl=1\" data-large-file=\"https:\/\/i0.wp.com\/unser-aschbach.de\/staging2025\/wp-content\/uploads\/2023\/11\/DSC_3299-scaled.jpg?fit=900%2C600&amp;ssl=1\" data-id=\"5421\" src=\"https:\/\/i0.wp.com\/unser-aschbach.de\/staging2025\/wp-content\/uploads\/2023\/11\/DSC_3299.jpg?resize=900%2C600&#038;ssl=1\" alt=\"\" class=\"wp-image-5421\" srcset=\"https:\/\/i0.wp.com\/unser-aschbach.de\/staging2025\/wp-content\/uploads\/2023\/11\/DSC_3299-scaled.jpg?resize=1024%2C683&amp;ssl=1 1024w, https:\/\/i0.wp.com\/unser-aschbach.de\/staging2025\/wp-content\/uploads\/2023\/11\/DSC_3299-scaled.jpg?resize=300%2C200&amp;ssl=1 300w, https:\/\/i0.wp.com\/unser-aschbach.de\/staging2025\/wp-content\/uploads\/2023\/11\/DSC_3299-scaled.jpg?resize=768%2C512&amp;ssl=1 768w, https:\/\/i0.wp.com\/unser-aschbach.de\/staging2025\/wp-content\/uploads\/2023\/11\/DSC_3299-scaled.jpg?resize=1536%2C1024&amp;ssl=1 1536w, https:\/\/i0.wp.com\/unser-aschbach.de\/staging2025\/wp-content\/uploads\/2023\/11\/DSC_3299-scaled.jpg?resize=2048%2C1365&amp;ssl=1 2048w, https:\/\/i0.wp.com\/unser-aschbach.de\/staging2025\/wp-content\/uploads\/2023\/11\/DSC_3299-scaled.jpg?w=1200&amp;ssl=1 1200w\" sizes=\"(max-width: 900px) 100vw, 900px\" \/><\/figure>\n\n\n\n<figure class=\"wp-block-image size-large\"><img data-recalc-dims=\"1\" decoding=\"async\" width=\"900\" height=\"600\" data-attachment-id=\"5424\" data-permalink=\"https:\/\/unser-aschbach.de\/staging2025\/2023\/11\/08\/traditionelle-martini-kirmes\/dsc_3304\/\" data-orig-file=\"https:\/\/i0.wp.com\/unser-aschbach.de\/staging2025\/wp-content\/uploads\/2023\/11\/DSC_3304-scaled.jpg?fit=1200%2C800&amp;ssl=1\" data-orig-size=\"1200,800\" data-comments-opened=\"1\" data-image-meta=\"{&quot;aperture&quot;:&quot;3.5&quot;,&quot;credit&quot;:&quot;&quot;,&quot;camera&quot;:&quot;NIKON D3100&quot;,&quot;caption&quot;:&quot;&quot;,&quot;created_timestamp&quot;:&quot;1699134400&quot;,&quot;copyright&quot;:&quot;&quot;,&quot;focal_length&quot;:&quot;18&quot;,&quot;iso&quot;:&quot;3200&quot;,&quot;shutter_speed&quot;:&quot;0.166666666667&quot;,&quot;title&quot;:&quot;&quot;,&quot;orientation&quot;:&quot;1&quot;}\" data-image-title=\"DSC_3304\" data-image-description=\"\" data-image-caption=\"\" data-medium-file=\"https:\/\/i0.wp.com\/unser-aschbach.de\/staging2025\/wp-content\/uploads\/2023\/11\/DSC_3304-scaled.jpg?fit=300%2C200&amp;ssl=1\" data-large-file=\"https:\/\/i0.wp.com\/unser-aschbach.de\/staging2025\/wp-content\/uploads\/2023\/11\/DSC_3304-scaled.jpg?fit=900%2C600&amp;ssl=1\" data-id=\"5424\" src=\"https:\/\/i0.wp.com\/unser-aschbach.de\/staging2025\/wp-content\/uploads\/2023\/11\/DSC_3304.jpg?resize=900%2C600&#038;ssl=1\" alt=\"\" class=\"wp-image-5424\" srcset=\"https:\/\/i0.wp.com\/unser-aschbach.de\/staging2025\/wp-content\/uploads\/2023\/11\/DSC_3304-scaled.jpg?resize=1024%2C683&amp;ssl=1 1024w, https:\/\/i0.wp.com\/unser-aschbach.de\/staging2025\/wp-content\/uploads\/2023\/11\/DSC_3304-scaled.jpg?resize=300%2C200&amp;ssl=1 300w, https:\/\/i0.wp.com\/unser-aschbach.de\/staging2025\/wp-content\/uploads\/2023\/11\/DSC_3304-scaled.jpg?resize=768%2C512&amp;ssl=1 768w, https:\/\/i0.wp.com\/unser-aschbach.de\/staging2025\/wp-content\/uploads\/2023\/11\/DSC_3304-scaled.jpg?resize=1536%2C1024&amp;ssl=1 1536w, https:\/\/i0.wp.com\/unser-aschbach.de\/staging2025\/wp-content\/uploads\/2023\/11\/DSC_3304-scaled.jpg?resize=2048%2C1365&amp;ssl=1 2048w, https:\/\/i0.wp.com\/unser-aschbach.de\/staging2025\/wp-content\/uploads\/2023\/11\/DSC_3304-scaled.jpg?w=1200&amp;ssl=1 1200w\" sizes=\"(max-width: 900px) 100vw, 900px\" \/><\/figure>\n\n\n\n<figure class=\"wp-block-image size-large\"><img data-recalc-dims=\"1\" decoding=\"async\" width=\"900\" height=\"600\" data-attachment-id=\"5422\" data-permalink=\"https:\/\/unser-aschbach.de\/staging2025\/2023\/11\/08\/traditionelle-martini-kirmes\/dsc_3294\/\" data-orig-file=\"https:\/\/i0.wp.com\/unser-aschbach.de\/staging2025\/wp-content\/uploads\/2023\/11\/DSC_3294-scaled.jpg?fit=1200%2C800&amp;ssl=1\" data-orig-size=\"1200,800\" data-comments-opened=\"1\" data-image-meta=\"{&quot;aperture&quot;:&quot;3.5&quot;,&quot;credit&quot;:&quot;&quot;,&quot;camera&quot;:&quot;NIKON D3100&quot;,&quot;caption&quot;:&quot;&quot;,&quot;created_timestamp&quot;:&quot;1699134074&quot;,&quot;copyright&quot;:&quot;&quot;,&quot;focal_length&quot;:&quot;18&quot;,&quot;iso&quot;:&quot;3200&quot;,&quot;shutter_speed&quot;:&quot;0.0166666666667&quot;,&quot;title&quot;:&quot;&quot;,&quot;orientation&quot;:&quot;1&quot;}\" data-image-title=\"DSC_3294\" data-image-description=\"\" data-image-caption=\"\" data-medium-file=\"https:\/\/i0.wp.com\/unser-aschbach.de\/staging2025\/wp-content\/uploads\/2023\/11\/DSC_3294-scaled.jpg?fit=300%2C200&amp;ssl=1\" data-large-file=\"https:\/\/i0.wp.com\/unser-aschbach.de\/staging2025\/wp-content\/uploads\/2023\/11\/DSC_3294-scaled.jpg?fit=900%2C600&amp;ssl=1\" data-id=\"5422\" src=\"https:\/\/i0.wp.com\/unser-aschbach.de\/staging2025\/wp-content\/uploads\/2023\/11\/DSC_3294.jpg?resize=900%2C600&#038;ssl=1\" alt=\"\" class=\"wp-image-5422\" srcset=\"https:\/\/i0.wp.com\/unser-aschbach.de\/staging2025\/wp-content\/uploads\/2023\/11\/DSC_3294-scaled.jpg?resize=1024%2C683&amp;ssl=1 1024w, https:\/\/i0.wp.com\/unser-aschbach.de\/staging2025\/wp-content\/uploads\/2023\/11\/DSC_3294-scaled.jpg?resize=300%2C200&amp;ssl=1 300w, https:\/\/i0.wp.com\/unser-aschbach.de\/staging2025\/wp-content\/uploads\/2023\/11\/DSC_3294-scaled.jpg?resize=768%2C512&amp;ssl=1 768w, https:\/\/i0.wp.com\/unser-aschbach.de\/staging2025\/wp-content\/uploads\/2023\/11\/DSC_3294-scaled.jpg?resize=1536%2C1024&amp;ssl=1 1536w, https:\/\/i0.wp.com\/unser-aschbach.de\/staging2025\/wp-content\/uploads\/2023\/11\/DSC_3294-scaled.jpg?resize=2048%2C1365&amp;ssl=1 2048w, https:\/\/i0.wp.com\/unser-aschbach.de\/staging2025\/wp-content\/uploads\/2023\/11\/DSC_3294-scaled.jpg?w=1200&amp;ssl=1 1200w\" sizes=\"(max-width: 900px) 100vw, 900px\" \/><\/figure>\n\n\n\n<figure class=\"wp-block-image size-large\"><img data-recalc-dims=\"1\" decoding=\"async\" width=\"900\" height=\"600\" data-attachment-id=\"5423\" data-permalink=\"https:\/\/unser-aschbach.de\/staging2025\/2023\/11\/08\/traditionelle-martini-kirmes\/dsc_3296\/\" data-orig-file=\"https:\/\/i0.wp.com\/unser-aschbach.de\/staging2025\/wp-content\/uploads\/2023\/11\/DSC_3296-scaled.jpg?fit=1200%2C800&amp;ssl=1\" data-orig-size=\"1200,800\" data-comments-opened=\"1\" data-image-meta=\"{&quot;aperture&quot;:&quot;3.5&quot;,&quot;credit&quot;:&quot;&quot;,&quot;camera&quot;:&quot;NIKON D3100&quot;,&quot;caption&quot;:&quot;&quot;,&quot;created_timestamp&quot;:&quot;1699134166&quot;,&quot;copyright&quot;:&quot;&quot;,&quot;focal_length&quot;:&quot;18&quot;,&quot;iso&quot;:&quot;3200&quot;,&quot;shutter_speed&quot;:&quot;0.0166666666667&quot;,&quot;title&quot;:&quot;&quot;,&quot;orientation&quot;:&quot;1&quot;}\" data-image-title=\"DSC_3296\" data-image-description=\"\" data-image-caption=\"\" data-medium-file=\"https:\/\/i0.wp.com\/unser-aschbach.de\/staging2025\/wp-content\/uploads\/2023\/11\/DSC_3296-scaled.jpg?fit=300%2C200&amp;ssl=1\" data-large-file=\"https:\/\/i0.wp.com\/unser-aschbach.de\/staging2025\/wp-content\/uploads\/2023\/11\/DSC_3296-scaled.jpg?fit=900%2C600&amp;ssl=1\" data-id=\"5423\" src=\"https:\/\/i0.wp.com\/unser-aschbach.de\/staging2025\/wp-content\/uploads\/2023\/11\/DSC_3296.jpg?resize=900%2C600&#038;ssl=1\" alt=\"\" class=\"wp-image-5423\" srcset=\"https:\/\/i0.wp.com\/unser-aschbach.de\/staging2025\/wp-content\/uploads\/2023\/11\/DSC_3296-scaled.jpg?resize=1024%2C683&amp;ssl=1 1024w, https:\/\/i0.wp.com\/unser-aschbach.de\/staging2025\/wp-content\/uploads\/2023\/11\/DSC_3296-scaled.jpg?resize=300%2C200&amp;ssl=1 300w, https:\/\/i0.wp.com\/unser-aschbach.de\/staging2025\/wp-content\/uploads\/2023\/11\/DSC_3296-scaled.jpg?resize=768%2C512&amp;ssl=1 768w, https:\/\/i0.wp.com\/unser-aschbach.de\/staging2025\/wp-content\/uploads\/2023\/11\/DSC_3296-scaled.jpg?resize=1536%2C1024&amp;ssl=1 1536w, https:\/\/i0.wp.com\/unser-aschbach.de\/staging2025\/wp-content\/uploads\/2023\/11\/DSC_3296-scaled.jpg?resize=2048%2C1365&amp;ssl=1 2048w, https:\/\/i0.wp.com\/unser-aschbach.de\/staging2025\/wp-content\/uploads\/2023\/11\/DSC_3296-scaled.jpg?w=1200&amp;ssl=1 1200w\" sizes=\"(max-width: 900px) 100vw, 900px\" \/><\/figure>\n\n\n\n<figure class=\"wp-block-image size-large\"><img data-recalc-dims=\"1\" decoding=\"async\" width=\"900\" height=\"600\" data-attachment-id=\"5430\" data-permalink=\"https:\/\/unser-aschbach.de\/staging2025\/2023\/11\/08\/traditionelle-martini-kirmes\/dsc_3306-1\/\" data-orig-file=\"https:\/\/i0.wp.com\/unser-aschbach.de\/staging2025\/wp-content\/uploads\/2023\/11\/DSC_3306-1-scaled.jpg?fit=1200%2C800&amp;ssl=1\" data-orig-size=\"1200,800\" data-comments-opened=\"1\" data-image-meta=\"{&quot;aperture&quot;:&quot;3.5&quot;,&quot;credit&quot;:&quot;&quot;,&quot;camera&quot;:&quot;NIKON D3100&quot;,&quot;caption&quot;:&quot;&quot;,&quot;created_timestamp&quot;:&quot;1699134622&quot;,&quot;copyright&quot;:&quot;&quot;,&quot;focal_length&quot;:&quot;18&quot;,&quot;iso&quot;:&quot;3200&quot;,&quot;shutter_speed&quot;:&quot;0.0166666666667&quot;,&quot;title&quot;:&quot;&quot;,&quot;orientation&quot;:&quot;1&quot;}\" data-image-title=\"DSC_3306-1\" data-image-description=\"\" data-image-caption=\"\" data-medium-file=\"https:\/\/i0.wp.com\/unser-aschbach.de\/staging2025\/wp-content\/uploads\/2023\/11\/DSC_3306-1-scaled.jpg?fit=300%2C200&amp;ssl=1\" data-large-file=\"https:\/\/i0.wp.com\/unser-aschbach.de\/staging2025\/wp-content\/uploads\/2023\/11\/DSC_3306-1-scaled.jpg?fit=900%2C600&amp;ssl=1\" data-id=\"5430\" src=\"https:\/\/i0.wp.com\/unser-aschbach.de\/staging2025\/wp-content\/uploads\/2023\/11\/DSC_3306-1.jpg?resize=900%2C600&#038;ssl=1\" alt=\"\" class=\"wp-image-5430\" srcset=\"https:\/\/i0.wp.com\/unser-aschbach.de\/staging2025\/wp-content\/uploads\/2023\/11\/DSC_3306-1-scaled.jpg?resize=1024%2C683&amp;ssl=1 1024w, https:\/\/i0.wp.com\/unser-aschbach.de\/staging2025\/wp-content\/uploads\/2023\/11\/DSC_3306-1-scaled.jpg?resize=300%2C200&amp;ssl=1 300w, https:\/\/i0.wp.com\/unser-aschbach.de\/staging2025\/wp-content\/uploads\/2023\/11\/DSC_3306-1-scaled.jpg?resize=768%2C512&amp;ssl=1 768w, https:\/\/i0.wp.com\/unser-aschbach.de\/staging2025\/wp-content\/uploads\/2023\/11\/DSC_3306-1-scaled.jpg?resize=1536%2C1024&amp;ssl=1 1536w, https:\/\/i0.wp.com\/unser-aschbach.de\/staging2025\/wp-content\/uploads\/2023\/11\/DSC_3306-1-scaled.jpg?resize=2048%2C1365&amp;ssl=1 2048w, https:\/\/i0.wp.com\/unser-aschbach.de\/staging2025\/wp-content\/uploads\/2023\/11\/DSC_3306-1-scaled.jpg?w=1200&amp;ssl=1 1200w\" sizes=\"(max-width: 900px) 100vw, 900px\" \/><\/figure>\n<\/figure>\n<div class=\"shariff shariff-align-flex-start shariff-widget-align-flex-start\"><ul class=\"shariff-buttons theme-round orientation-horizontal buttonsize-medium\"><li class=\"shariff-button mailto shariff-nocustomcolor\" style=\"background-color:#a8a8a8\"><a href=\"mailto:?body=https%3A%2F%2Funser-aschbach.de%2Fstaging2025%2F2023%2F11%2F08%2Ftraditionelle-martini-kirmes%2F&subject=Traditionelle%20MARTINI-KIRMES\" title=\"Per E-Mail versenden\" aria-label=\"Per E-Mail versenden\" role=\"button\" rel=\"noopener nofollow\" class=\"shariff-link\" style=\"; background-color:#999; color:#fff\"><span class=\"shariff-icon\" style=\"\"><svg width=\"32px\" height=\"20px\" xmlns=\"http:\/\/www.w3.org\/2000\/svg\" viewBox=\"0 0 32 32\"><path fill=\"#999\" d=\"M32 12.7v14.2q0 1.2-0.8 2t-2 0.9h-26.3q-1.2 0-2-0.9t-0.8-2v-14.2q0.8 0.9 1.8 1.6 6.5 4.4 8.9 6.1 1 0.8 1.6 1.2t1.7 0.9 2 0.4h0.1q0.9 0 2-0.4t1.7-0.9 1.6-1.2q3-2.2 8.9-6.1 1-0.7 1.8-1.6zM32 7.4q0 1.4-0.9 2.7t-2.2 2.2q-6.7 4.7-8.4 5.8-0.2 0.1-0.7 0.5t-1 0.7-0.9 0.6-1.1 0.5-0.9 0.2h-0.1q-0.4 0-0.9-0.2t-1.1-0.5-0.9-0.6-1-0.7-0.7-0.5q-1.6-1.1-4.7-3.2t-3.6-2.6q-1.1-0.7-2.1-2t-1-2.5q0-1.4 0.7-2.3t2.1-0.9h26.3q1.2 0 2 0.8t0.9 2z\"\/><\/svg><\/span><\/a><\/li><li class=\"shariff-button facebook shariff-nocustomcolor\" style=\"background-color:#4273c8\"><a href=\"https:\/\/www.facebook.com\/sharer\/sharer.php?u=https%3A%2F%2Funser-aschbach.de%2Fstaging2025%2F2023%2F11%2F08%2Ftraditionelle-martini-kirmes%2F\" title=\"Bei Facebook teilen\" aria-label=\"Bei Facebook teilen\" role=\"button\" rel=\"nofollow\" class=\"shariff-link\" style=\"; background-color:#3b5998; color:#fff\" target=\"_blank\"><span class=\"shariff-icon\" style=\"\"><svg width=\"32px\" height=\"20px\" xmlns=\"http:\/\/www.w3.org\/2000\/svg\" viewBox=\"0 0 18 32\"><path fill=\"#3b5998\" d=\"M17.1 0.2v4.7h-2.8q-1.5 0-2.1 0.6t-0.5 1.9v3.4h5.2l-0.7 5.3h-4.5v13.6h-5.5v-13.6h-4.5v-5.3h4.5v-3.9q0-3.3 1.9-5.2t5-1.8q2.6 0 4.1 0.2z\"\/><\/svg><\/span><\/a><\/li><li class=\"shariff-button whatsapp shariff-nocustomcolor\" style=\"background-color:#5cbe4a\"><a href=\"https:\/\/api.whatsapp.com\/send?text=https%3A%2F%2Funser-aschbach.de%2Fstaging2025%2F2023%2F11%2F08%2Ftraditionelle-martini-kirmes%2F%20Traditionelle%20MARTINI-KIRMES\" title=\"Bei Whatsapp teilen\" aria-label=\"Bei Whatsapp teilen\" role=\"button\" rel=\"noopener nofollow\" class=\"shariff-link\" style=\"; background-color:#34af23; color:#fff\" target=\"_blank\"><span class=\"shariff-icon\" style=\"\"><svg width=\"32px\" height=\"20px\" xmlns=\"http:\/\/www.w3.org\/2000\/svg\" viewBox=\"0 0 32 32\"><path fill=\"#34af23\" d=\"M17.6 17.4q0.2 0 1.7 0.8t1.6 0.9q0 0.1 0 0.3 0 0.6-0.3 1.4-0.3 0.7-1.3 1.2t-1.8 0.5q-1 0-3.4-1.1-1.7-0.8-3-2.1t-2.6-3.3q-1.3-1.9-1.3-3.5v-0.1q0.1-1.6 1.3-2.8 0.4-0.4 0.9-0.4 0.1 0 0.3 0t0.3 0q0.3 0 0.5 0.1t0.3 0.5q0.1 0.4 0.6 1.6t0.4 1.3q0 0.4-0.6 1t-0.6 0.8q0 0.1 0.1 0.3 0.6 1.3 1.8 2.4 1 0.9 2.7 1.8 0.2 0.1 0.4 0.1 0.3 0 1-0.9t0.9-0.9zM14 26.9q2.3 0 4.3-0.9t3.6-2.4 2.4-3.6 0.9-4.3-0.9-4.3-2.4-3.6-3.6-2.4-4.3-0.9-4.3 0.9-3.6 2.4-2.4 3.6-0.9 4.3q0 3.6 2.1 6.6l-1.4 4.2 4.3-1.4q2.8 1.9 6.2 1.9zM14 2.2q2.7 0 5.2 1.1t4.3 2.9 2.9 4.3 1.1 5.2-1.1 5.2-2.9 4.3-4.3 2.9-5.2 1.1q-3.5 0-6.5-1.7l-7.4 2.4 2.4-7.2q-1.9-3.2-1.9-6.9 0-2.7 1.1-5.2t2.9-4.3 4.3-2.9 5.2-1.1z\"\/><\/svg><\/span><\/a><\/li><\/ul><\/div>","protected":false},"excerpt":{"rendered":"<p>Autor: Josef Nickolai Bereits zum vierten Mal veranstalteten die Aschbacher Narrek\u00e4pp am Wochenende vor St. Martin die traditionelle MARTINI-KIRMES. Die gut besuchte Disco, die Shots Bar und die Bierschwemme luden die G\u00e4ste zum angenehmen Verweilen bis zum fr\u00fchen Morgen ein. Musikalisch heizte DJ Florian in den Vereinsr\u00e4umen die BesucherInnen m\u00e4chtig ein. Mit leckeren Cocktails oder&#8230;<\/p>\n<p> <a class=\"continue-reading-link\" href=\"https:\/\/unser-aschbach.de\/staging2025\/2023\/11\/08\/traditionelle-martini-kirmes\/\"><span>weiterlesen<\/span><i class=\"crycon-right-dir\"><\/i><\/a> <\/p>\n","protected":false},"author":1,"featured_media":5423,"comment_status":"open","ping_status":"open","sticky":false,"template":"","format":"standard","meta":{"jetpack_post_was_ever_published":false,"_jetpack_newsletter_access":"","_jetpack_dont_email_post_to_subs":false,"_jetpack_newsletter_tier_id":0,"_jetpack_memberships_contains_paywalled_content":false,"_jetpack_memberships_contains_paid_content":false,"footnotes":"","jetpack_publicize_message":"","jetpack_publicize_feature_enabled":true,"jetpack_social_post_already_shared":true,"jetpack_social_options":{"image_generator_settings":{"template":"highway","default_image_id":0,"font":"","enabled":false},"version":2}},"categories":[15,1,35,40],"tags":[],"class_list":["post-5420","post","type-post","status-publish","format-standard","has-post-thumbnail","hentry","category-aktionen","category-allgemein","category-veranstaltungen","category-vereine"],"jetpack_publicize_connections":[],"jetpack_featured_media_url":"https:\/\/i0.wp.com\/unser-aschbach.de\/staging2025\/wp-content\/uploads\/2023\/11\/DSC_3296-scaled.jpg?fit=1200%2C800&ssl=1","jetpack_shortlink":"https:\/\/wp.me\/pggZrZ-1pq","jetpack-related-posts":[{"id":5137,"url":"https:\/\/unser-aschbach.de\/staging2025\/2022\/11\/09\/aschbacher-narrekaepp-beleben-tradition\/","url_meta":{"origin":5420,"position":0},"title":"Aschbacher Narrek\u00e4pp beleben Tradition!","author":"Someone","date":"9. November 2022","format":false,"excerpt":"MARTINI-KIRMES\u00a0 2022 Autor: Josef Nickolai Zum 3. Mal veranstalteten die Aschbacher Narrek\u00e4pp die Martini-Kirmes als Auftakt in die n\u00e4rrische Session; traditionell wird an Martini am 11.11. die Faasend er\u00f6ffnet, in Aschbach getreu dem Narrek\u00e4pp-Motto \u201eUnser Herz schl\u00e4gt f\u00fcr die Faasend!!!\u201c Zahlreiche BesucherInnen fanden letzten Samstag den Weg in die fantasievoll,\u2026","rel":"","context":"In &quot;Aktionen&quot;","block_context":{"text":"Aktionen","link":"https:\/\/unser-aschbach.de\/staging2025\/category\/der-ort\/aktionen\/"},"img":{"alt_text":"","src":"https:\/\/i0.wp.com\/unser-aschbach.de\/staging2025\/wp-content\/uploads\/2022\/11\/IMG-20221107-WA0001-1.jpg?resize=350%2C200","width":350,"height":200,"srcset":"https:\/\/i0.wp.com\/unser-aschbach.de\/staging2025\/wp-content\/uploads\/2022\/11\/IMG-20221107-WA0001-1.jpg?resize=350%2C200 1x, https:\/\/i0.wp.com\/unser-aschbach.de\/staging2025\/wp-content\/uploads\/2022\/11\/IMG-20221107-WA0001-1.jpg?resize=525%2C300 1.5x, https:\/\/i0.wp.com\/unser-aschbach.de\/staging2025\/wp-content\/uploads\/2022\/11\/IMG-20221107-WA0001-1.jpg?resize=700%2C400 2x"},"classes":[]},{"id":5098,"url":"https:\/\/unser-aschbach.de\/staging2025\/2022\/10\/05\/sonnige-st-maternus-kirmes-2022\/","url_meta":{"origin":5420,"position":1},"title":"SONNIGE ST. MATERNUS-KIRMES\u00a0 2022","author":"Someone","date":"5. Oktober 2022","format":false,"excerpt":"Autor: Josef Nickolai Nach einen feuchten Fassanstich am Kirmessamstag konnten die kleinen und gro\u00dfen Kirmesbesucher zwei sonnige Kirmestage am Sonn- und Montag genie\u00dfen. Dem samst\u00e4glichen Festhochamt in St. Maternus folgte auf dem Festplatz unter den Kl\u00e4ngen unseres Musikvereins (MV) Orpheus, wetterm\u00e4\u00dfig!,\u00a0 ein feuchter Fassanstich durch Karl-Heinz Schr\u00f6der und Ralf Jockers,\u2026","rel":"","context":"In &quot;Allgemein&quot;","block_context":{"text":"Allgemein","link":"https:\/\/unser-aschbach.de\/staging2025\/category\/allgemein\/"},"img":{"alt_text":"","src":"https:\/\/i0.wp.com\/unser-aschbach.de\/staging2025\/wp-content\/uploads\/2022\/10\/DSC_1581-scaled.jpg?fit=1200%2C800&ssl=1&resize=350%2C200","width":350,"height":200,"srcset":"https:\/\/i0.wp.com\/unser-aschbach.de\/staging2025\/wp-content\/uploads\/2022\/10\/DSC_1581-scaled.jpg?fit=1200%2C800&ssl=1&resize=350%2C200 1x, https:\/\/i0.wp.com\/unser-aschbach.de\/staging2025\/wp-content\/uploads\/2022\/10\/DSC_1581-scaled.jpg?fit=1200%2C800&ssl=1&resize=525%2C300 1.5x, https:\/\/i0.wp.com\/unser-aschbach.de\/staging2025\/wp-content\/uploads\/2022\/10\/DSC_1581-scaled.jpg?fit=1200%2C800&ssl=1&resize=700%2C400 2x, https:\/\/i0.wp.com\/unser-aschbach.de\/staging2025\/wp-content\/uploads\/2022\/10\/DSC_1581-scaled.jpg?fit=1200%2C800&ssl=1&resize=1050%2C600 3x"},"classes":[]},{"id":4310,"url":"https:\/\/unser-aschbach.de\/staging2025\/2020\/02\/12\/vereinsportrait-aschbacher-narrekaepp\/","url_meta":{"origin":5420,"position":2},"title":"Vereinsportrait Aschbacher Narrek\u00e4pp","author":"Someone","date":"12. Februar 2020","format":false,"excerpt":"Alleh hopp, die Aschbacher Narrek\u00e4pp stehn Kopp 2013 gilt als Geburtstunde der \u201eAschbacher Narrek\u00e4pp\u201c: Vorg\u00e4nger des jungen Vereins in der f\u00fcnften Jahreszeit waren die Kath. Frauengemeinschaft (Anfang der 1960er Jahre bis 2002) unddie Interessengemeinschaft Aschbacher Faasend (2002-2013). Gegenw\u00e4rtig f\u00fchrt ein \u201eDreigestirn\u201c -Stefan Schr\u00f6der, Sandra-Anna Stark und Florian B\u00fcchel- die kreativen,\u2026","rel":"","context":"In &quot;Vereine&quot;","block_context":{"text":"Vereine","link":"https:\/\/unser-aschbach.de\/staging2025\/category\/vereine\/"},"img":{"alt_text":"","src":"https:\/\/i0.wp.com\/unser-aschbach.de\/staging2025\/wp-content\/uploads\/2020\/02\/DSC_08801-scaled.jpg?fit=1200%2C800&ssl=1&resize=350%2C200","width":350,"height":200,"srcset":"https:\/\/i0.wp.com\/unser-aschbach.de\/staging2025\/wp-content\/uploads\/2020\/02\/DSC_08801-scaled.jpg?fit=1200%2C800&ssl=1&resize=350%2C200 1x, https:\/\/i0.wp.com\/unser-aschbach.de\/staging2025\/wp-content\/uploads\/2020\/02\/DSC_08801-scaled.jpg?fit=1200%2C800&ssl=1&resize=525%2C300 1.5x, https:\/\/i0.wp.com\/unser-aschbach.de\/staging2025\/wp-content\/uploads\/2020\/02\/DSC_08801-scaled.jpg?fit=1200%2C800&ssl=1&resize=700%2C400 2x, https:\/\/i0.wp.com\/unser-aschbach.de\/staging2025\/wp-content\/uploads\/2020\/02\/DSC_08801-scaled.jpg?fit=1200%2C800&ssl=1&resize=1050%2C600 3x"},"classes":[]},{"id":4326,"url":"https:\/\/unser-aschbach.de\/staging2025\/2020\/02\/12\/unser-_ortsvorsteher-informiert-zweimal-begeistertes-full-house-fuer-flower-power-der-aschbacher-narrekaepp\/","url_meta":{"origin":5420,"position":3},"title":"Unser Ortsvorsteher informiert &#8211;  Zweimal begeistertes \u201eFull House\u201c f\u00fcr \u201eFLOWER POWER\u201c der Aschbacher Narrek\u00e4pp","author":"Someone","date":"12. Februar 2020","format":false,"excerpt":"Eins steht fest!: Die Aschbacher Narrek\u00e4pp verstehen es, ihr Publikum begeistert auf die Reise in die f\u00fcnfte Jahreszeit mitzunehmen. Bunt und blumig hatten Erwin Schr\u00f6der, Herbert Backes und Petra Klein die B\u00fchne in der Mehrzweckhalle dem Motto entsprechend f\u00fcr die Narrenschar dekoriert. N\u00e4rrisch p\u00fcnktlich um 20.11 Uhr (samstags um 19.11\u2026","rel":"","context":"In &quot;Allgemein&quot;","block_context":{"text":"Allgemein","link":"https:\/\/unser-aschbach.de\/staging2025\/category\/allgemein\/"},"img":{"alt_text":"","src":"https:\/\/i0.wp.com\/unser-aschbach.de\/staging2025\/wp-content\/uploads\/2020\/02\/IMG_4186_M.jpg?fit=1200%2C800&ssl=1&resize=350%2C200","width":350,"height":200,"srcset":"https:\/\/i0.wp.com\/unser-aschbach.de\/staging2025\/wp-content\/uploads\/2020\/02\/IMG_4186_M.jpg?fit=1200%2C800&ssl=1&resize=350%2C200 1x, https:\/\/i0.wp.com\/unser-aschbach.de\/staging2025\/wp-content\/uploads\/2020\/02\/IMG_4186_M.jpg?fit=1200%2C800&ssl=1&resize=525%2C300 1.5x, https:\/\/i0.wp.com\/unser-aschbach.de\/staging2025\/wp-content\/uploads\/2020\/02\/IMG_4186_M.jpg?fit=1200%2C800&ssl=1&resize=700%2C400 2x, https:\/\/i0.wp.com\/unser-aschbach.de\/staging2025\/wp-content\/uploads\/2020\/02\/IMG_4186_M.jpg?fit=1200%2C800&ssl=1&resize=1050%2C600 3x"},"classes":[]},{"id":5234,"url":"https:\/\/unser-aschbach.de\/staging2025\/2023\/02\/07\/lebendiger-lustiger-aschbacher-dschungel\/","url_meta":{"origin":5420,"position":4},"title":"Lebendiger, lustiger Aschbacher Dschungel!","author":"Someone","date":"7. Februar 2023","format":false,"excerpt":"Autor: Josef Nickolai Zwei Tage liefen die Aschbacher Narrek\u00e4pp auf Hochtouren und verwandelten die gr\u00fcne Dschungel-Arena in der Mehrzweckhalle in ein n\u00e4rrisches Tollhaus. P\u00fcnktlich um 20.11 Uhr begr\u00fc\u00dfte das \u201ePr\u00e4sidiale Drei-Gestirn\u201c Stefan Schr\u00f6der, Sandra-Anna Stark und Simon M\u00fcller freitags die Dschungel-G\u00e4ste zur 1. Dschungel-F\u00fchrung. Zur 1. Kappensitzung fanden B\u00fcrgermeister Klauspeter\u2026","rel":"","context":"In &quot;Aschbacher Narrek\u00e4pp&quot;","block_context":{"text":"Aschbacher Narrek\u00e4pp","link":"https:\/\/unser-aschbach.de\/staging2025\/category\/vereine\/aschbacher-narrekaepp\/"},"img":{"alt_text":"","src":"https:\/\/i0.wp.com\/unser-aschbach.de\/staging2025\/wp-content\/uploads\/2023\/02\/DSC_1948-scaled.jpg?fit=1200%2C800&ssl=1&resize=350%2C200","width":350,"height":200,"srcset":"https:\/\/i0.wp.com\/unser-aschbach.de\/staging2025\/wp-content\/uploads\/2023\/02\/DSC_1948-scaled.jpg?fit=1200%2C800&ssl=1&resize=350%2C200 1x, https:\/\/i0.wp.com\/unser-aschbach.de\/staging2025\/wp-content\/uploads\/2023\/02\/DSC_1948-scaled.jpg?fit=1200%2C800&ssl=1&resize=525%2C300 1.5x, https:\/\/i0.wp.com\/unser-aschbach.de\/staging2025\/wp-content\/uploads\/2023\/02\/DSC_1948-scaled.jpg?fit=1200%2C800&ssl=1&resize=700%2C400 2x, https:\/\/i0.wp.com\/unser-aschbach.de\/staging2025\/wp-content\/uploads\/2023\/02\/DSC_1948-scaled.jpg?fit=1200%2C800&ssl=1&resize=1050%2C600 3x"},"classes":[]},{"id":4561,"url":"https:\/\/unser-aschbach.de\/staging2025\/2020\/09\/16\/unser-ortsvorsteher-informiert-kirmes-eindruecke-2020\/","url_meta":{"origin":5420,"position":5},"title":"Unser Ortsvorsteher informiert &#8211; Kirmes-Eindr\u00fccke 2020","author":"Someone","date":"16. September 2020","format":false,"excerpt":"Unsere diesj\u00e4hrigen Kirmestage, mit W\u00e4rme und blauem Himmel, ohne Kirmestreiben auf dem Festplatz und beim Mecky, brachten mit dem \u201eVictoria-Fr\u00fchschoppen\u201c und dem sonnt\u00e4glichen Fr\u00fchschoppen-Konzert des MV Orpheus auf Privatgel\u00e4nde unter Wahrung der Abstands- und Hygienebedingungen au\u00dfergew\u00f6hnliche und doch vertraute Eindr\u00fccke mit sich. Aber nicht nur den \u201eGro\u00dfen\u201c, vor allem unseren\u2026","rel":"","context":"In &quot;Aktionen&quot;","block_context":{"text":"Aktionen","link":"https:\/\/unser-aschbach.de\/staging2025\/category\/der-ort\/aktionen\/"},"img":{"alt_text":"","src":"https:\/\/i0.wp.com\/unser-aschbach.de\/staging2025\/wp-content\/uploads\/2020\/09\/DSC_2454-scaled.jpg?fit=1200%2C800&ssl=1&resize=350%2C200","width":350,"height":200,"srcset":"https:\/\/i0.wp.com\/unser-aschbach.de\/staging2025\/wp-content\/uploads\/2020\/09\/DSC_2454-scaled.jpg?fit=1200%2C800&ssl=1&resize=350%2C200 1x, https:\/\/i0.wp.com\/unser-aschbach.de\/staging2025\/wp-content\/uploads\/2020\/09\/DSC_2454-scaled.jpg?fit=1200%2C800&ssl=1&resize=525%2C300 1.5x, https:\/\/i0.wp.com\/unser-aschbach.de\/staging2025\/wp-content\/uploads\/2020\/09\/DSC_2454-scaled.jpg?fit=1200%2C800&ssl=1&resize=700%2C400 2x, https:\/\/i0.wp.com\/unser-aschbach.de\/staging2025\/wp-content\/uploads\/2020\/09\/DSC_2454-scaled.jpg?fit=1200%2C800&ssl=1&resize=1050%2C600 3x"},"classes":[]}],"jetpack_sharing_enabled":true,"_links":{"self":[{"href":"https:\/\/unser-aschbach.de\/staging2025\/wp-json\/wp\/v2\/posts\/5420","targetHints":{"allow":["GET"]}}],"collection":[{"href":"https:\/\/unser-aschbach.de\/staging2025\/wp-json\/wp\/v2\/posts"}],"about":[{"href":"https:\/\/unser-aschbach.de\/staging2025\/wp-json\/wp\/v2\/types\/post"}],"author":[{"embeddable":true,"href":"https:\/\/unser-aschbach.de\/staging2025\/wp-json\/wp\/v2\/users\/1"}],"replies":[{"embeddable":true,"href":"https:\/\/unser-aschbach.de\/staging2025\/wp-json\/wp\/v2\/comments?post=5420"}],"version-history":[{"count":4,"href":"https:\/\/unser-aschbach.de\/staging2025\/wp-json\/wp\/v2\/posts\/5420\/revisions"}],"predecessor-version":[{"id":5431,"href":"https:\/\/unser-aschbach.de\/staging2025\/wp-json\/wp\/v2\/posts\/5420\/revisions\/5431"}],"wp:featuredmedia":[{"embeddable":true,"href":"https:\/\/unser-aschbach.de\/staging2025\/wp-json\/wp\/v2\/media\/5423"}],"wp:attachment":[{"href":"https:\/\/unser-aschbach.de\/staging2025\/wp-json\/wp\/v2\/media?parent=5420"}],"wp:term":[{"taxonomy":"category","embeddable":true,"href":"https:\/\/unser-aschbach.de\/staging2025\/wp-json\/wp\/v2\/categories?post=5420"},{"taxonomy":"post_tag","embeddable":true,"href":"https:\/\/unser-aschbach.de\/staging2025\/wp-json\/wp\/v2\/tags?post=5420"}],"curies":[{"name":"wp","href":"https:\/\/api.w.org\/{rel}","templated":true}]}}