{"id":5372,"date":"2023-09-26T16:54:30","date_gmt":"2023-09-26T14:54:30","guid":{"rendered":"https:\/\/unser-aschbach.de\/staging2025\/?p=5372"},"modified":"2023-09-26T17:02:19","modified_gmt":"2023-09-26T15:02:19","slug":"spende-fuer-unsere-kinder-und-jugendfuerwehr-aschbach","status":"publish","type":"post","link":"https:\/\/unser-aschbach.de\/staging2025\/2023\/09\/26\/spende-fuer-unsere-kinder-und-jugendfuerwehr-aschbach\/","title":{"rendered":"SPENDE f\u00fcr unsere KINDER- und JUGENDFUERWEHR ASCHBACH"},"content":{"rendered":"\n<p><strong>Autor: Josef Nickolai<\/strong><\/p>\n\n\n\n<p class=\"has-drop-cap has-vivid-red-background-color has-background\">Im Rahmen der Berufsfeuerwehrtage 2023 erhielt unsere Kinder- und Jugendfeuerwehr Aschbach eine gr\u00f6\u00dfere Geldspende <strong>unseres Aschbacher Mitb\u00fcrgers Elmar Behr.<\/strong>&nbsp; Der <strong>Croupier und Schiedsrichter<\/strong>&#8211;<strong>Obmann der Gruppe Theel<\/strong> hatte anl\u00e4sslich seines 60sten Geburtstages auch Geldgeschenke erhalten, von denen er nun, in Anwesenheit des L\u00f6schbezirksf\u00fchrers Andreas Kreutzer und Ortsvorsteher (OV) Josef Nickolai, einen ansehnlichen Teil an <strong>Jugendfeuerwehrwart Raphael Sch\u00f6n <\/strong>\u00fcberreichte.<\/p>\n\n\n\n<p>F\u00fcr Elmar Behr erf\u00fcllt unsere Fw. Feuerwehr Aschbach mit ihrer Kinder- und Jugendarbeit einen ganz wichtigen, sozialen Beitrag f\u00fcr unser gegenw\u00e4rtiges und zuk\u00fcnftiges Dorfleben. Mit seiner Spende m\u00f6chte er diese freiwillige, ehrenamtliche Kinder- und Jugendarbeit l\u00f6blich anerkennen und f\u00f6rdern.<\/p>\n\n\n\n<!--more-->\n\n\n\n<p>L\u00f6schbezirksf\u00fchrer, Jugendfeuerwehrwart und OV dankten dem Spender Elmar Behr ganz herzlich f\u00fcr diese Anerkennung und F\u00f6rderung der Aschbacher Kinder- und Jugendfeuerwehr.<\/p>\n\n\n\n<figure class=\"wp-block-gallery has-nested-images columns-default is-cropped wp-block-gallery-1 is-layout-flex wp-block-gallery-is-layout-flex\">\n<figure class=\"wp-block-image size-large\"><img data-recalc-dims=\"1\" decoding=\"async\" width=\"900\" height=\"600\" data-attachment-id=\"5373\" data-permalink=\"https:\/\/unser-aschbach.de\/staging2025\/2023\/09\/26\/spende-fuer-unsere-kinder-und-jugendfuerwehr-aschbach\/dsc_3098\/\" data-orig-file=\"https:\/\/i0.wp.com\/unser-aschbach.de\/staging2025\/wp-content\/uploads\/2023\/09\/DSC_3098-scaled.jpg?fit=1200%2C800&amp;ssl=1\" data-orig-size=\"1200,800\" data-comments-opened=\"1\" data-image-meta=\"{&quot;aperture&quot;:&quot;5&quot;,&quot;credit&quot;:&quot;&quot;,&quot;camera&quot;:&quot;NIKON D3100&quot;,&quot;caption&quot;:&quot;&quot;,&quot;created_timestamp&quot;:&quot;1694805567&quot;,&quot;copyright&quot;:&quot;&quot;,&quot;focal_length&quot;:&quot;23&quot;,&quot;iso&quot;:&quot;400&quot;,&quot;shutter_speed&quot;:&quot;0.01&quot;,&quot;title&quot;:&quot;&quot;,&quot;orientation&quot;:&quot;1&quot;}\" data-image-title=\"DSC_3098\" data-image-description=\"\" data-image-caption=\"\" data-medium-file=\"https:\/\/i0.wp.com\/unser-aschbach.de\/staging2025\/wp-content\/uploads\/2023\/09\/DSC_3098-scaled.jpg?fit=300%2C200&amp;ssl=1\" data-large-file=\"https:\/\/i0.wp.com\/unser-aschbach.de\/staging2025\/wp-content\/uploads\/2023\/09\/DSC_3098-scaled.jpg?fit=900%2C600&amp;ssl=1\" data-id=\"5373\" src=\"https:\/\/i0.wp.com\/unser-aschbach.de\/staging2025\/wp-content\/uploads\/2023\/09\/DSC_3098.jpg?resize=900%2C600&#038;ssl=1\" alt=\"\" class=\"wp-image-5373\" srcset=\"https:\/\/i0.wp.com\/unser-aschbach.de\/staging2025\/wp-content\/uploads\/2023\/09\/DSC_3098-scaled.jpg?resize=1024%2C683&amp;ssl=1 1024w, https:\/\/i0.wp.com\/unser-aschbach.de\/staging2025\/wp-content\/uploads\/2023\/09\/DSC_3098-scaled.jpg?resize=300%2C200&amp;ssl=1 300w, https:\/\/i0.wp.com\/unser-aschbach.de\/staging2025\/wp-content\/uploads\/2023\/09\/DSC_3098-scaled.jpg?resize=768%2C512&amp;ssl=1 768w, https:\/\/i0.wp.com\/unser-aschbach.de\/staging2025\/wp-content\/uploads\/2023\/09\/DSC_3098-scaled.jpg?resize=1536%2C1024&amp;ssl=1 1536w, https:\/\/i0.wp.com\/unser-aschbach.de\/staging2025\/wp-content\/uploads\/2023\/09\/DSC_3098-scaled.jpg?resize=2048%2C1365&amp;ssl=1 2048w, https:\/\/i0.wp.com\/unser-aschbach.de\/staging2025\/wp-content\/uploads\/2023\/09\/DSC_3098-scaled.jpg?w=1200&amp;ssl=1 1200w\" sizes=\"(max-width: 900px) 100vw, 900px\" \/><\/figure>\n<\/figure>\n<div class=\"shariff shariff-align-flex-start shariff-widget-align-flex-start\"><ul class=\"shariff-buttons theme-round orientation-horizontal buttonsize-medium\"><li class=\"shariff-button mailto shariff-nocustomcolor\" style=\"background-color:#a8a8a8\"><a href=\"mailto:?body=https%3A%2F%2Funser-aschbach.de%2Fstaging2025%2F2023%2F09%2F26%2Fspende-fuer-unsere-kinder-und-jugendfuerwehr-aschbach%2F&subject=SPENDE%20f%C3%BCr%20unsere%20KINDER-%20und%20JUGENDFUERWEHR%20ASCHBACH\" title=\"Per E-Mail versenden\" aria-label=\"Per E-Mail versenden\" role=\"button\" rel=\"noopener nofollow\" class=\"shariff-link\" style=\"; background-color:#999; color:#fff\"><span class=\"shariff-icon\" style=\"\"><svg width=\"32px\" height=\"20px\" xmlns=\"http:\/\/www.w3.org\/2000\/svg\" viewBox=\"0 0 32 32\"><path fill=\"#999\" d=\"M32 12.7v14.2q0 1.2-0.8 2t-2 0.9h-26.3q-1.2 0-2-0.9t-0.8-2v-14.2q0.8 0.9 1.8 1.6 6.5 4.4 8.9 6.1 1 0.8 1.6 1.2t1.7 0.9 2 0.4h0.1q0.9 0 2-0.4t1.7-0.9 1.6-1.2q3-2.2 8.9-6.1 1-0.7 1.8-1.6zM32 7.4q0 1.4-0.9 2.7t-2.2 2.2q-6.7 4.7-8.4 5.8-0.2 0.1-0.7 0.5t-1 0.7-0.9 0.6-1.1 0.5-0.9 0.2h-0.1q-0.4 0-0.9-0.2t-1.1-0.5-0.9-0.6-1-0.7-0.7-0.5q-1.6-1.1-4.7-3.2t-3.6-2.6q-1.1-0.7-2.1-2t-1-2.5q0-1.4 0.7-2.3t2.1-0.9h26.3q1.2 0 2 0.8t0.9 2z\"\/><\/svg><\/span><\/a><\/li><li class=\"shariff-button facebook shariff-nocustomcolor\" style=\"background-color:#4273c8\"><a href=\"https:\/\/www.facebook.com\/sharer\/sharer.php?u=https%3A%2F%2Funser-aschbach.de%2Fstaging2025%2F2023%2F09%2F26%2Fspende-fuer-unsere-kinder-und-jugendfuerwehr-aschbach%2F\" title=\"Bei Facebook teilen\" aria-label=\"Bei Facebook teilen\" role=\"button\" rel=\"nofollow\" class=\"shariff-link\" style=\"; background-color:#3b5998; color:#fff\" target=\"_blank\"><span class=\"shariff-icon\" style=\"\"><svg width=\"32px\" height=\"20px\" xmlns=\"http:\/\/www.w3.org\/2000\/svg\" viewBox=\"0 0 18 32\"><path fill=\"#3b5998\" d=\"M17.1 0.2v4.7h-2.8q-1.5 0-2.1 0.6t-0.5 1.9v3.4h5.2l-0.7 5.3h-4.5v13.6h-5.5v-13.6h-4.5v-5.3h4.5v-3.9q0-3.3 1.9-5.2t5-1.8q2.6 0 4.1 0.2z\"\/><\/svg><\/span><\/a><\/li><li class=\"shariff-button whatsapp shariff-nocustomcolor\" style=\"background-color:#5cbe4a\"><a href=\"https:\/\/api.whatsapp.com\/send?text=https%3A%2F%2Funser-aschbach.de%2Fstaging2025%2F2023%2F09%2F26%2Fspende-fuer-unsere-kinder-und-jugendfuerwehr-aschbach%2F%20SPENDE%20f%C3%BCr%20unsere%20KINDER-%20und%20JUGENDFUERWEHR%20ASCHBACH\" title=\"Bei Whatsapp teilen\" aria-label=\"Bei Whatsapp teilen\" role=\"button\" rel=\"noopener nofollow\" class=\"shariff-link\" style=\"; background-color:#34af23; color:#fff\" target=\"_blank\"><span class=\"shariff-icon\" style=\"\"><svg width=\"32px\" height=\"20px\" xmlns=\"http:\/\/www.w3.org\/2000\/svg\" viewBox=\"0 0 32 32\"><path fill=\"#34af23\" d=\"M17.6 17.4q0.2 0 1.7 0.8t1.6 0.9q0 0.1 0 0.3 0 0.6-0.3 1.4-0.3 0.7-1.3 1.2t-1.8 0.5q-1 0-3.4-1.1-1.7-0.8-3-2.1t-2.6-3.3q-1.3-1.9-1.3-3.5v-0.1q0.1-1.6 1.3-2.8 0.4-0.4 0.9-0.4 0.1 0 0.3 0t0.3 0q0.3 0 0.5 0.1t0.3 0.5q0.1 0.4 0.6 1.6t0.4 1.3q0 0.4-0.6 1t-0.6 0.8q0 0.1 0.1 0.3 0.6 1.3 1.8 2.4 1 0.9 2.7 1.8 0.2 0.1 0.4 0.1 0.3 0 1-0.9t0.9-0.9zM14 26.9q2.3 0 4.3-0.9t3.6-2.4 2.4-3.6 0.9-4.3-0.9-4.3-2.4-3.6-3.6-2.4-4.3-0.9-4.3 0.9-3.6 2.4-2.4 3.6-0.9 4.3q0 3.6 2.1 6.6l-1.4 4.2 4.3-1.4q2.8 1.9 6.2 1.9zM14 2.2q2.7 0 5.2 1.1t4.3 2.9 2.9 4.3 1.1 5.2-1.1 5.2-2.9 4.3-4.3 2.9-5.2 1.1q-3.5 0-6.5-1.7l-7.4 2.4 2.4-7.2q-1.9-3.2-1.9-6.9 0-2.7 1.1-5.2t2.9-4.3 4.3-2.9 5.2-1.1z\"\/><\/svg><\/span><\/a><\/li><\/ul><\/div>","protected":false},"excerpt":{"rendered":"<p>Autor: Josef Nickolai Im Rahmen der Berufsfeuerwehrtage 2023 erhielt unsere Kinder- und Jugendfeuerwehr Aschbach eine gr\u00f6\u00dfere Geldspende unseres Aschbacher Mitb\u00fcrgers Elmar Behr.&nbsp; Der Croupier und Schiedsrichter&#8211;Obmann der Gruppe Theel hatte anl\u00e4sslich seines 60sten Geburtstages auch Geldgeschenke erhalten, von denen er nun, in Anwesenheit des L\u00f6schbezirksf\u00fchrers Andreas Kreutzer und Ortsvorsteher (OV) Josef Nickolai, einen ansehnlichen Teil&#8230;<\/p>\n<p> <a class=\"continue-reading-link\" href=\"https:\/\/unser-aschbach.de\/staging2025\/2023\/09\/26\/spende-fuer-unsere-kinder-und-jugendfuerwehr-aschbach\/\"><span>weiterlesen<\/span><i class=\"crycon-right-dir\"><\/i><\/a> <\/p>\n","protected":false},"author":1,"featured_media":5373,"comment_status":"open","ping_status":"open","sticky":false,"template":"","format":"standard","meta":{"jetpack_post_was_ever_published":false,"_jetpack_newsletter_access":"","_jetpack_dont_email_post_to_subs":false,"_jetpack_newsletter_tier_id":0,"_jetpack_memberships_contains_paywalled_content":false,"_jetpack_memberships_contains_paid_content":false,"footnotes":"","jetpack_publicize_message":"","jetpack_publicize_feature_enabled":true,"jetpack_social_post_already_shared":true,"jetpack_social_options":{"image_generator_settings":{"template":"highway","default_image_id":0,"font":"","enabled":false},"version":2}},"categories":[15,1,46],"tags":[250],"class_list":["post-5372","post","type-post","status-publish","format-standard","has-post-thumbnail","hentry","category-aktionen","category-allgemein","category-feuerwehr","tag-elmar-behr"],"jetpack_publicize_connections":[],"jetpack_featured_media_url":"https:\/\/i0.wp.com\/unser-aschbach.de\/staging2025\/wp-content\/uploads\/2023\/09\/DSC_3098-scaled.jpg?fit=1200%2C800&ssl=1","jetpack_shortlink":"https:\/\/wp.me\/pggZrZ-1oE","jetpack-related-posts":[{"id":5024,"url":"https:\/\/unser-aschbach.de\/staging2025\/2022\/06\/05\/50-jahre-jugendfeuerwehr-aschbach%ef%bf%bc\/","url_meta":{"origin":5372,"position":0},"title":"50 Jahre\u00a0 JUGENDFEUERWEHR\u00a0 ASCHBACH","author":"Someone","date":"5. Juni 2022","format":false,"excerpt":"Aschbacher Wehr feiert tolles, zweit\u00e4giges Jubil\u00e4umsfest! Autor: Josef Nickolai Sowohl am Er\u00f6ffnungstag als auch am zweiten Festtag (Vatertag) str\u00f6mten bei angenehmen Temperaturen ganz, ganz viele Einheimische und G\u00e4ste zur Aschbacher Feuerwehr rund ums Ger\u00e4tehaus und in die Mehrzweckhalle. Das Aschbacher Dorfleben nahm m\u00e4chtig Fahrt auf! Mit einer eloquenten Ministerpr\u00e4sidentin Anke\u2026","rel":"","context":"In &quot;Aktionen&quot;","block_context":{"text":"Aktionen","link":"https:\/\/unser-aschbach.de\/staging2025\/category\/der-ort\/aktionen\/"},"img":{"alt_text":"","src":"https:\/\/i0.wp.com\/unser-aschbach.de\/staging2025\/wp-content\/uploads\/2022\/06\/DSC_1415-scaled.jpg?fit=1200%2C800&ssl=1&resize=350%2C200","width":350,"height":200,"srcset":"https:\/\/i0.wp.com\/unser-aschbach.de\/staging2025\/wp-content\/uploads\/2022\/06\/DSC_1415-scaled.jpg?fit=1200%2C800&ssl=1&resize=350%2C200 1x, https:\/\/i0.wp.com\/unser-aschbach.de\/staging2025\/wp-content\/uploads\/2022\/06\/DSC_1415-scaled.jpg?fit=1200%2C800&ssl=1&resize=525%2C300 1.5x, https:\/\/i0.wp.com\/unser-aschbach.de\/staging2025\/wp-content\/uploads\/2022\/06\/DSC_1415-scaled.jpg?fit=1200%2C800&ssl=1&resize=700%2C400 2x, https:\/\/i0.wp.com\/unser-aschbach.de\/staging2025\/wp-content\/uploads\/2022\/06\/DSC_1415-scaled.jpg?fit=1200%2C800&ssl=1&resize=1050%2C600 3x"},"classes":[]},{"id":5400,"url":"https:\/\/unser-aschbach.de\/staging2025\/2023\/10\/29\/interessante-abschlussuebung-2023-des-loeschbezirks-aschbach\/","url_meta":{"origin":5372,"position":1},"title":"Interessante Abschluss\u00fcbung 2023 des L\u00f6schbezirks Aschbach","author":"Someone","date":"29. Oktober 2023","format":false,"excerpt":"Autor: Josef Nickolai Zur diesj\u00e4hrigen Abschluss\u00fcbung riefen die Sirenen unsere Feuerwehrkameraden des L\u00f6schbezirks Aschbach auf den Festplatz. Das \u00dcbungsthema \u201eEinsatz bei einem Unfall mit Gef\u00e4hrdungsstoffen\u201c zeigte erneut den mittlerweile sehr vielf\u00e4ltigen, gro\u00dfen Einsatzbereich der Freiwilligen Feuerwehr. In der interessanten \u00dcbung, organisatorisch aufgestellt vom Feuerwehrkameraden David Sch\u00e4fer und einsatzm\u00e4\u00dfig geleitet vom\u2026","rel":"","context":"In &quot;Aktionen&quot;","block_context":{"text":"Aktionen","link":"https:\/\/unser-aschbach.de\/staging2025\/category\/der-ort\/aktionen\/"},"img":{"alt_text":"","src":"https:\/\/i0.wp.com\/unser-aschbach.de\/staging2025\/wp-content\/uploads\/2023\/10\/DSC_3215-scaled.jpg?fit=1200%2C800&ssl=1&resize=350%2C200","width":350,"height":200,"srcset":"https:\/\/i0.wp.com\/unser-aschbach.de\/staging2025\/wp-content\/uploads\/2023\/10\/DSC_3215-scaled.jpg?fit=1200%2C800&ssl=1&resize=350%2C200 1x, https:\/\/i0.wp.com\/unser-aschbach.de\/staging2025\/wp-content\/uploads\/2023\/10\/DSC_3215-scaled.jpg?fit=1200%2C800&ssl=1&resize=525%2C300 1.5x, https:\/\/i0.wp.com\/unser-aschbach.de\/staging2025\/wp-content\/uploads\/2023\/10\/DSC_3215-scaled.jpg?fit=1200%2C800&ssl=1&resize=700%2C400 2x, https:\/\/i0.wp.com\/unser-aschbach.de\/staging2025\/wp-content\/uploads\/2023\/10\/DSC_3215-scaled.jpg?fit=1200%2C800&ssl=1&resize=1050%2C600 3x"},"classes":[]},{"id":5014,"url":"https:\/\/unser-aschbach.de\/staging2025\/2022\/05\/14\/traditioneller-hexentanz-am-maibaum-blocksberg-hexen-landen-bei-der-feuerwehr\/","url_meta":{"origin":5372,"position":2},"title":"Traditioneller HEXENTANZ am MAIBAUM !!! Blocksberg-Hexen landen bei der Feuerwehr","author":"Someone","date":"14. Mai 2022","format":false,"excerpt":"\u00a0\u00a0\u00a0\u00a0\u00a0\u00a0\u00a0\u00a0\u00a0\u00a0\u00a0\u00a0\u00a0\u00a0\u00a0\u00a0\u00a0\u00a0\u00a0\u00a0\u00a0\u00a0\u00a0\u00a0\u00a0 ENDLICH!!! Nach zweij\u00e4hriger Zwangspause belebt unsere Freiwillige Feuerwehr wieder diese sch\u00f6ne Tradition f\u00fcr unsere Kinder und Mitb\u00fcrgerInnen. Bei optimalem, sonnigem, trockenem Feier- und \u201eFlugwetter\u201c er\u00f6ffnete L\u00f6schbezirksf\u00fchrer Hubert Sch\u00f6n traditionell den diesj\u00e4hrigen Hexentanz. Zahlreiche gro\u00dfe und kleine AschbacherInnen fanden an diesem sch\u00f6nen, letzten Apriltag den Weg zum Ger\u00e4tehaus, wo unsere\u2026","rel":"","context":"In &quot;Aktionen&quot;","block_context":{"text":"Aktionen","link":"https:\/\/unser-aschbach.de\/staging2025\/category\/der-ort\/aktionen\/"},"img":{"alt_text":"","src":"https:\/\/i0.wp.com\/unser-aschbach.de\/staging2025\/wp-content\/uploads\/2022\/05\/DSC_1458-scaled.jpg?fit=1200%2C800&ssl=1&resize=350%2C200","width":350,"height":200,"srcset":"https:\/\/i0.wp.com\/unser-aschbach.de\/staging2025\/wp-content\/uploads\/2022\/05\/DSC_1458-scaled.jpg?fit=1200%2C800&ssl=1&resize=350%2C200 1x, https:\/\/i0.wp.com\/unser-aschbach.de\/staging2025\/wp-content\/uploads\/2022\/05\/DSC_1458-scaled.jpg?fit=1200%2C800&ssl=1&resize=525%2C300 1.5x, https:\/\/i0.wp.com\/unser-aschbach.de\/staging2025\/wp-content\/uploads\/2022\/05\/DSC_1458-scaled.jpg?fit=1200%2C800&ssl=1&resize=700%2C400 2x, https:\/\/i0.wp.com\/unser-aschbach.de\/staging2025\/wp-content\/uploads\/2022\/05\/DSC_1458-scaled.jpg?fit=1200%2C800&ssl=1&resize=1050%2C600 3x"},"classes":[]},{"id":4888,"url":"https:\/\/unser-aschbach.de\/staging2025\/2021\/10\/21\/freiwillige-feuerwehr-lebach-loeschbezirk-aschbach-jahresabschlussuebung-2021\/","url_meta":{"origin":5372,"position":3},"title":"Freiwillige Feuerwehr Lebach-L\u00f6schbezirk ASCHBACH-JAHRESABSCHLUSS\u00dcBUNG 2021","author":"Someone","date":"21. Oktober 2021","format":false,"excerpt":"Viele Aschbacher Mitb\u00fcrgerinnen und Mitb\u00fcrger fanden am Samstag, 16.10.2021 den Weg zum Dorfgemeinschaftshaus und besuchten die diesj\u00e4hrige Jahresabschluss\u00fcbung unserer Freiwilligen Feuerwehr. Auf dem ehemaligen Schulhof fand zun\u00e4chst die eindrucksvolle Demonstration eines Friteusebrandes \u201egel\u00f6scht\u201c mit Wasser statt. Dabei war aus sicherer Zuschauerentfernung die verheerende Wirkung des Wassers auf brennendes \u00d6l zu\u2026","rel":"","context":"In &quot;Aktionen&quot;","block_context":{"text":"Aktionen","link":"https:\/\/unser-aschbach.de\/staging2025\/category\/der-ort\/aktionen\/"},"img":{"alt_text":"","src":"https:\/\/i0.wp.com\/unser-aschbach.de\/staging2025\/wp-content\/uploads\/2021\/10\/DSC_1175-scaled.jpg?fit=1200%2C800&ssl=1&resize=350%2C200","width":350,"height":200,"srcset":"https:\/\/i0.wp.com\/unser-aschbach.de\/staging2025\/wp-content\/uploads\/2021\/10\/DSC_1175-scaled.jpg?fit=1200%2C800&ssl=1&resize=350%2C200 1x, https:\/\/i0.wp.com\/unser-aschbach.de\/staging2025\/wp-content\/uploads\/2021\/10\/DSC_1175-scaled.jpg?fit=1200%2C800&ssl=1&resize=525%2C300 1.5x, https:\/\/i0.wp.com\/unser-aschbach.de\/staging2025\/wp-content\/uploads\/2021\/10\/DSC_1175-scaled.jpg?fit=1200%2C800&ssl=1&resize=700%2C400 2x, https:\/\/i0.wp.com\/unser-aschbach.de\/staging2025\/wp-content\/uploads\/2021\/10\/DSC_1175-scaled.jpg?fit=1200%2C800&ssl=1&resize=1050%2C600 3x"},"classes":[]}],"jetpack_sharing_enabled":true,"_links":{"self":[{"href":"https:\/\/unser-aschbach.de\/staging2025\/wp-json\/wp\/v2\/posts\/5372","targetHints":{"allow":["GET"]}}],"collection":[{"href":"https:\/\/unser-aschbach.de\/staging2025\/wp-json\/wp\/v2\/posts"}],"about":[{"href":"https:\/\/unser-aschbach.de\/staging2025\/wp-json\/wp\/v2\/types\/post"}],"author":[{"embeddable":true,"href":"https:\/\/unser-aschbach.de\/staging2025\/wp-json\/wp\/v2\/users\/1"}],"replies":[{"embeddable":true,"href":"https:\/\/unser-aschbach.de\/staging2025\/wp-json\/wp\/v2\/comments?post=5372"}],"version-history":[{"count":4,"href":"https:\/\/unser-aschbach.de\/staging2025\/wp-json\/wp\/v2\/posts\/5372\/revisions"}],"predecessor-version":[{"id":5379,"href":"https:\/\/unser-aschbach.de\/staging2025\/wp-json\/wp\/v2\/posts\/5372\/revisions\/5379"}],"wp:featuredmedia":[{"embeddable":true,"href":"https:\/\/unser-aschbach.de\/staging2025\/wp-json\/wp\/v2\/media\/5373"}],"wp:attachment":[{"href":"https:\/\/unser-aschbach.de\/staging2025\/wp-json\/wp\/v2\/media?parent=5372"}],"wp:term":[{"taxonomy":"category","embeddable":true,"href":"https:\/\/unser-aschbach.de\/staging2025\/wp-json\/wp\/v2\/categories?post=5372"},{"taxonomy":"post_tag","embeddable":true,"href":"https:\/\/unser-aschbach.de\/staging2025\/wp-json\/wp\/v2\/tags?post=5372"}],"curies":[{"name":"wp","href":"https:\/\/api.w.org\/{rel}","templated":true}]}}