{"id":5359,"date":"2023-09-07T15:00:38","date_gmt":"2023-09-07T13:00:38","guid":{"rendered":"https:\/\/unser-aschbach.de\/staging2025\/?p=5359"},"modified":"2023-09-07T15:05:45","modified_gmt":"2023-09-07T13:05:45","slug":"19-dtb-voelkerball-pokal","status":"publish","type":"post","link":"https:\/\/unser-aschbach.de\/staging2025\/2023\/09\/07\/19-dtb-voelkerball-pokal\/","title":{"rendered":"19. DTB V\u00f6lkerball Pokal"},"content":{"rendered":"\n<h2 class=\"wp-block-heading has-text-align-center\"><strong>TV Aschbach gl\u00e4nzt bundesweit mit 5. Platz<\/strong><\/h2>\n\n\n\n<p><strong>Autor: Josef Nickolai<\/strong><\/p>\n\n\n\n<p class=\"has-drop-cap has-vivid-green-cyan-background-color has-background\">Ohrenbet\u00e4ubende Fanges\u00e4nge und Anfeuerungsch\u00f6re erf\u00fcllten die Sporthalle Mettlach am ersten September-Wochenende. Spannung pur und totale Begeisterung oder tiefe Entt\u00e4uschung lagen in der Luft.<\/p>\n\n\n\n<p class=\"has-white-background-color has-background\">14 V\u00f6lkerballmannschaften aus der BRD trafen sich zum Kr\u00e4ftemessen beim 19. DTB-Pokal.&nbsp; Das <strong>SAARLAND <\/strong>wurde vertreten durch <strong>&nbsp;Bous, Eppelborn, Humes, Stennweiler <em>und nat\u00fcrlich unseren TV Aschbach, eine der saarl\u00e4ndischen V\u00f6lkerball-Hochburgen.<\/em><\/strong><\/p>\n\n\n\n<!--more-->\n\n\n\n<p>In den samst\u00e4glichen Gruppenspielen gegen die DJK Dellbr\u00fcck und Altenoyten fehlte unserem Team leider <strong>nur ein Abwurf<\/strong>, um in die leichtere sonnt\u00e4gliche 3er-Gruppe zu kommen. So hatten unsere Spielerinnen um Spielf\u00fchrerin Nadja Becker es sonntags mit Vorjahrssieger WT Loppersum und dem starken AT Rodenkirchen zu tun: Vor einem gro\u00dfem, begeistertem Fanblock, alle im Fan-T-Shirt, zog unserTeam nach den beiden total spannenden Spielen leider knapp den K\u00fcrzeren, so dass man im letzten Turnierspiel um den 5. Platz spielte; hier gewann man zur Freude der Spielerinnen und der vielen mitgereisten Fans souver\u00e4n gegen Hage.<\/p>\n\n\n\n<p><strong>Trainerin Anika Gro\u00df war letztendlich sehr, sehr stolz mit den gezeigten Leistungen ihres 13 k\u00f6pfigen Spielerinnenteams.<\/strong><\/p>\n\n\n\n<p><strong>&nbsp;Einen HERZLICHEN GL\u00dcCKWUNSCH zu dieser gezeigten herausragenden Leistung und gl\u00e4nzenden Platzierung!!!&nbsp; Ausdauer, Beweglichkeit, Wurf und Motivation waren topp!!!<\/strong><\/p>\n\n\n\n<p><strong>Nicht nur Aschbach, das gesamte Theeltal kann m\u00e4chtig stolz sein auf diese klasse Leistung der V\u00d6LKERBALLERINNEN des TV ASCHBACH im DTB-POKAL!!!<\/strong><\/p>\n\n\n\n<p><\/p>\n\n\n\n<figure class=\"wp-block-gallery has-nested-images columns-default is-cropped wp-block-gallery-1 is-layout-flex wp-block-gallery-is-layout-flex\">\n<figure class=\"wp-block-image size-large\"><img data-recalc-dims=\"1\" decoding=\"async\" width=\"900\" height=\"675\" data-attachment-id=\"5361\" data-permalink=\"https:\/\/unser-aschbach.de\/staging2025\/2023\/09\/07\/19-dtb-voelkerball-pokal\/img-20230905-wa0006\/\" data-orig-file=\"https:\/\/i0.wp.com\/unser-aschbach.de\/staging2025\/wp-content\/uploads\/2023\/09\/IMG-20230905-WA0006.jpg?fit=1024%2C768&amp;ssl=1\" data-orig-size=\"1024,768\" data-comments-opened=\"1\" data-image-meta=\"{&quot;aperture&quot;:&quot;0&quot;,&quot;credit&quot;:&quot;&quot;,&quot;camera&quot;:&quot;&quot;,&quot;caption&quot;:&quot;&quot;,&quot;created_timestamp&quot;:&quot;0&quot;,&quot;copyright&quot;:&quot;&quot;,&quot;focal_length&quot;:&quot;0&quot;,&quot;iso&quot;:&quot;0&quot;,&quot;shutter_speed&quot;:&quot;0&quot;,&quot;title&quot;:&quot;&quot;,&quot;orientation&quot;:&quot;0&quot;}\" data-image-title=\"IMG-20230905-WA0006\" data-image-description=\"\" data-image-caption=\"\" data-medium-file=\"https:\/\/i0.wp.com\/unser-aschbach.de\/staging2025\/wp-content\/uploads\/2023\/09\/IMG-20230905-WA0006.jpg?fit=300%2C225&amp;ssl=1\" data-large-file=\"https:\/\/i0.wp.com\/unser-aschbach.de\/staging2025\/wp-content\/uploads\/2023\/09\/IMG-20230905-WA0006.jpg?fit=900%2C675&amp;ssl=1\" data-id=\"5361\" src=\"https:\/\/i0.wp.com\/unser-aschbach.de\/staging2025\/wp-content\/uploads\/2023\/09\/IMG-20230905-WA0006.jpg?resize=900%2C675&#038;ssl=1\" alt=\"\" class=\"wp-image-5361\" srcset=\"https:\/\/i0.wp.com\/unser-aschbach.de\/staging2025\/wp-content\/uploads\/2023\/09\/IMG-20230905-WA0006.jpg?w=1024&amp;ssl=1 1024w, https:\/\/i0.wp.com\/unser-aschbach.de\/staging2025\/wp-content\/uploads\/2023\/09\/IMG-20230905-WA0006.jpg?resize=300%2C225&amp;ssl=1 300w, https:\/\/i0.wp.com\/unser-aschbach.de\/staging2025\/wp-content\/uploads\/2023\/09\/IMG-20230905-WA0006.jpg?resize=768%2C576&amp;ssl=1 768w\" sizes=\"(max-width: 900px) 100vw, 900px\" \/><figcaption class=\"wp-element-caption\">TEAM mit Spielertrainerin Anika Gro\u00df und Spielercotrainerin Sarah Klein<\/figcaption><\/figure>\n\n\n\n<figure class=\"wp-block-image size-large\"><img data-recalc-dims=\"1\" decoding=\"async\" width=\"576\" height=\"1024\" data-attachment-id=\"5362\" data-permalink=\"https:\/\/unser-aschbach.de\/staging2025\/2023\/09\/07\/19-dtb-voelkerball-pokal\/img-20230905-wa0008\/\" data-orig-file=\"https:\/\/i0.wp.com\/unser-aschbach.de\/staging2025\/wp-content\/uploads\/2023\/09\/IMG-20230905-WA0008.jpg?fit=675%2C1200&amp;ssl=1\" data-orig-size=\"675,1200\" data-comments-opened=\"1\" data-image-meta=\"{&quot;aperture&quot;:&quot;0&quot;,&quot;credit&quot;:&quot;&quot;,&quot;camera&quot;:&quot;&quot;,&quot;caption&quot;:&quot;&quot;,&quot;created_timestamp&quot;:&quot;0&quot;,&quot;copyright&quot;:&quot;&quot;,&quot;focal_length&quot;:&quot;0&quot;,&quot;iso&quot;:&quot;0&quot;,&quot;shutter_speed&quot;:&quot;0&quot;,&quot;title&quot;:&quot;&quot;,&quot;orientation&quot;:&quot;0&quot;}\" data-image-title=\"IMG-20230905-WA0008\" data-image-description=\"\" data-image-caption=\"\" data-medium-file=\"https:\/\/i0.wp.com\/unser-aschbach.de\/staging2025\/wp-content\/uploads\/2023\/09\/IMG-20230905-WA0008.jpg?fit=169%2C300&amp;ssl=1\" data-large-file=\"https:\/\/i0.wp.com\/unser-aschbach.de\/staging2025\/wp-content\/uploads\/2023\/09\/IMG-20230905-WA0008.jpg?fit=576%2C1024&amp;ssl=1\" data-id=\"5362\" src=\"https:\/\/i0.wp.com\/unser-aschbach.de\/staging2025\/wp-content\/uploads\/2023\/09\/IMG-20230905-WA0008.jpg?resize=576%2C1024&#038;ssl=1\" alt=\"Einschw\u00f6rung durch Spielf\u00fchrerin Nadja Becker\" class=\"wp-image-5362\" srcset=\"https:\/\/i0.wp.com\/unser-aschbach.de\/staging2025\/wp-content\/uploads\/2023\/09\/IMG-20230905-WA0008.jpg?resize=576%2C1024&amp;ssl=1 576w, https:\/\/i0.wp.com\/unser-aschbach.de\/staging2025\/wp-content\/uploads\/2023\/09\/IMG-20230905-WA0008.jpg?resize=169%2C300&amp;ssl=1 169w, https:\/\/i0.wp.com\/unser-aschbach.de\/staging2025\/wp-content\/uploads\/2023\/09\/IMG-20230905-WA0008.jpg?w=675&amp;ssl=1 675w\" sizes=\"(max-width: 576px) 100vw, 576px\" \/><figcaption class=\"wp-element-caption\">Einschw\u00f6rung durch Spielf\u00fchrerin Nadja Becker<\/figcaption><\/figure>\n\n\n\n<figure class=\"wp-block-image size-large\"><img data-recalc-dims=\"1\" decoding=\"async\" width=\"900\" height=\"675\" data-attachment-id=\"5360\" data-permalink=\"https:\/\/unser-aschbach.de\/staging2025\/2023\/09\/07\/19-dtb-voelkerball-pokal\/img-20230905-wa0007\/\" data-orig-file=\"https:\/\/i0.wp.com\/unser-aschbach.de\/staging2025\/wp-content\/uploads\/2023\/09\/IMG-20230905-WA0007.jpg?fit=1024%2C768&amp;ssl=1\" data-orig-size=\"1024,768\" data-comments-opened=\"1\" data-image-meta=\"{&quot;aperture&quot;:&quot;0&quot;,&quot;credit&quot;:&quot;&quot;,&quot;camera&quot;:&quot;&quot;,&quot;caption&quot;:&quot;&quot;,&quot;created_timestamp&quot;:&quot;0&quot;,&quot;copyright&quot;:&quot;&quot;,&quot;focal_length&quot;:&quot;0&quot;,&quot;iso&quot;:&quot;0&quot;,&quot;shutter_speed&quot;:&quot;0&quot;,&quot;title&quot;:&quot;&quot;,&quot;orientation&quot;:&quot;0&quot;}\" data-image-title=\"IMG-20230905-WA0007\" data-image-description=\"\" data-image-caption=\"\" data-medium-file=\"https:\/\/i0.wp.com\/unser-aschbach.de\/staging2025\/wp-content\/uploads\/2023\/09\/IMG-20230905-WA0007.jpg?fit=300%2C225&amp;ssl=1\" data-large-file=\"https:\/\/i0.wp.com\/unser-aschbach.de\/staging2025\/wp-content\/uploads\/2023\/09\/IMG-20230905-WA0007.jpg?fit=900%2C675&amp;ssl=1\" data-id=\"5360\" src=\"https:\/\/i0.wp.com\/unser-aschbach.de\/staging2025\/wp-content\/uploads\/2023\/09\/IMG-20230905-WA0007.jpg?resize=900%2C675&#038;ssl=1\" alt=\"Geschafft! Ein vers\u00f6hnlicher Sieg zum Abschluss!!!\" class=\"wp-image-5360\" srcset=\"https:\/\/i0.wp.com\/unser-aschbach.de\/staging2025\/wp-content\/uploads\/2023\/09\/IMG-20230905-WA0007.jpg?w=1024&amp;ssl=1 1024w, https:\/\/i0.wp.com\/unser-aschbach.de\/staging2025\/wp-content\/uploads\/2023\/09\/IMG-20230905-WA0007.jpg?resize=300%2C225&amp;ssl=1 300w, https:\/\/i0.wp.com\/unser-aschbach.de\/staging2025\/wp-content\/uploads\/2023\/09\/IMG-20230905-WA0007.jpg?resize=768%2C576&amp;ssl=1 768w\" sizes=\"(max-width: 900px) 100vw, 900px\" \/><figcaption class=\"wp-element-caption\">Geschafft! Ein vers\u00f6hnlicher Sieg zum Abschluss!!!<\/figcaption><\/figure>\n<\/figure>\n<div class=\"shariff shariff-align-flex-start shariff-widget-align-flex-start\"><ul class=\"shariff-buttons theme-round orientation-horizontal buttonsize-medium\"><li class=\"shariff-button mailto shariff-nocustomcolor\" style=\"background-color:#a8a8a8\"><a href=\"mailto:?body=https%3A%2F%2Funser-aschbach.de%2Fstaging2025%2F2023%2F09%2F07%2F19-dtb-voelkerball-pokal%2F&subject=19.%20DTB%20V%C3%B6lkerball%20Pokal\" title=\"Per E-Mail versenden\" aria-label=\"Per E-Mail versenden\" role=\"button\" rel=\"noopener nofollow\" class=\"shariff-link\" style=\"; background-color:#999; color:#fff\"><span class=\"shariff-icon\" style=\"\"><svg width=\"32px\" height=\"20px\" xmlns=\"http:\/\/www.w3.org\/2000\/svg\" viewBox=\"0 0 32 32\"><path fill=\"#999\" d=\"M32 12.7v14.2q0 1.2-0.8 2t-2 0.9h-26.3q-1.2 0-2-0.9t-0.8-2v-14.2q0.8 0.9 1.8 1.6 6.5 4.4 8.9 6.1 1 0.8 1.6 1.2t1.7 0.9 2 0.4h0.1q0.9 0 2-0.4t1.7-0.9 1.6-1.2q3-2.2 8.9-6.1 1-0.7 1.8-1.6zM32 7.4q0 1.4-0.9 2.7t-2.2 2.2q-6.7 4.7-8.4 5.8-0.2 0.1-0.7 0.5t-1 0.7-0.9 0.6-1.1 0.5-0.9 0.2h-0.1q-0.4 0-0.9-0.2t-1.1-0.5-0.9-0.6-1-0.7-0.7-0.5q-1.6-1.1-4.7-3.2t-3.6-2.6q-1.1-0.7-2.1-2t-1-2.5q0-1.4 0.7-2.3t2.1-0.9h26.3q1.2 0 2 0.8t0.9 2z\"\/><\/svg><\/span><\/a><\/li><li class=\"shariff-button facebook shariff-nocustomcolor\" style=\"background-color:#4273c8\"><a href=\"https:\/\/www.facebook.com\/sharer\/sharer.php?u=https%3A%2F%2Funser-aschbach.de%2Fstaging2025%2F2023%2F09%2F07%2F19-dtb-voelkerball-pokal%2F\" title=\"Bei Facebook teilen\" aria-label=\"Bei Facebook teilen\" role=\"button\" rel=\"nofollow\" class=\"shariff-link\" style=\"; background-color:#3b5998; color:#fff\" target=\"_blank\"><span class=\"shariff-icon\" style=\"\"><svg width=\"32px\" height=\"20px\" xmlns=\"http:\/\/www.w3.org\/2000\/svg\" viewBox=\"0 0 18 32\"><path fill=\"#3b5998\" d=\"M17.1 0.2v4.7h-2.8q-1.5 0-2.1 0.6t-0.5 1.9v3.4h5.2l-0.7 5.3h-4.5v13.6h-5.5v-13.6h-4.5v-5.3h4.5v-3.9q0-3.3 1.9-5.2t5-1.8q2.6 0 4.1 0.2z\"\/><\/svg><\/span><\/a><\/li><li class=\"shariff-button whatsapp shariff-nocustomcolor\" style=\"background-color:#5cbe4a\"><a href=\"https:\/\/api.whatsapp.com\/send?text=https%3A%2F%2Funser-aschbach.de%2Fstaging2025%2F2023%2F09%2F07%2F19-dtb-voelkerball-pokal%2F%2019.%20DTB%20V%C3%B6lkerball%20Pokal\" title=\"Bei Whatsapp teilen\" aria-label=\"Bei Whatsapp teilen\" role=\"button\" rel=\"noopener nofollow\" class=\"shariff-link\" style=\"; background-color:#34af23; color:#fff\" target=\"_blank\"><span class=\"shariff-icon\" style=\"\"><svg width=\"32px\" height=\"20px\" xmlns=\"http:\/\/www.w3.org\/2000\/svg\" viewBox=\"0 0 32 32\"><path fill=\"#34af23\" d=\"M17.6 17.4q0.2 0 1.7 0.8t1.6 0.9q0 0.1 0 0.3 0 0.6-0.3 1.4-0.3 0.7-1.3 1.2t-1.8 0.5q-1 0-3.4-1.1-1.7-0.8-3-2.1t-2.6-3.3q-1.3-1.9-1.3-3.5v-0.1q0.1-1.6 1.3-2.8 0.4-0.4 0.9-0.4 0.1 0 0.3 0t0.3 0q0.3 0 0.5 0.1t0.3 0.5q0.1 0.4 0.6 1.6t0.4 1.3q0 0.4-0.6 1t-0.6 0.8q0 0.1 0.1 0.3 0.6 1.3 1.8 2.4 1 0.9 2.7 1.8 0.2 0.1 0.4 0.1 0.3 0 1-0.9t0.9-0.9zM14 26.9q2.3 0 4.3-0.9t3.6-2.4 2.4-3.6 0.9-4.3-0.9-4.3-2.4-3.6-3.6-2.4-4.3-0.9-4.3 0.9-3.6 2.4-2.4 3.6-0.9 4.3q0 3.6 2.1 6.6l-1.4 4.2 4.3-1.4q2.8 1.9 6.2 1.9zM14 2.2q2.7 0 5.2 1.1t4.3 2.9 2.9 4.3 1.1 5.2-1.1 5.2-2.9 4.3-4.3 2.9-5.2 1.1q-3.5 0-6.5-1.7l-7.4 2.4 2.4-7.2q-1.9-3.2-1.9-6.9 0-2.7 1.1-5.2t2.9-4.3 4.3-2.9 5.2-1.1z\"\/><\/svg><\/span><\/a><\/li><\/ul><\/div>","protected":false},"excerpt":{"rendered":"<p>TV Aschbach gl\u00e4nzt bundesweit mit 5. Platz Autor: Josef Nickolai Ohrenbet\u00e4ubende Fanges\u00e4nge und Anfeuerungsch\u00f6re erf\u00fcllten die Sporthalle Mettlach am ersten September-Wochenende. Spannung pur und totale Begeisterung oder tiefe Entt\u00e4uschung lagen in der Luft. 14 V\u00f6lkerballmannschaften aus der BRD trafen sich zum Kr\u00e4ftemessen beim 19. DTB-Pokal.&nbsp; Das SAARLAND wurde vertreten durch &nbsp;Bous, Eppelborn, Humes, Stennweiler und&#8230;<\/p>\n<p> <a class=\"continue-reading-link\" href=\"https:\/\/unser-aschbach.de\/staging2025\/2023\/09\/07\/19-dtb-voelkerball-pokal\/\"><span>weiterlesen<\/span><i class=\"crycon-right-dir\"><\/i><\/a> <\/p>\n","protected":false},"author":1,"featured_media":5361,"comment_status":"open","ping_status":"open","sticky":false,"template":"","format":"standard","meta":{"jetpack_post_was_ever_published":false,"_jetpack_newsletter_access":"","_jetpack_dont_email_post_to_subs":false,"_jetpack_newsletter_tier_id":0,"_jetpack_memberships_contains_paywalled_content":false,"_jetpack_memberships_contains_paid_content":false,"footnotes":"","jetpack_publicize_message":"","jetpack_publicize_feature_enabled":true,"jetpack_social_post_already_shared":true,"jetpack_social_options":{"image_generator_settings":{"template":"highway","default_image_id":0,"font":"","enabled":false},"version":2}},"categories":[15,1,41],"tags":[157],"class_list":["post-5359","post","type-post","status-publish","format-standard","has-post-thumbnail","hentry","category-aktionen","category-allgemein","category-turnverein","tag-voelkerball"],"jetpack_publicize_connections":[],"jetpack_featured_media_url":"https:\/\/i0.wp.com\/unser-aschbach.de\/staging2025\/wp-content\/uploads\/2023\/09\/IMG-20230905-WA0006.jpg?fit=1024%2C768&ssl=1","jetpack_shortlink":"https:\/\/wp.me\/pggZrZ-1or","jetpack-related-posts":[{"id":4540,"url":"https:\/\/unser-aschbach.de\/staging2025\/2020\/08\/19\/unser-ortsvorsteher-informiert-erfolgreiche-aschbacher-trial-fahrer\/","url_meta":{"origin":5359,"position":0},"title":"Unser Ortsvorsteher informiert &#8211; Erfolgreiche Aschbacher TRIAL-Fahrer","author":"Someone","date":"19. August 2020","format":false,"excerpt":"Beim 2. Lauf zur Saarland-Rheinland\/Pfalz Meisterschaft \u00fcberzeugten einmal mehr Finn Schnur und der neunj\u00e4hrige Nachwuchsfahrer Leo Heinrich, auch ohne Zuschauer: \u00a0\u00a0\u00a0\u00a0\u00a0\u00a0\u00a0\u00a0\u00a0\u00a0\u00a0\u00a0\u00a0\u00a0\u00a0\u00a0\u00a0\u00a0\u00a0\u00a0\u00a0\u00a0\u00a0 In der Klasse III (Spezialisten) gewann Finn Schnur die Jugendwertung. Nach 4 \u00bd Fahrstunden (4Runden) auf dem Kurs in Landsweiler \u00fcberzeugte das Aschbacher Talent in 8 Sektionen souver\u00e4n auf\u2026","rel":"","context":"In &quot;Ortsvorsteher&quot;","block_context":{"text":"Ortsvorsteher","link":"https:\/\/unser-aschbach.de\/staging2025\/category\/der-ort\/ortsvorsteher\/"},"img":{"alt_text":"","src":"https:\/\/i0.wp.com\/unser-aschbach.de\/staging2025\/wp-content\/uploads\/2020\/08\/Finn-Schnur.jpg?fit=900%2C1200&ssl=1&resize=350%2C200","width":350,"height":200,"srcset":"https:\/\/i0.wp.com\/unser-aschbach.de\/staging2025\/wp-content\/uploads\/2020\/08\/Finn-Schnur.jpg?fit=900%2C1200&ssl=1&resize=350%2C200 1x, https:\/\/i0.wp.com\/unser-aschbach.de\/staging2025\/wp-content\/uploads\/2020\/08\/Finn-Schnur.jpg?fit=900%2C1200&ssl=1&resize=525%2C300 1.5x, https:\/\/i0.wp.com\/unser-aschbach.de\/staging2025\/wp-content\/uploads\/2020\/08\/Finn-Schnur.jpg?fit=900%2C1200&ssl=1&resize=700%2C400 2x"},"classes":[]},{"id":5220,"url":"https:\/\/unser-aschbach.de\/staging2025\/2023\/01\/31\/aschbacher-narrekaepp-in-sr3-radio-kappensitzung\/","url_meta":{"origin":5359,"position":1},"title":"Aschbacher Narrek\u00e4pp  in SR3 Radio-Kappensitzung","author":"Someone","date":"31. Januar 2023","format":false,"excerpt":"\u00a0\u00a0\u00a0\u00a0Autor: Josef Nickolai, Fotos: Jonas Schmidt \u00a0 Musikalisch schwungvoll umrahmt von den \u201eLatzegallies\u201c versammelte sich zahlreich die saarl\u00e4ndische Fastnachts-Prominenz zur diesj\u00e4hrigen SR 3 Radio-Kappensitzung. Auf Vorschlag des \u201eVerbandes Saarl\u00e4ndischer Karnevalsvereine\u201c hatte SR 3 in Zusammenarbeit mit \u201eGr\u00fcne Nelke Dudweiler\u201c die \u201eCr\u00e8me de la Cr\u00e8me\u201c saarl\u00e4ndischer B\u00fcttenredner ins B\u00fcrgerhaus Dudweiler eingeladen.\u2026","rel":"","context":"In &quot;Aschbacher Narrek\u00e4pp&quot;","block_context":{"text":"Aschbacher Narrek\u00e4pp","link":"https:\/\/unser-aschbach.de\/staging2025\/category\/vereine\/aschbacher-narrekaepp\/"},"img":{"alt_text":"","src":"https:\/\/i0.wp.com\/unser-aschbach.de\/staging2025\/wp-content\/uploads\/2023\/01\/IMG-20230129-WA0002.jpg?fit=1200%2C900&ssl=1&resize=350%2C200","width":350,"height":200,"srcset":"https:\/\/i0.wp.com\/unser-aschbach.de\/staging2025\/wp-content\/uploads\/2023\/01\/IMG-20230129-WA0002.jpg?fit=1200%2C900&ssl=1&resize=350%2C200 1x, https:\/\/i0.wp.com\/unser-aschbach.de\/staging2025\/wp-content\/uploads\/2023\/01\/IMG-20230129-WA0002.jpg?fit=1200%2C900&ssl=1&resize=525%2C300 1.5x, https:\/\/i0.wp.com\/unser-aschbach.de\/staging2025\/wp-content\/uploads\/2023\/01\/IMG-20230129-WA0002.jpg?fit=1200%2C900&ssl=1&resize=700%2C400 2x, https:\/\/i0.wp.com\/unser-aschbach.de\/staging2025\/wp-content\/uploads\/2023\/01\/IMG-20230129-WA0002.jpg?fit=1200%2C900&ssl=1&resize=1050%2C600 3x"},"classes":[]},{"id":4870,"url":"https:\/\/unser-aschbach.de\/staging2025\/2021\/10\/15\/stadtpokal-2021-der-angelsportfreunde-mit-petri-wetter-fuer-petri-juenger\/","url_meta":{"origin":5359,"position":2},"title":"STADTPOKAL 2021 der Angelsportfreunde mit  \u201ePETRI-Wetter\u201c f\u00fcr \u201ePETRI-J\u00fcnger\u201c","author":"Someone","date":"15. Oktober 2021","format":false,"excerpt":"Insgesamt f\u00fcnf Lebacher Angelvereine beteiligten sich beim diesj\u00e4hrigen Stadtpokal der Angler in Aschbach. Die Angelfreunde Aschbach hatten die Petri-J\u00fcnger der Stadt Lebach zu ihrer gepflegten Weiheranlage im Naherholungsgebiet am Matzenb\u00f6sch eingeladen. Bei herrlichem Wetter, Sonnenschein und blauem Himmel konnte Organisator Dieter Wunsch den Wettbewerb p\u00fcnktlich um 14 Uhr er\u00f6ffnen, der\u2026","rel":"","context":"In &quot;Aktionen&quot;","block_context":{"text":"Aktionen","link":"https:\/\/unser-aschbach.de\/staging2025\/category\/der-ort\/aktionen\/"},"img":{"alt_text":"","src":"https:\/\/i0.wp.com\/unser-aschbach.de\/staging2025\/wp-content\/uploads\/2021\/10\/DSC_1144-scaled.jpg?fit=1200%2C800&ssl=1&resize=350%2C200","width":350,"height":200,"srcset":"https:\/\/i0.wp.com\/unser-aschbach.de\/staging2025\/wp-content\/uploads\/2021\/10\/DSC_1144-scaled.jpg?fit=1200%2C800&ssl=1&resize=350%2C200 1x, https:\/\/i0.wp.com\/unser-aschbach.de\/staging2025\/wp-content\/uploads\/2021\/10\/DSC_1144-scaled.jpg?fit=1200%2C800&ssl=1&resize=525%2C300 1.5x, https:\/\/i0.wp.com\/unser-aschbach.de\/staging2025\/wp-content\/uploads\/2021\/10\/DSC_1144-scaled.jpg?fit=1200%2C800&ssl=1&resize=700%2C400 2x, https:\/\/i0.wp.com\/unser-aschbach.de\/staging2025\/wp-content\/uploads\/2021\/10\/DSC_1144-scaled.jpg?fit=1200%2C800&ssl=1&resize=1050%2C600 3x"},"classes":[]},{"id":4600,"url":"https:\/\/unser-aschbach.de\/staging2025\/2020\/10\/30\/unser-ortsvorsteher-informiert-erfolgreicher-aschbacher-trial-abschluss-2020\/","url_meta":{"origin":5359,"position":3},"title":"Unser Ortsvorsteher informiert &#8211;                           Erfolgreicher  Aschbacher TRIAL-Abschluss 2020","author":"Someone","date":"30. Oktober 2020","format":false,"excerpt":"-Saarl\u00e4ndische Meisterschaft und Saarl\u00e4ndische Vizemeisterschaft Im vierten, abschlie\u00dfenden Wertungslauf in Kerzenheim (Pfalz) blieb unseren Aschbacher\u00a0\u00a0Trial-Fahrern der Erfolg treu. Der 15j\u00e4hrige Finn SCHNUR lie\u00df in seinem Lauf mit einer starken, fahrerischen Trial-Leistung\u00a0\u00a0alle Konkurrenten hinter sich: Nach 4 Runden in 7 Sektionen eroberte er sich nach einer dreist\u00fcndigen Wettkampfzeit einen bravour\u00f6sen 1.Platz.\u2026","rel":"","context":"In &quot;Allgemein&quot;","block_context":{"text":"Allgemein","link":"https:\/\/unser-aschbach.de\/staging2025\/category\/allgemein\/"},"img":{"alt_text":"","src":"https:\/\/i0.wp.com\/unser-aschbach.de\/staging2025\/wp-content\/uploads\/2020\/10\/Leo-Heinrich.jpg?fit=1200%2C900&ssl=1&resize=350%2C200","width":350,"height":200,"srcset":"https:\/\/i0.wp.com\/unser-aschbach.de\/staging2025\/wp-content\/uploads\/2020\/10\/Leo-Heinrich.jpg?fit=1200%2C900&ssl=1&resize=350%2C200 1x, https:\/\/i0.wp.com\/unser-aschbach.de\/staging2025\/wp-content\/uploads\/2020\/10\/Leo-Heinrich.jpg?fit=1200%2C900&ssl=1&resize=525%2C300 1.5x, https:\/\/i0.wp.com\/unser-aschbach.de\/staging2025\/wp-content\/uploads\/2020\/10\/Leo-Heinrich.jpg?fit=1200%2C900&ssl=1&resize=700%2C400 2x, https:\/\/i0.wp.com\/unser-aschbach.de\/staging2025\/wp-content\/uploads\/2020\/10\/Leo-Heinrich.jpg?fit=1200%2C900&ssl=1&resize=1050%2C600 3x"},"classes":[]},{"id":5137,"url":"https:\/\/unser-aschbach.de\/staging2025\/2022\/11\/09\/aschbacher-narrekaepp-beleben-tradition\/","url_meta":{"origin":5359,"position":4},"title":"Aschbacher Narrek\u00e4pp beleben Tradition!","author":"Someone","date":"9. November 2022","format":false,"excerpt":"MARTINI-KIRMES\u00a0 2022 Autor: Josef Nickolai Zum 3. Mal veranstalteten die Aschbacher Narrek\u00e4pp die Martini-Kirmes als Auftakt in die n\u00e4rrische Session; traditionell wird an Martini am 11.11. die Faasend er\u00f6ffnet, in Aschbach getreu dem Narrek\u00e4pp-Motto \u201eUnser Herz schl\u00e4gt f\u00fcr die Faasend!!!\u201c Zahlreiche BesucherInnen fanden letzten Samstag den Weg in die fantasievoll,\u2026","rel":"","context":"In &quot;Aktionen&quot;","block_context":{"text":"Aktionen","link":"https:\/\/unser-aschbach.de\/staging2025\/category\/der-ort\/aktionen\/"},"img":{"alt_text":"","src":"https:\/\/i0.wp.com\/unser-aschbach.de\/staging2025\/wp-content\/uploads\/2022\/11\/IMG-20221107-WA0001-1.jpg?resize=350%2C200","width":350,"height":200,"srcset":"https:\/\/i0.wp.com\/unser-aschbach.de\/staging2025\/wp-content\/uploads\/2022\/11\/IMG-20221107-WA0001-1.jpg?resize=350%2C200 1x, https:\/\/i0.wp.com\/unser-aschbach.de\/staging2025\/wp-content\/uploads\/2022\/11\/IMG-20221107-WA0001-1.jpg?resize=525%2C300 1.5x, https:\/\/i0.wp.com\/unser-aschbach.de\/staging2025\/wp-content\/uploads\/2022\/11\/IMG-20221107-WA0001-1.jpg?resize=700%2C400 2x"},"classes":[]},{"id":5234,"url":"https:\/\/unser-aschbach.de\/staging2025\/2023\/02\/07\/lebendiger-lustiger-aschbacher-dschungel\/","url_meta":{"origin":5359,"position":5},"title":"Lebendiger, lustiger Aschbacher Dschungel!","author":"Someone","date":"7. Februar 2023","format":false,"excerpt":"Autor: Josef Nickolai Zwei Tage liefen die Aschbacher Narrek\u00e4pp auf Hochtouren und verwandelten die gr\u00fcne Dschungel-Arena in der Mehrzweckhalle in ein n\u00e4rrisches Tollhaus. P\u00fcnktlich um 20.11 Uhr begr\u00fc\u00dfte das \u201ePr\u00e4sidiale Drei-Gestirn\u201c Stefan Schr\u00f6der, Sandra-Anna Stark und Simon M\u00fcller freitags die Dschungel-G\u00e4ste zur 1. Dschungel-F\u00fchrung. Zur 1. Kappensitzung fanden B\u00fcrgermeister Klauspeter\u2026","rel":"","context":"In &quot;Aschbacher Narrek\u00e4pp&quot;","block_context":{"text":"Aschbacher Narrek\u00e4pp","link":"https:\/\/unser-aschbach.de\/staging2025\/category\/vereine\/aschbacher-narrekaepp\/"},"img":{"alt_text":"","src":"https:\/\/i0.wp.com\/unser-aschbach.de\/staging2025\/wp-content\/uploads\/2023\/02\/DSC_1948-scaled.jpg?fit=1200%2C800&ssl=1&resize=350%2C200","width":350,"height":200,"srcset":"https:\/\/i0.wp.com\/unser-aschbach.de\/staging2025\/wp-content\/uploads\/2023\/02\/DSC_1948-scaled.jpg?fit=1200%2C800&ssl=1&resize=350%2C200 1x, https:\/\/i0.wp.com\/unser-aschbach.de\/staging2025\/wp-content\/uploads\/2023\/02\/DSC_1948-scaled.jpg?fit=1200%2C800&ssl=1&resize=525%2C300 1.5x, https:\/\/i0.wp.com\/unser-aschbach.de\/staging2025\/wp-content\/uploads\/2023\/02\/DSC_1948-scaled.jpg?fit=1200%2C800&ssl=1&resize=700%2C400 2x, https:\/\/i0.wp.com\/unser-aschbach.de\/staging2025\/wp-content\/uploads\/2023\/02\/DSC_1948-scaled.jpg?fit=1200%2C800&ssl=1&resize=1050%2C600 3x"},"classes":[]}],"jetpack_sharing_enabled":true,"_links":{"self":[{"href":"https:\/\/unser-aschbach.de\/staging2025\/wp-json\/wp\/v2\/posts\/5359","targetHints":{"allow":["GET"]}}],"collection":[{"href":"https:\/\/unser-aschbach.de\/staging2025\/wp-json\/wp\/v2\/posts"}],"about":[{"href":"https:\/\/unser-aschbach.de\/staging2025\/wp-json\/wp\/v2\/types\/post"}],"author":[{"embeddable":true,"href":"https:\/\/unser-aschbach.de\/staging2025\/wp-json\/wp\/v2\/users\/1"}],"replies":[{"embeddable":true,"href":"https:\/\/unser-aschbach.de\/staging2025\/wp-json\/wp\/v2\/comments?post=5359"}],"version-history":[{"count":4,"href":"https:\/\/unser-aschbach.de\/staging2025\/wp-json\/wp\/v2\/posts\/5359\/revisions"}],"predecessor-version":[{"id":5367,"href":"https:\/\/unser-aschbach.de\/staging2025\/wp-json\/wp\/v2\/posts\/5359\/revisions\/5367"}],"wp:featuredmedia":[{"embeddable":true,"href":"https:\/\/unser-aschbach.de\/staging2025\/wp-json\/wp\/v2\/media\/5361"}],"wp:attachment":[{"href":"https:\/\/unser-aschbach.de\/staging2025\/wp-json\/wp\/v2\/media?parent=5359"}],"wp:term":[{"taxonomy":"category","embeddable":true,"href":"https:\/\/unser-aschbach.de\/staging2025\/wp-json\/wp\/v2\/categories?post=5359"},{"taxonomy":"post_tag","embeddable":true,"href":"https:\/\/unser-aschbach.de\/staging2025\/wp-json\/wp\/v2\/tags?post=5359"}],"curies":[{"name":"wp","href":"https:\/\/api.w.org\/{rel}","templated":true}]}}