{"id":5340,"date":"2023-07-25T21:52:38","date_gmt":"2023-07-25T19:52:38","guid":{"rendered":"https:\/\/unser-aschbach.de\/staging2025\/?p=5340"},"modified":"2023-09-26T16:57:00","modified_gmt":"2023-09-26T14:57:00","slug":"2-buerger-work-shop-starkregen-hochwasser","status":"publish","type":"post","link":"https:\/\/unser-aschbach.de\/staging2025\/2023\/07\/25\/2-buerger-work-shop-starkregen-hochwasser\/","title":{"rendered":"2. B\u00dcRGER WORK SHOP STARKREGEN\/ HOCHWASSER"},"content":{"rendered":"\n<p><\/p>\n\n\n\n<p class=\"has-text-align-center has-vivid-red-color has-text-color\"><strong>Mittwoch, 2. AUG. 18 Uhr Mehrzweckhalle (MZH) Aschbach<\/strong><\/p>\n\n\n\n<p><strong>Autor: Josef Nickolai<\/strong><\/p>\n\n\n\n<p><strong>Sehr geehrte Mitb\u00fcrgerinnen und Mitb\u00fcrger!<\/strong><\/p>\n\n\n\n<p>Ende 2021 hat der Stadtrat Lebach beschlossen, dass das <strong>Ingenieurb\u00fcro Paulus&amp;Partner<\/strong> f\u00fcr die Stadt Lebach ein Gutachten erstellt zu einem <strong>Starkregen- und Hochwasserkonzept.<\/strong><\/p>\n\n\n\n<p class=\"has-black-color has-text-color\">Nach der INFO-Veranstaltung in der Stadthalle, dem 1. B\u00fcrgerworkshop und der Datenerhebung durch Begehungen vor Ort, sowie der Sammlung der B\u00fcrgerinformationen ist Fakt, dass man nur gemeinsam diese&nbsp; unabwendbaren Naturereignisse mit ihren Folgen bew\u00e4ltigen kann: <strong>Kommunen, Landesbeh\u00f6rden, Landwirte&nbsp; und Privatpersonen m\u00fcssen hier zusammenstehen.<\/strong><\/p>\n\n\n\n<p class=\"has-vivid-red-color has-text-color\">Die B\u00fcrgerInnen von <strong>Thalexweiler und Aschbach<\/strong> sind am <strong>02.AUG.23 <\/strong>\u00a0eingeladen zu einem 2.<strong>WORK<\/strong> <strong>SHOP STARKREGEN\/HOCHWASSER<\/strong>\u00a0 in die Aschbacher MZH, um sich hier mit dem Ingenieurb\u00fcro Paulus&amp;Partner auszutauschen und gemeinsam pr\u00e4ventiv L\u00f6sungswege zu diesen klimabedingten Naturereignissen zu finden.<\/p>\n\n\n<a class=\"wp-block-read-more\" href=\"https:\/\/unser-aschbach.de\/staging2025\/2023\/07\/25\/2-buerger-work-shop-starkregen-hochwasser\/\" target=\"_self\">Weiterlesen<span class=\"screen-reader-text\">: 2. B\u00dcRGER WORK SHOP STARKREGEN\/ HOCHWASSER<\/span><\/a>\n\n\n<p>Eine Daten-Ergebnisdarstellung, Inhalte und Ziele des Starkregenkonzeptes , sowie daraus folgende Ma\u00dfnahmen zum Schutz kommunalen und privaten Eigentums sollen in dem Work Shop zur Sprache kommen.<\/p>\n\n\n\n<p>Fest steht auch, dass dieses Konzept stetig weiter geschrieben werden muss.<\/p>\n\n\n\n<figure class=\"wp-block-gallery has-nested-images columns-default is-cropped wp-block-gallery-1 is-layout-flex wp-block-gallery-is-layout-flex\">\n<figure class=\"wp-block-image size-large\"><img data-recalc-dims=\"1\" decoding=\"async\" width=\"900\" height=\"600\" data-attachment-id=\"5341\" data-permalink=\"https:\/\/unser-aschbach.de\/staging2025\/2023\/07\/25\/2-buerger-work-shop-starkregen-hochwasser\/dsc_0173\/\" data-orig-file=\"https:\/\/i0.wp.com\/unser-aschbach.de\/staging2025\/wp-content\/uploads\/2023\/07\/DSC_0173-scaled.jpg?fit=1200%2C800&amp;ssl=1\" data-orig-size=\"1200,800\" data-comments-opened=\"1\" data-image-meta=\"{&quot;aperture&quot;:&quot;4.5&quot;,&quot;credit&quot;:&quot;&quot;,&quot;camera&quot;:&quot;NIKON D3100&quot;,&quot;caption&quot;:&quot;&quot;,&quot;created_timestamp&quot;:&quot;1622907886&quot;,&quot;copyright&quot;:&quot;&quot;,&quot;focal_length&quot;:&quot;18&quot;,&quot;iso&quot;:&quot;400&quot;,&quot;shutter_speed&quot;:&quot;0.0125&quot;,&quot;title&quot;:&quot;&quot;,&quot;orientation&quot;:&quot;1&quot;}\" data-image-title=\"DSC_0173\" data-image-description=\"\" data-image-caption=\"\" data-medium-file=\"https:\/\/i0.wp.com\/unser-aschbach.de\/staging2025\/wp-content\/uploads\/2023\/07\/DSC_0173-scaled.jpg?fit=300%2C200&amp;ssl=1\" data-large-file=\"https:\/\/i0.wp.com\/unser-aschbach.de\/staging2025\/wp-content\/uploads\/2023\/07\/DSC_0173-scaled.jpg?fit=900%2C600&amp;ssl=1\" data-id=\"5341\" src=\"https:\/\/i0.wp.com\/unser-aschbach.de\/staging2025\/wp-content\/uploads\/2023\/07\/DSC_0173.jpg?resize=900%2C600&#038;ssl=1\" alt=\"\" class=\"wp-image-5341\" srcset=\"https:\/\/i0.wp.com\/unser-aschbach.de\/staging2025\/wp-content\/uploads\/2023\/07\/DSC_0173-scaled.jpg?resize=1024%2C683&amp;ssl=1 1024w, https:\/\/i0.wp.com\/unser-aschbach.de\/staging2025\/wp-content\/uploads\/2023\/07\/DSC_0173-scaled.jpg?resize=300%2C200&amp;ssl=1 300w, https:\/\/i0.wp.com\/unser-aschbach.de\/staging2025\/wp-content\/uploads\/2023\/07\/DSC_0173-scaled.jpg?resize=768%2C512&amp;ssl=1 768w, https:\/\/i0.wp.com\/unser-aschbach.de\/staging2025\/wp-content\/uploads\/2023\/07\/DSC_0173-scaled.jpg?resize=1536%2C1024&amp;ssl=1 1536w, https:\/\/i0.wp.com\/unser-aschbach.de\/staging2025\/wp-content\/uploads\/2023\/07\/DSC_0173-scaled.jpg?resize=2048%2C1365&amp;ssl=1 2048w, https:\/\/i0.wp.com\/unser-aschbach.de\/staging2025\/wp-content\/uploads\/2023\/07\/DSC_0173-scaled.jpg?w=1200&amp;ssl=1 1200w\" sizes=\"(max-width: 900px) 100vw, 900px\" \/><\/figure>\n\n\n\n<figure class=\"wp-block-image size-large\"><img data-recalc-dims=\"1\" decoding=\"async\" width=\"900\" height=\"600\" data-attachment-id=\"5342\" data-permalink=\"https:\/\/unser-aschbach.de\/staging2025\/2023\/07\/25\/2-buerger-work-shop-starkregen-hochwasser\/dsc_0181\/\" data-orig-file=\"https:\/\/i0.wp.com\/unser-aschbach.de\/staging2025\/wp-content\/uploads\/2023\/07\/DSC_0181-scaled.jpg?fit=1200%2C800&amp;ssl=1\" data-orig-size=\"1200,800\" data-comments-opened=\"1\" data-image-meta=\"{&quot;aperture&quot;:&quot;4.5&quot;,&quot;credit&quot;:&quot;&quot;,&quot;camera&quot;:&quot;NIKON D3100&quot;,&quot;caption&quot;:&quot;&quot;,&quot;created_timestamp&quot;:&quot;1622908447&quot;,&quot;copyright&quot;:&quot;&quot;,&quot;focal_length&quot;:&quot;18&quot;,&quot;iso&quot;:&quot;400&quot;,&quot;shutter_speed&quot;:&quot;0.0125&quot;,&quot;title&quot;:&quot;&quot;,&quot;orientation&quot;:&quot;1&quot;}\" data-image-title=\"DSC_0181\" data-image-description=\"\" data-image-caption=\"\" data-medium-file=\"https:\/\/i0.wp.com\/unser-aschbach.de\/staging2025\/wp-content\/uploads\/2023\/07\/DSC_0181-scaled.jpg?fit=300%2C200&amp;ssl=1\" data-large-file=\"https:\/\/i0.wp.com\/unser-aschbach.de\/staging2025\/wp-content\/uploads\/2023\/07\/DSC_0181-scaled.jpg?fit=900%2C600&amp;ssl=1\" data-id=\"5342\" src=\"https:\/\/i0.wp.com\/unser-aschbach.de\/staging2025\/wp-content\/uploads\/2023\/07\/DSC_0181.jpg?resize=900%2C600&#038;ssl=1\" alt=\"\" class=\"wp-image-5342\" srcset=\"https:\/\/i0.wp.com\/unser-aschbach.de\/staging2025\/wp-content\/uploads\/2023\/07\/DSC_0181-scaled.jpg?resize=1024%2C683&amp;ssl=1 1024w, https:\/\/i0.wp.com\/unser-aschbach.de\/staging2025\/wp-content\/uploads\/2023\/07\/DSC_0181-scaled.jpg?resize=300%2C200&amp;ssl=1 300w, https:\/\/i0.wp.com\/unser-aschbach.de\/staging2025\/wp-content\/uploads\/2023\/07\/DSC_0181-scaled.jpg?resize=768%2C512&amp;ssl=1 768w, https:\/\/i0.wp.com\/unser-aschbach.de\/staging2025\/wp-content\/uploads\/2023\/07\/DSC_0181-scaled.jpg?resize=1536%2C1024&amp;ssl=1 1536w, https:\/\/i0.wp.com\/unser-aschbach.de\/staging2025\/wp-content\/uploads\/2023\/07\/DSC_0181-scaled.jpg?resize=2048%2C1365&amp;ssl=1 2048w, https:\/\/i0.wp.com\/unser-aschbach.de\/staging2025\/wp-content\/uploads\/2023\/07\/DSC_0181-scaled.jpg?w=1200&amp;ssl=1 1200w\" sizes=\"(max-width: 900px) 100vw, 900px\" \/><\/figure>\n<\/figure>\n<div class=\"shariff shariff-align-flex-start shariff-widget-align-flex-start\"><ul class=\"shariff-buttons theme-round orientation-horizontal buttonsize-medium\"><li class=\"shariff-button mailto shariff-nocustomcolor\" style=\"background-color:#a8a8a8\"><a href=\"mailto:?body=https%3A%2F%2Funser-aschbach.de%2Fstaging2025%2F2023%2F07%2F25%2F2-buerger-work-shop-starkregen-hochwasser%2F&subject=2.%20B%C3%9CRGER%20WORK%20SHOP%20STARKREGEN%2F%20HOCHWASSER\" title=\"Per E-Mail versenden\" aria-label=\"Per E-Mail versenden\" role=\"button\" rel=\"noopener nofollow\" class=\"shariff-link\" style=\"; background-color:#999; color:#fff\"><span class=\"shariff-icon\" style=\"\"><svg width=\"32px\" height=\"20px\" xmlns=\"http:\/\/www.w3.org\/2000\/svg\" viewBox=\"0 0 32 32\"><path fill=\"#999\" d=\"M32 12.7v14.2q0 1.2-0.8 2t-2 0.9h-26.3q-1.2 0-2-0.9t-0.8-2v-14.2q0.8 0.9 1.8 1.6 6.5 4.4 8.9 6.1 1 0.8 1.6 1.2t1.7 0.9 2 0.4h0.1q0.9 0 2-0.4t1.7-0.9 1.6-1.2q3-2.2 8.9-6.1 1-0.7 1.8-1.6zM32 7.4q0 1.4-0.9 2.7t-2.2 2.2q-6.7 4.7-8.4 5.8-0.2 0.1-0.7 0.5t-1 0.7-0.9 0.6-1.1 0.5-0.9 0.2h-0.1q-0.4 0-0.9-0.2t-1.1-0.5-0.9-0.6-1-0.7-0.7-0.5q-1.6-1.1-4.7-3.2t-3.6-2.6q-1.1-0.7-2.1-2t-1-2.5q0-1.4 0.7-2.3t2.1-0.9h26.3q1.2 0 2 0.8t0.9 2z\"\/><\/svg><\/span><\/a><\/li><li class=\"shariff-button facebook shariff-nocustomcolor\" style=\"background-color:#4273c8\"><a href=\"https:\/\/www.facebook.com\/sharer\/sharer.php?u=https%3A%2F%2Funser-aschbach.de%2Fstaging2025%2F2023%2F07%2F25%2F2-buerger-work-shop-starkregen-hochwasser%2F\" title=\"Bei Facebook teilen\" aria-label=\"Bei Facebook teilen\" role=\"button\" rel=\"nofollow\" class=\"shariff-link\" style=\"; background-color:#3b5998; color:#fff\" target=\"_blank\"><span class=\"shariff-icon\" style=\"\"><svg width=\"32px\" height=\"20px\" xmlns=\"http:\/\/www.w3.org\/2000\/svg\" viewBox=\"0 0 18 32\"><path fill=\"#3b5998\" d=\"M17.1 0.2v4.7h-2.8q-1.5 0-2.1 0.6t-0.5 1.9v3.4h5.2l-0.7 5.3h-4.5v13.6h-5.5v-13.6h-4.5v-5.3h4.5v-3.9q0-3.3 1.9-5.2t5-1.8q2.6 0 4.1 0.2z\"\/><\/svg><\/span><\/a><\/li><li class=\"shariff-button whatsapp shariff-nocustomcolor\" style=\"background-color:#5cbe4a\"><a href=\"https:\/\/api.whatsapp.com\/send?text=https%3A%2F%2Funser-aschbach.de%2Fstaging2025%2F2023%2F07%2F25%2F2-buerger-work-shop-starkregen-hochwasser%2F%202.%20B%C3%9CRGER%20WORK%20SHOP%20STARKREGEN%2F%20HOCHWASSER\" title=\"Bei Whatsapp teilen\" aria-label=\"Bei Whatsapp teilen\" role=\"button\" rel=\"noopener nofollow\" class=\"shariff-link\" style=\"; background-color:#34af23; color:#fff\" target=\"_blank\"><span class=\"shariff-icon\" style=\"\"><svg width=\"32px\" height=\"20px\" xmlns=\"http:\/\/www.w3.org\/2000\/svg\" viewBox=\"0 0 32 32\"><path fill=\"#34af23\" d=\"M17.6 17.4q0.2 0 1.7 0.8t1.6 0.9q0 0.1 0 0.3 0 0.6-0.3 1.4-0.3 0.7-1.3 1.2t-1.8 0.5q-1 0-3.4-1.1-1.7-0.8-3-2.1t-2.6-3.3q-1.3-1.9-1.3-3.5v-0.1q0.1-1.6 1.3-2.8 0.4-0.4 0.9-0.4 0.1 0 0.3 0t0.3 0q0.3 0 0.5 0.1t0.3 0.5q0.1 0.4 0.6 1.6t0.4 1.3q0 0.4-0.6 1t-0.6 0.8q0 0.1 0.1 0.3 0.6 1.3 1.8 2.4 1 0.9 2.7 1.8 0.2 0.1 0.4 0.1 0.3 0 1-0.9t0.9-0.9zM14 26.9q2.3 0 4.3-0.9t3.6-2.4 2.4-3.6 0.9-4.3-0.9-4.3-2.4-3.6-3.6-2.4-4.3-0.9-4.3 0.9-3.6 2.4-2.4 3.6-0.9 4.3q0 3.6 2.1 6.6l-1.4 4.2 4.3-1.4q2.8 1.9 6.2 1.9zM14 2.2q2.7 0 5.2 1.1t4.3 2.9 2.9 4.3 1.1 5.2-1.1 5.2-2.9 4.3-4.3 2.9-5.2 1.1q-3.5 0-6.5-1.7l-7.4 2.4 2.4-7.2q-1.9-3.2-1.9-6.9 0-2.7 1.1-5.2t2.9-4.3 4.3-2.9 5.2-1.1z\"\/><\/svg><\/span><\/a><\/li><\/ul><\/div>","protected":false},"excerpt":{"rendered":"<p>Mittwoch, 2. AUG. 18 Uhr Mehrzweckhalle (MZH) Aschbach Autor: Josef Nickolai Sehr geehrte Mitb\u00fcrgerinnen und Mitb\u00fcrger! Ende 2021 hat der Stadtrat Lebach beschlossen, dass das Ingenieurb\u00fcro Paulus&amp;Partner f\u00fcr die Stadt Lebach ein Gutachten erstellt zu einem Starkregen- und Hochwasserkonzept. Nach der INFO-Veranstaltung in der Stadthalle, dem 1. B\u00fcrgerworkshop und der Datenerhebung durch Begehungen vor Ort,&#8230;<\/p>\n<p> <a class=\"continue-reading-link\" href=\"https:\/\/unser-aschbach.de\/staging2025\/2023\/07\/25\/2-buerger-work-shop-starkregen-hochwasser\/\"><span>weiterlesen<\/span><i class=\"crycon-right-dir\"><\/i><\/a> <\/p>\n","protected":false},"author":1,"featured_media":5341,"comment_status":"open","ping_status":"open","sticky":false,"template":"","format":"standard","meta":{"jetpack_post_was_ever_published":false,"_jetpack_newsletter_access":"","_jetpack_dont_email_post_to_subs":false,"_jetpack_newsletter_tier_id":0,"_jetpack_memberships_contains_paywalled_content":false,"_jetpack_memberships_contains_paid_content":false,"footnotes":"","jetpack_publicize_message":"","jetpack_publicize_feature_enabled":true,"jetpack_social_post_already_shared":true,"jetpack_social_options":{"image_generator_settings":{"template":"highway","default_image_id":0,"font":"","enabled":false},"version":2}},"categories":[15,6,35],"tags":[249],"class_list":["post-5340","post","type-post","status-publish","format-standard","has-post-thumbnail","hentry","category-aktionen","category-ortsvorsteher","category-veranstaltungen","tag-starkregen"],"jetpack_publicize_connections":[],"jetpack_featured_media_url":"https:\/\/i0.wp.com\/unser-aschbach.de\/staging2025\/wp-content\/uploads\/2023\/07\/DSC_0173-scaled.jpg?fit=1200%2C800&ssl=1","jetpack_shortlink":"https:\/\/wp.me\/pggZrZ-1o8","jetpack-related-posts":[{"id":4792,"url":"https:\/\/unser-aschbach.de\/staging2025\/2021\/07\/21\/unser-ortsvorsteher-informiert-dank-an-den-bauhof-der-stadt-lebach\/","url_meta":{"origin":5340,"position":0},"title":"Unser Ortsvorsteher informiert &#8211; Dank an den Bauhof der Stadt Lebach","author":"Someone","date":"21. Juli 2021","format":false,"excerpt":"Freitag, 17.07.2021 7.00 Uhr : Bauhofleiter Rudolf KARTES hat sein Team in der Werkhalle des Bauhofs versammelt; er teilt seine Leute mit festen Auftr\u00e4gen in den verschiedenen Stadtteilen ein. Gegenw\u00e4rtig sind viele Gr\u00fcnschnittarbeiten zu erledigen; nach den ergiebigen, starken Regenf\u00e4llen der letzten Wochen sind aber auch weiterhin viele Gr\u00e4ben zu\u2026","rel":"","context":"In &quot;Aktionen&quot;","block_context":{"text":"Aktionen","link":"https:\/\/unser-aschbach.de\/staging2025\/category\/der-ort\/aktionen\/"},"img":{"alt_text":"","src":"https:\/\/i0.wp.com\/unser-aschbach.de\/staging2025\/wp-content\/uploads\/2021\/07\/DSC_0539-scaled.jpg?fit=1200%2C800&ssl=1&resize=350%2C200","width":350,"height":200,"srcset":"https:\/\/i0.wp.com\/unser-aschbach.de\/staging2025\/wp-content\/uploads\/2021\/07\/DSC_0539-scaled.jpg?fit=1200%2C800&ssl=1&resize=350%2C200 1x, https:\/\/i0.wp.com\/unser-aschbach.de\/staging2025\/wp-content\/uploads\/2021\/07\/DSC_0539-scaled.jpg?fit=1200%2C800&ssl=1&resize=525%2C300 1.5x, https:\/\/i0.wp.com\/unser-aschbach.de\/staging2025\/wp-content\/uploads\/2021\/07\/DSC_0539-scaled.jpg?fit=1200%2C800&ssl=1&resize=700%2C400 2x, https:\/\/i0.wp.com\/unser-aschbach.de\/staging2025\/wp-content\/uploads\/2021\/07\/DSC_0539-scaled.jpg?fit=1200%2C800&ssl=1&resize=1050%2C600 3x"},"classes":[]},{"id":4963,"url":"https:\/\/unser-aschbach.de\/staging2025\/2022\/01\/14\/land-unter-freiwillige-feuerwehr-und-drk-aschbach-und-bauhof-lebach-helfen\/","url_meta":{"origin":5340,"position":1},"title":"Land unter &#8211; Freiwillige Feuerwehr und DRK Aschbach und Bauhof Lebach helfen","author":"Someone","date":"14. Januar 2022","format":false,"excerpt":"Land unter, hie\u00df es am Dienstag, 04.Jan.22 in weiten Teilen unserer Stadt. Auch in Aschbach waren unsere Freiwillige Feuerwehr und der Bauhof der Stadt Lebach den ganzen Tag \u00fcber zu Gange, um Hab und Gut, vor allem in der Koblenzer Str. (Anlieger) und auf dem Marktplatz (KITA, Garage-Obst- und Gartenbauverein))\u2026","rel":"","context":"In &quot;Aktionen&quot;","block_context":{"text":"Aktionen","link":"https:\/\/unser-aschbach.de\/staging2025\/category\/der-ort\/aktionen\/"},"img":{"alt_text":"","src":"https:\/\/i0.wp.com\/unser-aschbach.de\/staging2025\/wp-content\/uploads\/2022\/01\/DSC_1453-scaled.jpg?fit=1200%2C800&ssl=1&resize=350%2C200","width":350,"height":200,"srcset":"https:\/\/i0.wp.com\/unser-aschbach.de\/staging2025\/wp-content\/uploads\/2022\/01\/DSC_1453-scaled.jpg?fit=1200%2C800&ssl=1&resize=350%2C200 1x, https:\/\/i0.wp.com\/unser-aschbach.de\/staging2025\/wp-content\/uploads\/2022\/01\/DSC_1453-scaled.jpg?fit=1200%2C800&ssl=1&resize=525%2C300 1.5x, https:\/\/i0.wp.com\/unser-aschbach.de\/staging2025\/wp-content\/uploads\/2022\/01\/DSC_1453-scaled.jpg?fit=1200%2C800&ssl=1&resize=700%2C400 2x, https:\/\/i0.wp.com\/unser-aschbach.de\/staging2025\/wp-content\/uploads\/2022\/01\/DSC_1453-scaled.jpg?fit=1200%2C800&ssl=1&resize=1050%2C600 3x"},"classes":[]},{"id":4641,"url":"https:\/\/unser-aschbach.de\/staging2025\/2020\/12\/15\/grusswort-unseres-ortsvorstehers-zu-weihnachten-und-dem-jahreswechsel-20-21\/","url_meta":{"origin":5340,"position":2},"title":"Gru\u00dfwort unseres Ortsvorstehers zu Weihnachten und dem Jahreswechsel 20\/21","author":"Someone","date":"15. Dezember 2020","format":false,"excerpt":"Liebe Mitb\u00fcrgerinnen und Mitb\u00fcrger, das h\u00e4tten wir uns beim letzten Jahreswechsel 2019\/20 und auf unserem Neujahrsempfang der VGA im Januar diesen Jahres nicht tr\u00e4umen lassen: Ein pandemiegepr\u00e4gtes Corona-Jahr 2020, das seit M\u00e4rz das gesamte Privat-, Vereins- und Kirchenleben l\u00e4hmt und unser menschliches Leben bedroht. Das Jahr 2020, ein Test f\u00fcr\u2026","rel":"","context":"In &quot;Ortsrat&quot;","block_context":{"text":"Ortsrat","link":"https:\/\/unser-aschbach.de\/staging2025\/category\/ortsrat\/"},"img":{"alt_text":"","src":"https:\/\/i0.wp.com\/unser-aschbach.de\/staging2025\/wp-content\/uploads\/2020\/12\/DSC_2387-2-scaled.jpeg?fit=800%2C1200&ssl=1&resize=350%2C200","width":350,"height":200,"srcset":"https:\/\/i0.wp.com\/unser-aschbach.de\/staging2025\/wp-content\/uploads\/2020\/12\/DSC_2387-2-scaled.jpeg?fit=800%2C1200&ssl=1&resize=350%2C200 1x, https:\/\/i0.wp.com\/unser-aschbach.de\/staging2025\/wp-content\/uploads\/2020\/12\/DSC_2387-2-scaled.jpeg?fit=800%2C1200&ssl=1&resize=525%2C300 1.5x, https:\/\/i0.wp.com\/unser-aschbach.de\/staging2025\/wp-content\/uploads\/2020\/12\/DSC_2387-2-scaled.jpeg?fit=800%2C1200&ssl=1&resize=700%2C400 2x"},"classes":[]},{"id":4888,"url":"https:\/\/unser-aschbach.de\/staging2025\/2021\/10\/21\/freiwillige-feuerwehr-lebach-loeschbezirk-aschbach-jahresabschlussuebung-2021\/","url_meta":{"origin":5340,"position":3},"title":"Freiwillige Feuerwehr Lebach-L\u00f6schbezirk ASCHBACH-JAHRESABSCHLUSS\u00dcBUNG 2021","author":"Someone","date":"21. Oktober 2021","format":false,"excerpt":"Viele Aschbacher Mitb\u00fcrgerinnen und Mitb\u00fcrger fanden am Samstag, 16.10.2021 den Weg zum Dorfgemeinschaftshaus und besuchten die diesj\u00e4hrige Jahresabschluss\u00fcbung unserer Freiwilligen Feuerwehr. Auf dem ehemaligen Schulhof fand zun\u00e4chst die eindrucksvolle Demonstration eines Friteusebrandes \u201egel\u00f6scht\u201c mit Wasser statt. Dabei war aus sicherer Zuschauerentfernung die verheerende Wirkung des Wassers auf brennendes \u00d6l zu\u2026","rel":"","context":"In &quot;Aktionen&quot;","block_context":{"text":"Aktionen","link":"https:\/\/unser-aschbach.de\/staging2025\/category\/der-ort\/aktionen\/"},"img":{"alt_text":"","src":"https:\/\/i0.wp.com\/unser-aschbach.de\/staging2025\/wp-content\/uploads\/2021\/10\/DSC_1175-scaled.jpg?fit=1200%2C800&ssl=1&resize=350%2C200","width":350,"height":200,"srcset":"https:\/\/i0.wp.com\/unser-aschbach.de\/staging2025\/wp-content\/uploads\/2021\/10\/DSC_1175-scaled.jpg?fit=1200%2C800&ssl=1&resize=350%2C200 1x, https:\/\/i0.wp.com\/unser-aschbach.de\/staging2025\/wp-content\/uploads\/2021\/10\/DSC_1175-scaled.jpg?fit=1200%2C800&ssl=1&resize=525%2C300 1.5x, https:\/\/i0.wp.com\/unser-aschbach.de\/staging2025\/wp-content\/uploads\/2021\/10\/DSC_1175-scaled.jpg?fit=1200%2C800&ssl=1&resize=700%2C400 2x, https:\/\/i0.wp.com\/unser-aschbach.de\/staging2025\/wp-content\/uploads\/2021\/10\/DSC_1175-scaled.jpg?fit=1200%2C800&ssl=1&resize=1050%2C600 3x"},"classes":[]},{"id":4381,"url":"https:\/\/unser-aschbach.de\/staging2025\/2020\/03\/14\/unser-ortsvorsteher-informiert-praeventionsmassnahmen-der-stadt-lebach\/","url_meta":{"origin":5340,"position":4},"title":"Unser Ortsvorsteher informiert &#8211; Pr\u00e4ventionsma\u00dfnahmen der Stadt Lebach","author":"Someone","date":"14. M\u00e4rz 2020","format":false,"excerpt":"+++ Die Stadt Lebach hat folgende Pr\u00e4ventionsma\u00dfnahmen gegen die Ausbreitung des Corona-Virus beschlossen +++ SCHULEN und KINDERG\u00c4RTEN in der Stadt Lebach sind auf Anordnung der Landesregierung ab Montag, 16. M\u00e4rz, geschlossen. Ab sofort bleiben auch alle ST\u00c4DTISCHEN EINRICHTUNGEN und GEB\u00c4UDE wie z.B. Hallen und Dorfgemeinschaftsh\u00e4user geschlossen. Das HALLENBAD stellt mit\u2026","rel":"","context":"In &quot;Allgemein&quot;","block_context":{"text":"Allgemein","link":"https:\/\/unser-aschbach.de\/staging2025\/category\/allgemein\/"},"img":{"alt_text":"","src":"","width":0,"height":0},"classes":[]}],"jetpack_sharing_enabled":true,"_links":{"self":[{"href":"https:\/\/unser-aschbach.de\/staging2025\/wp-json\/wp\/v2\/posts\/5340","targetHints":{"allow":["GET"]}}],"collection":[{"href":"https:\/\/unser-aschbach.de\/staging2025\/wp-json\/wp\/v2\/posts"}],"about":[{"href":"https:\/\/unser-aschbach.de\/staging2025\/wp-json\/wp\/v2\/types\/post"}],"author":[{"embeddable":true,"href":"https:\/\/unser-aschbach.de\/staging2025\/wp-json\/wp\/v2\/users\/1"}],"replies":[{"embeddable":true,"href":"https:\/\/unser-aschbach.de\/staging2025\/wp-json\/wp\/v2\/comments?post=5340"}],"version-history":[{"count":2,"href":"https:\/\/unser-aschbach.de\/staging2025\/wp-json\/wp\/v2\/posts\/5340\/revisions"}],"predecessor-version":[{"id":5344,"href":"https:\/\/unser-aschbach.de\/staging2025\/wp-json\/wp\/v2\/posts\/5340\/revisions\/5344"}],"wp:featuredmedia":[{"embeddable":true,"href":"https:\/\/unser-aschbach.de\/staging2025\/wp-json\/wp\/v2\/media\/5341"}],"wp:attachment":[{"href":"https:\/\/unser-aschbach.de\/staging2025\/wp-json\/wp\/v2\/media?parent=5340"}],"wp:term":[{"taxonomy":"category","embeddable":true,"href":"https:\/\/unser-aschbach.de\/staging2025\/wp-json\/wp\/v2\/categories?post=5340"},{"taxonomy":"post_tag","embeddable":true,"href":"https:\/\/unser-aschbach.de\/staging2025\/wp-json\/wp\/v2\/tags?post=5340"}],"curies":[{"name":"wp","href":"https:\/\/api.w.org\/{rel}","templated":true}]}}