{"id":5302,"date":"2023-06-11T21:12:12","date_gmt":"2023-06-11T19:12:12","guid":{"rendered":"https:\/\/unser-aschbach.de\/staging2025\/?p=5302"},"modified":"2023-06-11T21:12:13","modified_gmt":"2023-06-11T19:12:13","slug":"neue-schaukel-auf-dem-spielplatz-waldstrasse","status":"publish","type":"post","link":"https:\/\/unser-aschbach.de\/staging2025\/2023\/06\/11\/neue-schaukel-auf-dem-spielplatz-waldstrasse\/","title":{"rendered":"Neue Schaukel auf dem \u201eSpielplatz Waldstra\u00dfe\u201c"},"content":{"rendered":"\n<p><strong>Autor: Josef Nickolai<\/strong><\/p>\n\n\n\n<p class=\"has-drop-cap has-vivid-green-cyan-background-color has-background\">F\u00fcr die Kinder gab es kein Halten mehr\u00a0 bei der Vorstellung der neuen Schaukel am 3. Juni 2023 auf dem Spielplatz in der Waldstra\u00dfe. Im <strong>Vogelnest<\/strong> und auf dem <strong>Schaukelsitz <\/strong>wurde mit viel Spa\u00df und Freude schwungvoll und ausgiebig geschaukelt.<\/p>\n\n\n\n<p>Ortsvorsteher (OV), stellvertretender Ortsvorsteher, Orts- und Stadtratsmitglieder, Hr. Dominik Ganz (Bauhof der Stadt) und Zoran Wilhelm (KEB) stellten den Eltern und Kindern die tolle Schaukel vor.<\/p>\n\n\n\n<!--more-->\n\n\n\n<p>Finanziert wurde die Schaukel aus den Zuwendungen, die Aschbach j\u00e4hrlich f\u00fcr die Anschaffung neuer Spielger\u00e4te erh\u00e4lt. Der Stadtrat Lebach hatte 2019 beschlossen, dass die einzelnen Stadtteile j\u00e4hrlich einen Sockelbetrag plus einen einwohnerbezogenen Betrag f\u00fcr die Anschaffung neuer Spielger\u00e4te erhalten.<\/p>\n\n\n\n<p>Mit der neuen Schaukel hat der Spielplatz Waldstra\u00dfe, der von unseren <strong>Schlepperfreunden<\/strong> <strong>super<\/strong> <strong>gepflegt <\/strong>wird, wieder einen zus\u00e4tzlichen Bewegungsanreiz f\u00fcr unsere Kinder. Bei wundersch\u00f6nem Sommerwetter wurde das neue Spielger\u00e4t kind- und erwachsenengerecht eingeweiht: Mit frisch gebackenen Brezeln (Rita), knusprig gebratenen <strong>BASTUCK-Rostw\u00fcrstchen<\/strong> (OV) und k\u00fchlen Getr\u00e4nken wurden die hungrigen und durstigen Kinder- und Erwachsenen-Seelen gestillt.<\/p>\n\n\n\n<p><strong>F\u00fcr die gelungene Projekt-Zusammenarbeit im Namen der Eltern und Kinder ein&nbsp; gro\u00dfes DANKE SCH\u00d6N an die Verwaltung (Fr. Ulrike Borzucki), Hr. Dominik Ganz und Uli Maurer (st\u00e4dtischer Bauhof) und Hr. Zoran Wilhelm (KEB), sowie den Schlepperfreunden f\u00fcr die vorbildliche Gr\u00fcnfl\u00e4chenpflege des Spiel- und Bolzplatzes.<\/strong><\/p>\n\n\n\n<figure class=\"wp-block-gallery has-nested-images columns-default is-cropped wp-block-gallery-1 is-layout-flex wp-block-gallery-is-layout-flex\">\n<figure class=\"wp-block-image size-large\"><img data-recalc-dims=\"1\" decoding=\"async\" width=\"900\" height=\"600\" data-attachment-id=\"5303\" data-permalink=\"https:\/\/unser-aschbach.de\/staging2025\/2023\/06\/11\/neue-schaukel-auf-dem-spielplatz-waldstrasse\/dsc_2714\/\" data-orig-file=\"https:\/\/i0.wp.com\/unser-aschbach.de\/staging2025\/wp-content\/uploads\/2023\/06\/DSC_2714-scaled.jpg?fit=1200%2C800&amp;ssl=1\" data-orig-size=\"1200,800\" data-comments-opened=\"1\" data-image-meta=\"{&quot;aperture&quot;:&quot;6.3&quot;,&quot;credit&quot;:&quot;&quot;,&quot;camera&quot;:&quot;NIKON D3100&quot;,&quot;caption&quot;:&quot;&quot;,&quot;created_timestamp&quot;:&quot;1685725064&quot;,&quot;copyright&quot;:&quot;&quot;,&quot;focal_length&quot;:&quot;18&quot;,&quot;iso&quot;:&quot;100&quot;,&quot;shutter_speed&quot;:&quot;0.00625&quot;,&quot;title&quot;:&quot;&quot;,&quot;orientation&quot;:&quot;1&quot;}\" data-image-title=\"DSC_2714\" data-image-description=\"\" data-image-caption=\"\" data-medium-file=\"https:\/\/i0.wp.com\/unser-aschbach.de\/staging2025\/wp-content\/uploads\/2023\/06\/DSC_2714-scaled.jpg?fit=300%2C200&amp;ssl=1\" data-large-file=\"https:\/\/i0.wp.com\/unser-aschbach.de\/staging2025\/wp-content\/uploads\/2023\/06\/DSC_2714-scaled.jpg?fit=900%2C600&amp;ssl=1\" data-id=\"5303\" src=\"https:\/\/i0.wp.com\/unser-aschbach.de\/staging2025\/wp-content\/uploads\/2023\/06\/DSC_2714.jpg?resize=900%2C600&#038;ssl=1\" alt=\"\" class=\"wp-image-5303\" srcset=\"https:\/\/i0.wp.com\/unser-aschbach.de\/staging2025\/wp-content\/uploads\/2023\/06\/DSC_2714-scaled.jpg?resize=1024%2C683&amp;ssl=1 1024w, https:\/\/i0.wp.com\/unser-aschbach.de\/staging2025\/wp-content\/uploads\/2023\/06\/DSC_2714-scaled.jpg?resize=300%2C200&amp;ssl=1 300w, https:\/\/i0.wp.com\/unser-aschbach.de\/staging2025\/wp-content\/uploads\/2023\/06\/DSC_2714-scaled.jpg?resize=768%2C512&amp;ssl=1 768w, https:\/\/i0.wp.com\/unser-aschbach.de\/staging2025\/wp-content\/uploads\/2023\/06\/DSC_2714-scaled.jpg?resize=1536%2C1024&amp;ssl=1 1536w, https:\/\/i0.wp.com\/unser-aschbach.de\/staging2025\/wp-content\/uploads\/2023\/06\/DSC_2714-scaled.jpg?resize=2048%2C1365&amp;ssl=1 2048w, https:\/\/i0.wp.com\/unser-aschbach.de\/staging2025\/wp-content\/uploads\/2023\/06\/DSC_2714-scaled.jpg?w=1200&amp;ssl=1 1200w\" sizes=\"(max-width: 900px) 100vw, 900px\" \/><\/figure>\n\n\n\n<figure class=\"wp-block-image size-large\"><img data-recalc-dims=\"1\" decoding=\"async\" width=\"900\" height=\"600\" data-attachment-id=\"5305\" data-permalink=\"https:\/\/unser-aschbach.de\/staging2025\/2023\/06\/11\/neue-schaukel-auf-dem-spielplatz-waldstrasse\/dsc_2721\/\" data-orig-file=\"https:\/\/i0.wp.com\/unser-aschbach.de\/staging2025\/wp-content\/uploads\/2023\/06\/DSC_2721-scaled.jpg?fit=1200%2C800&amp;ssl=1\" data-orig-size=\"1200,800\" data-comments-opened=\"1\" data-image-meta=\"{&quot;aperture&quot;:&quot;6.3&quot;,&quot;credit&quot;:&quot;&quot;,&quot;camera&quot;:&quot;NIKON D3100&quot;,&quot;caption&quot;:&quot;&quot;,&quot;created_timestamp&quot;:&quot;1685725699&quot;,&quot;copyright&quot;:&quot;&quot;,&quot;focal_length&quot;:&quot;32&quot;,&quot;iso&quot;:&quot;100&quot;,&quot;shutter_speed&quot;:&quot;0.00625&quot;,&quot;title&quot;:&quot;&quot;,&quot;orientation&quot;:&quot;1&quot;}\" data-image-title=\"DSC_2721\" data-image-description=\"\" data-image-caption=\"\" data-medium-file=\"https:\/\/i0.wp.com\/unser-aschbach.de\/staging2025\/wp-content\/uploads\/2023\/06\/DSC_2721-scaled.jpg?fit=300%2C200&amp;ssl=1\" data-large-file=\"https:\/\/i0.wp.com\/unser-aschbach.de\/staging2025\/wp-content\/uploads\/2023\/06\/DSC_2721-scaled.jpg?fit=900%2C600&amp;ssl=1\" data-id=\"5305\" src=\"https:\/\/i0.wp.com\/unser-aschbach.de\/staging2025\/wp-content\/uploads\/2023\/06\/DSC_2721.jpg?resize=900%2C600&#038;ssl=1\" alt=\"\" class=\"wp-image-5305\" srcset=\"https:\/\/i0.wp.com\/unser-aschbach.de\/staging2025\/wp-content\/uploads\/2023\/06\/DSC_2721-scaled.jpg?resize=1024%2C683&amp;ssl=1 1024w, https:\/\/i0.wp.com\/unser-aschbach.de\/staging2025\/wp-content\/uploads\/2023\/06\/DSC_2721-scaled.jpg?resize=300%2C200&amp;ssl=1 300w, https:\/\/i0.wp.com\/unser-aschbach.de\/staging2025\/wp-content\/uploads\/2023\/06\/DSC_2721-scaled.jpg?resize=768%2C512&amp;ssl=1 768w, https:\/\/i0.wp.com\/unser-aschbach.de\/staging2025\/wp-content\/uploads\/2023\/06\/DSC_2721-scaled.jpg?resize=1536%2C1024&amp;ssl=1 1536w, https:\/\/i0.wp.com\/unser-aschbach.de\/staging2025\/wp-content\/uploads\/2023\/06\/DSC_2721-scaled.jpg?resize=2048%2C1365&amp;ssl=1 2048w, https:\/\/i0.wp.com\/unser-aschbach.de\/staging2025\/wp-content\/uploads\/2023\/06\/DSC_2721-scaled.jpg?w=1200&amp;ssl=1 1200w\" sizes=\"(max-width: 900px) 100vw, 900px\" \/><\/figure>\n\n\n\n<figure class=\"wp-block-image size-large\"><img data-recalc-dims=\"1\" decoding=\"async\" width=\"900\" height=\"600\" data-attachment-id=\"5304\" data-permalink=\"https:\/\/unser-aschbach.de\/staging2025\/2023\/06\/11\/neue-schaukel-auf-dem-spielplatz-waldstrasse\/dsc_2726\/\" data-orig-file=\"https:\/\/i0.wp.com\/unser-aschbach.de\/staging2025\/wp-content\/uploads\/2023\/06\/DSC_2726-scaled.jpg?fit=1200%2C800&amp;ssl=1\" data-orig-size=\"1200,800\" data-comments-opened=\"1\" data-image-meta=\"{&quot;aperture&quot;:&quot;6.3&quot;,&quot;credit&quot;:&quot;&quot;,&quot;camera&quot;:&quot;NIKON D3100&quot;,&quot;caption&quot;:&quot;&quot;,&quot;created_timestamp&quot;:&quot;1685725815&quot;,&quot;copyright&quot;:&quot;&quot;,&quot;focal_length&quot;:&quot;32&quot;,&quot;iso&quot;:&quot;100&quot;,&quot;shutter_speed&quot;:&quot;0.00625&quot;,&quot;title&quot;:&quot;&quot;,&quot;orientation&quot;:&quot;1&quot;}\" data-image-title=\"DSC_2726\" data-image-description=\"\" data-image-caption=\"\" data-medium-file=\"https:\/\/i0.wp.com\/unser-aschbach.de\/staging2025\/wp-content\/uploads\/2023\/06\/DSC_2726-scaled.jpg?fit=300%2C200&amp;ssl=1\" data-large-file=\"https:\/\/i0.wp.com\/unser-aschbach.de\/staging2025\/wp-content\/uploads\/2023\/06\/DSC_2726-scaled.jpg?fit=900%2C600&amp;ssl=1\" data-id=\"5304\" src=\"https:\/\/i0.wp.com\/unser-aschbach.de\/staging2025\/wp-content\/uploads\/2023\/06\/DSC_2726.jpg?resize=900%2C600&#038;ssl=1\" alt=\"\" class=\"wp-image-5304\" srcset=\"https:\/\/i0.wp.com\/unser-aschbach.de\/staging2025\/wp-content\/uploads\/2023\/06\/DSC_2726-scaled.jpg?resize=1024%2C683&amp;ssl=1 1024w, https:\/\/i0.wp.com\/unser-aschbach.de\/staging2025\/wp-content\/uploads\/2023\/06\/DSC_2726-scaled.jpg?resize=300%2C200&amp;ssl=1 300w, https:\/\/i0.wp.com\/unser-aschbach.de\/staging2025\/wp-content\/uploads\/2023\/06\/DSC_2726-scaled.jpg?resize=768%2C512&amp;ssl=1 768w, https:\/\/i0.wp.com\/unser-aschbach.de\/staging2025\/wp-content\/uploads\/2023\/06\/DSC_2726-scaled.jpg?resize=1536%2C1024&amp;ssl=1 1536w, https:\/\/i0.wp.com\/unser-aschbach.de\/staging2025\/wp-content\/uploads\/2023\/06\/DSC_2726-scaled.jpg?resize=2048%2C1365&amp;ssl=1 2048w, https:\/\/i0.wp.com\/unser-aschbach.de\/staging2025\/wp-content\/uploads\/2023\/06\/DSC_2726-scaled.jpg?w=1200&amp;ssl=1 1200w\" sizes=\"(max-width: 900px) 100vw, 900px\" \/><\/figure>\n<\/figure>\n<div class=\"shariff shariff-align-flex-start shariff-widget-align-flex-start\"><ul class=\"shariff-buttons theme-round orientation-horizontal buttonsize-medium\"><li class=\"shariff-button mailto shariff-nocustomcolor\" style=\"background-color:#a8a8a8\"><a href=\"mailto:?body=https%3A%2F%2Funser-aschbach.de%2Fstaging2025%2F2023%2F06%2F11%2Fneue-schaukel-auf-dem-spielplatz-waldstrasse%2F&subject=Neue%20Schaukel%20auf%20dem%20%E2%80%9ESpielplatz%20Waldstra%C3%9Fe%E2%80%9C\" title=\"Per E-Mail versenden\" aria-label=\"Per E-Mail versenden\" role=\"button\" rel=\"noopener nofollow\" class=\"shariff-link\" style=\"; background-color:#999; color:#fff\"><span class=\"shariff-icon\" style=\"\"><svg width=\"32px\" height=\"20px\" xmlns=\"http:\/\/www.w3.org\/2000\/svg\" viewBox=\"0 0 32 32\"><path fill=\"#999\" d=\"M32 12.7v14.2q0 1.2-0.8 2t-2 0.9h-26.3q-1.2 0-2-0.9t-0.8-2v-14.2q0.8 0.9 1.8 1.6 6.5 4.4 8.9 6.1 1 0.8 1.6 1.2t1.7 0.9 2 0.4h0.1q0.9 0 2-0.4t1.7-0.9 1.6-1.2q3-2.2 8.9-6.1 1-0.7 1.8-1.6zM32 7.4q0 1.4-0.9 2.7t-2.2 2.2q-6.7 4.7-8.4 5.8-0.2 0.1-0.7 0.5t-1 0.7-0.9 0.6-1.1 0.5-0.9 0.2h-0.1q-0.4 0-0.9-0.2t-1.1-0.5-0.9-0.6-1-0.7-0.7-0.5q-1.6-1.1-4.7-3.2t-3.6-2.6q-1.1-0.7-2.1-2t-1-2.5q0-1.4 0.7-2.3t2.1-0.9h26.3q1.2 0 2 0.8t0.9 2z\"\/><\/svg><\/span><\/a><\/li><li class=\"shariff-button facebook shariff-nocustomcolor\" style=\"background-color:#4273c8\"><a href=\"https:\/\/www.facebook.com\/sharer\/sharer.php?u=https%3A%2F%2Funser-aschbach.de%2Fstaging2025%2F2023%2F06%2F11%2Fneue-schaukel-auf-dem-spielplatz-waldstrasse%2F\" title=\"Bei Facebook teilen\" aria-label=\"Bei Facebook teilen\" role=\"button\" rel=\"nofollow\" class=\"shariff-link\" style=\"; background-color:#3b5998; color:#fff\" target=\"_blank\"><span class=\"shariff-icon\" style=\"\"><svg width=\"32px\" height=\"20px\" xmlns=\"http:\/\/www.w3.org\/2000\/svg\" viewBox=\"0 0 18 32\"><path fill=\"#3b5998\" d=\"M17.1 0.2v4.7h-2.8q-1.5 0-2.1 0.6t-0.5 1.9v3.4h5.2l-0.7 5.3h-4.5v13.6h-5.5v-13.6h-4.5v-5.3h4.5v-3.9q0-3.3 1.9-5.2t5-1.8q2.6 0 4.1 0.2z\"\/><\/svg><\/span><\/a><\/li><li class=\"shariff-button whatsapp shariff-nocustomcolor\" style=\"background-color:#5cbe4a\"><a href=\"https:\/\/api.whatsapp.com\/send?text=https%3A%2F%2Funser-aschbach.de%2Fstaging2025%2F2023%2F06%2F11%2Fneue-schaukel-auf-dem-spielplatz-waldstrasse%2F%20Neue%20Schaukel%20auf%20dem%20%E2%80%9ESpielplatz%20Waldstra%C3%9Fe%E2%80%9C\" title=\"Bei Whatsapp teilen\" aria-label=\"Bei Whatsapp teilen\" role=\"button\" rel=\"noopener nofollow\" class=\"shariff-link\" style=\"; background-color:#34af23; color:#fff\" target=\"_blank\"><span class=\"shariff-icon\" style=\"\"><svg width=\"32px\" height=\"20px\" xmlns=\"http:\/\/www.w3.org\/2000\/svg\" viewBox=\"0 0 32 32\"><path fill=\"#34af23\" d=\"M17.6 17.4q0.2 0 1.7 0.8t1.6 0.9q0 0.1 0 0.3 0 0.6-0.3 1.4-0.3 0.7-1.3 1.2t-1.8 0.5q-1 0-3.4-1.1-1.7-0.8-3-2.1t-2.6-3.3q-1.3-1.9-1.3-3.5v-0.1q0.1-1.6 1.3-2.8 0.4-0.4 0.9-0.4 0.1 0 0.3 0t0.3 0q0.3 0 0.5 0.1t0.3 0.5q0.1 0.4 0.6 1.6t0.4 1.3q0 0.4-0.6 1t-0.6 0.8q0 0.1 0.1 0.3 0.6 1.3 1.8 2.4 1 0.9 2.7 1.8 0.2 0.1 0.4 0.1 0.3 0 1-0.9t0.9-0.9zM14 26.9q2.3 0 4.3-0.9t3.6-2.4 2.4-3.6 0.9-4.3-0.9-4.3-2.4-3.6-3.6-2.4-4.3-0.9-4.3 0.9-3.6 2.4-2.4 3.6-0.9 4.3q0 3.6 2.1 6.6l-1.4 4.2 4.3-1.4q2.8 1.9 6.2 1.9zM14 2.2q2.7 0 5.2 1.1t4.3 2.9 2.9 4.3 1.1 5.2-1.1 5.2-2.9 4.3-4.3 2.9-5.2 1.1q-3.5 0-6.5-1.7l-7.4 2.4 2.4-7.2q-1.9-3.2-1.9-6.9 0-2.7 1.1-5.2t2.9-4.3 4.3-2.9 5.2-1.1z\"\/><\/svg><\/span><\/a><\/li><\/ul><\/div>","protected":false},"excerpt":{"rendered":"<p>Autor: Josef Nickolai F\u00fcr die Kinder gab es kein Halten mehr\u00a0 bei der Vorstellung der neuen Schaukel am 3. Juni 2023 auf dem Spielplatz in der Waldstra\u00dfe. Im Vogelnest und auf dem Schaukelsitz wurde mit viel Spa\u00df und Freude schwungvoll und ausgiebig geschaukelt. Ortsvorsteher (OV), stellvertretender Ortsvorsteher, Orts- und Stadtratsmitglieder, Hr. Dominik Ganz (Bauhof der&#8230;<\/p>\n<p> <a class=\"continue-reading-link\" href=\"https:\/\/unser-aschbach.de\/staging2025\/2023\/06\/11\/neue-schaukel-auf-dem-spielplatz-waldstrasse\/\"><span>weiterlesen<\/span><i class=\"crycon-right-dir\"><\/i><\/a> <\/p>\n","protected":false},"author":1,"featured_media":5303,"comment_status":"open","ping_status":"open","sticky":false,"template":"","format":"standard","meta":{"jetpack_post_was_ever_published":false,"_jetpack_newsletter_access":"","_jetpack_dont_email_post_to_subs":false,"_jetpack_newsletter_tier_id":0,"_jetpack_memberships_contains_paywalled_content":false,"_jetpack_memberships_contains_paid_content":false,"footnotes":"","jetpack_publicize_message":"","jetpack_publicize_feature_enabled":true,"jetpack_social_post_already_shared":true,"jetpack_social_options":{"image_generator_settings":{"template":"highway","default_image_id":0,"font":"","enabled":false},"version":2}},"categories":[15,1,34,214],"tags":[247],"class_list":["post-5302","post","type-post","status-publish","format-standard","has-post-thumbnail","hentry","category-aktionen","category-allgemein","category-freizeiteinrichtungen","category-schlepperfreunde","tag-kinderspielplatz"],"jetpack_publicize_connections":[],"jetpack_featured_media_url":"https:\/\/i0.wp.com\/unser-aschbach.de\/staging2025\/wp-content\/uploads\/2023\/06\/DSC_2714-scaled.jpg?fit=1200%2C800&ssl=1","jetpack_shortlink":"https:\/\/wp.me\/pggZrZ-1nw","jetpack-related-posts":[{"id":4700,"url":"https:\/\/unser-aschbach.de\/staging2025\/2021\/04\/12\/unser-ortsvorsteher-informiert-spielplatz-waldstrasse-neue-sitzgarnitur-und-neue-federwippe-und-spielplatz-auf-dem-stein-neues-spielgeraet\/","url_meta":{"origin":5302,"position":0},"title":"Unser Ortsvorsteher informiert &#8211; Spielplatz  Waldstra\u00dfe: NEUE Sitzgarnitur und NEUE Federwippe und Spielplatz \u201eAuf dem Stein\u201c: NEUES Spielger\u00e4t!","author":"Someone","date":"12. April 2021","format":false,"excerpt":"Auf unserem Spielplatz in der Waldstra\u00dfe hat seit letzter Woche eine neue KEB-Sitzgarnitur ihren Platz gefunden. Nachdem die KEB die Garnitur vor drei Wochen angeliefert hatte, haben flei\u00dfige H\u00e4nde \u2013 die Schlepperfreunde, in persona Heinz Klein, der Ortsvorsteher (OV) \u00a0und Jonas Nickolai- die ansehnliche Garnitur gesetzt. Damit stehen vielf\u00e4ltige Sitzm\u00f6glichkeiten,\u2026","rel":"","context":"In &quot;Aktionen&quot;","block_context":{"text":"Aktionen","link":"https:\/\/unser-aschbach.de\/staging2025\/category\/der-ort\/aktionen\/"},"img":{"alt_text":"","src":"https:\/\/i0.wp.com\/unser-aschbach.de\/staging2025\/wp-content\/uploads\/2021\/04\/DSC_0030-scaled.jpg?fit=1200%2C800&ssl=1&resize=350%2C200","width":350,"height":200,"srcset":"https:\/\/i0.wp.com\/unser-aschbach.de\/staging2025\/wp-content\/uploads\/2021\/04\/DSC_0030-scaled.jpg?fit=1200%2C800&ssl=1&resize=350%2C200 1x, https:\/\/i0.wp.com\/unser-aschbach.de\/staging2025\/wp-content\/uploads\/2021\/04\/DSC_0030-scaled.jpg?fit=1200%2C800&ssl=1&resize=525%2C300 1.5x, https:\/\/i0.wp.com\/unser-aschbach.de\/staging2025\/wp-content\/uploads\/2021\/04\/DSC_0030-scaled.jpg?fit=1200%2C800&ssl=1&resize=700%2C400 2x, https:\/\/i0.wp.com\/unser-aschbach.de\/staging2025\/wp-content\/uploads\/2021\/04\/DSC_0030-scaled.jpg?fit=1200%2C800&ssl=1&resize=1050%2C600 3x"},"classes":[]},{"id":4830,"url":"https:\/\/unser-aschbach.de\/staging2025\/2021\/08\/26\/fortuna-parcours-fuer-spielplatz-auf-dem-stein\/","url_meta":{"origin":5302,"position":1},"title":"\u201eFortuna\u201c-Parcours f\u00fcr Spielplatz \u201cAuf dem Stein","author":"Someone","date":"26. August 2021","format":false,"excerpt":"Ideales Spielwetter war angesagt anl\u00e4sslich der \u00dcbergabe des neuen Spielger\u00e4tes \u201eFortuna\u201c-Parcours f\u00fcr den Spielplatz \u201eAuf dem Stein\u201c.\u00a0 Nachdem der Stadtrat Lebach im November 2019 beschlossen hatte, 40 000 \u20ac j\u00e4hrlich f\u00fcr die Anschaffung neuer Spielger\u00e4te bereitzustellen verf\u00fcgt Aschbach j\u00e4hrlich \u00fcber 3 461 \u20ac, auf 2 Jahre angespart 6 922\u20ac, f\u00fcr\u2026","rel":"","context":"In &quot;Einrichtungen&quot;","block_context":{"text":"Einrichtungen","link":"https:\/\/unser-aschbach.de\/staging2025\/category\/der-ort\/einrichtungen\/"},"img":{"alt_text":"","src":"https:\/\/i0.wp.com\/unser-aschbach.de\/staging2025\/wp-content\/uploads\/2021\/08\/DSC_0351-scaled.jpg?fit=1200%2C800&ssl=1&resize=350%2C200","width":350,"height":200,"srcset":"https:\/\/i0.wp.com\/unser-aschbach.de\/staging2025\/wp-content\/uploads\/2021\/08\/DSC_0351-scaled.jpg?fit=1200%2C800&ssl=1&resize=350%2C200 1x, https:\/\/i0.wp.com\/unser-aschbach.de\/staging2025\/wp-content\/uploads\/2021\/08\/DSC_0351-scaled.jpg?fit=1200%2C800&ssl=1&resize=525%2C300 1.5x, https:\/\/i0.wp.com\/unser-aschbach.de\/staging2025\/wp-content\/uploads\/2021\/08\/DSC_0351-scaled.jpg?fit=1200%2C800&ssl=1&resize=700%2C400 2x, https:\/\/i0.wp.com\/unser-aschbach.de\/staging2025\/wp-content\/uploads\/2021\/08\/DSC_0351-scaled.jpg?fit=1200%2C800&ssl=1&resize=1050%2C600 3x"},"classes":[]},{"id":5169,"url":"https:\/\/unser-aschbach.de\/staging2025\/2022\/12\/13\/nikolaus-wanderung-der-kita-aschbach%ef%bf%bc\/","url_meta":{"origin":5302,"position":2},"title":"NIKOLAUS-Wanderung der KITA Aschbach\ufffc","author":"Someone","date":"13. Dezember 2022","format":false,"excerpt":"Autor: Josef Nickolai, Ortsvorsteher Erwartungsvoll mit viel Vorfreude wanderten am Donnerstag08.12.2022 ca. 120 Kinder und Erwachsene zum Hl. Nikolaus; der hatte seinen Schlitten \u201eAuf der Schiedung\u201c abgestellt und kam den kleinen und gro\u00dfen Wanderern auf dem \u201eSpielplatz Waldstra\u00dfe\u201c entgegen. \u201eSei gegr\u00fc\u00dft lieber Nikolaus...\u201c sangen die aufgeregten Kinder ehrf\u00fcrchtig beim Anblick\u2026","rel":"","context":"In &quot;Aktionen&quot;","block_context":{"text":"Aktionen","link":"https:\/\/unser-aschbach.de\/staging2025\/category\/der-ort\/aktionen\/"},"img":{"alt_text":"","src":"https:\/\/i0.wp.com\/unser-aschbach.de\/staging2025\/wp-content\/uploads\/2022\/12\/DSC_1874-scaled.jpg?fit=800%2C1200&ssl=1&resize=350%2C200","width":350,"height":200,"srcset":"https:\/\/i0.wp.com\/unser-aschbach.de\/staging2025\/wp-content\/uploads\/2022\/12\/DSC_1874-scaled.jpg?fit=800%2C1200&ssl=1&resize=350%2C200 1x, https:\/\/i0.wp.com\/unser-aschbach.de\/staging2025\/wp-content\/uploads\/2022\/12\/DSC_1874-scaled.jpg?fit=800%2C1200&ssl=1&resize=525%2C300 1.5x, https:\/\/i0.wp.com\/unser-aschbach.de\/staging2025\/wp-content\/uploads\/2022\/12\/DSC_1874-scaled.jpg?fit=800%2C1200&ssl=1&resize=700%2C400 2x"},"classes":[]},{"id":5151,"url":"https:\/\/unser-aschbach.de\/staging2025\/2022\/11\/15\/st-martin-st-martin-st-martin-ritt-%ef%bf%bc\/","url_meta":{"origin":5302,"position":3},"title":"St. Martin, St. Martin, St. Martin ritt &#8230;\ufffc","author":"Someone","date":"15. November 2022","format":false,"excerpt":"Autor: Josef Nickolai, Ortsvorsteher Zahlreiche Kinder sowie Eltern mit Kleinkindern hatten sich diesj\u00e4hrig zu St. Martin an unserer Kirche St. Maternus eingefunden. Nach einer Martinsandacht, gestaltet durch Therese Birringer und Klaus-Dieter Uhrhan, setzte sich der Martinsumzug mit ST. MARTIN hoch zu Ross in Bewegung:\u00a0 \u201eIch geh mit meiner Laterne und\u2026","rel":"","context":"In &quot;Aktionen&quot;","block_context":{"text":"Aktionen","link":"https:\/\/unser-aschbach.de\/staging2025\/category\/der-ort\/aktionen\/"},"img":{"alt_text":"","src":"https:\/\/i0.wp.com\/unser-aschbach.de\/staging2025\/wp-content\/uploads\/2022\/11\/DSC_1835-scaled.jpg?fit=1200%2C800&ssl=1&resize=350%2C200","width":350,"height":200,"srcset":"https:\/\/i0.wp.com\/unser-aschbach.de\/staging2025\/wp-content\/uploads\/2022\/11\/DSC_1835-scaled.jpg?fit=1200%2C800&ssl=1&resize=350%2C200 1x, https:\/\/i0.wp.com\/unser-aschbach.de\/staging2025\/wp-content\/uploads\/2022\/11\/DSC_1835-scaled.jpg?fit=1200%2C800&ssl=1&resize=525%2C300 1.5x, https:\/\/i0.wp.com\/unser-aschbach.de\/staging2025\/wp-content\/uploads\/2022\/11\/DSC_1835-scaled.jpg?fit=1200%2C800&ssl=1&resize=700%2C400 2x, https:\/\/i0.wp.com\/unser-aschbach.de\/staging2025\/wp-content\/uploads\/2022\/11\/DSC_1835-scaled.jpg?fit=1200%2C800&ssl=1&resize=1050%2C600 3x"},"classes":[]},{"id":4719,"url":"https:\/\/unser-aschbach.de\/staging2025\/2021\/05\/04\/unser-ortsvorsteher-informiert-die-tradition-lebt-freiwillige-feuerwehr-stellt-maibaum-auf\/","url_meta":{"origin":5302,"position":4},"title":"Unser Ortsvorsteher informiert -Die Tradition lebt! Freiwillige. FEUERWEHR stellt MAIBAUM auf","author":"Someone","date":"4. Mai 2021","format":false,"excerpt":"Farbenfroh hei\u00dft der Maibaum die einfahrenden G\u00e4ste in Aschbach willkommen! Toll hatten die \u201eRalleykinder\u201c mit ihren bunten B\u00e4ndern den diesj\u00e4hrigen Aschbacher Maibaum geschm\u00fcckt. An f\u00fcnf Stationen konnten die Kinder im Verlauf der Maibaum-Ralley in den letzten Apriltagen die B\u00e4nder sammeln, um im Ziel am Feuerwehrger\u00e4tehaus den bereitliegenden Maibaum zu schm\u00fccken.\u2026","rel":"","context":"In &quot;Aktionen&quot;","block_context":{"text":"Aktionen","link":"https:\/\/unser-aschbach.de\/staging2025\/category\/der-ort\/aktionen\/"},"img":{"alt_text":"","src":"https:\/\/i0.wp.com\/unser-aschbach.de\/staging2025\/wp-content\/uploads\/2021\/05\/DSC_0125-scaled.jpg?fit=800%2C1200&ssl=1&resize=350%2C200","width":350,"height":200,"srcset":"https:\/\/i0.wp.com\/unser-aschbach.de\/staging2025\/wp-content\/uploads\/2021\/05\/DSC_0125-scaled.jpg?fit=800%2C1200&ssl=1&resize=350%2C200 1x, https:\/\/i0.wp.com\/unser-aschbach.de\/staging2025\/wp-content\/uploads\/2021\/05\/DSC_0125-scaled.jpg?fit=800%2C1200&ssl=1&resize=525%2C300 1.5x, https:\/\/i0.wp.com\/unser-aschbach.de\/staging2025\/wp-content\/uploads\/2021\/05\/DSC_0125-scaled.jpg?fit=800%2C1200&ssl=1&resize=700%2C400 2x"},"classes":[]},{"id":4561,"url":"https:\/\/unser-aschbach.de\/staging2025\/2020\/09\/16\/unser-ortsvorsteher-informiert-kirmes-eindruecke-2020\/","url_meta":{"origin":5302,"position":5},"title":"Unser Ortsvorsteher informiert &#8211; Kirmes-Eindr\u00fccke 2020","author":"Someone","date":"16. September 2020","format":false,"excerpt":"Unsere diesj\u00e4hrigen Kirmestage, mit W\u00e4rme und blauem Himmel, ohne Kirmestreiben auf dem Festplatz und beim Mecky, brachten mit dem \u201eVictoria-Fr\u00fchschoppen\u201c und dem sonnt\u00e4glichen Fr\u00fchschoppen-Konzert des MV Orpheus auf Privatgel\u00e4nde unter Wahrung der Abstands- und Hygienebedingungen au\u00dfergew\u00f6hnliche und doch vertraute Eindr\u00fccke mit sich. Aber nicht nur den \u201eGro\u00dfen\u201c, vor allem unseren\u2026","rel":"","context":"In &quot;Aktionen&quot;","block_context":{"text":"Aktionen","link":"https:\/\/unser-aschbach.de\/staging2025\/category\/der-ort\/aktionen\/"},"img":{"alt_text":"","src":"https:\/\/i0.wp.com\/unser-aschbach.de\/staging2025\/wp-content\/uploads\/2020\/09\/DSC_2454-scaled.jpg?fit=1200%2C800&ssl=1&resize=350%2C200","width":350,"height":200,"srcset":"https:\/\/i0.wp.com\/unser-aschbach.de\/staging2025\/wp-content\/uploads\/2020\/09\/DSC_2454-scaled.jpg?fit=1200%2C800&ssl=1&resize=350%2C200 1x, https:\/\/i0.wp.com\/unser-aschbach.de\/staging2025\/wp-content\/uploads\/2020\/09\/DSC_2454-scaled.jpg?fit=1200%2C800&ssl=1&resize=525%2C300 1.5x, https:\/\/i0.wp.com\/unser-aschbach.de\/staging2025\/wp-content\/uploads\/2020\/09\/DSC_2454-scaled.jpg?fit=1200%2C800&ssl=1&resize=700%2C400 2x, https:\/\/i0.wp.com\/unser-aschbach.de\/staging2025\/wp-content\/uploads\/2020\/09\/DSC_2454-scaled.jpg?fit=1200%2C800&ssl=1&resize=1050%2C600 3x"},"classes":[]}],"jetpack_sharing_enabled":true,"_links":{"self":[{"href":"https:\/\/unser-aschbach.de\/staging2025\/wp-json\/wp\/v2\/posts\/5302","targetHints":{"allow":["GET"]}}],"collection":[{"href":"https:\/\/unser-aschbach.de\/staging2025\/wp-json\/wp\/v2\/posts"}],"about":[{"href":"https:\/\/unser-aschbach.de\/staging2025\/wp-json\/wp\/v2\/types\/post"}],"author":[{"embeddable":true,"href":"https:\/\/unser-aschbach.de\/staging2025\/wp-json\/wp\/v2\/users\/1"}],"replies":[{"embeddable":true,"href":"https:\/\/unser-aschbach.de\/staging2025\/wp-json\/wp\/v2\/comments?post=5302"}],"version-history":[{"count":2,"href":"https:\/\/unser-aschbach.de\/staging2025\/wp-json\/wp\/v2\/posts\/5302\/revisions"}],"predecessor-version":[{"id":5307,"href":"https:\/\/unser-aschbach.de\/staging2025\/wp-json\/wp\/v2\/posts\/5302\/revisions\/5307"}],"wp:featuredmedia":[{"embeddable":true,"href":"https:\/\/unser-aschbach.de\/staging2025\/wp-json\/wp\/v2\/media\/5303"}],"wp:attachment":[{"href":"https:\/\/unser-aschbach.de\/staging2025\/wp-json\/wp\/v2\/media?parent=5302"}],"wp:term":[{"taxonomy":"category","embeddable":true,"href":"https:\/\/unser-aschbach.de\/staging2025\/wp-json\/wp\/v2\/categories?post=5302"},{"taxonomy":"post_tag","embeddable":true,"href":"https:\/\/unser-aschbach.de\/staging2025\/wp-json\/wp\/v2\/tags?post=5302"}],"curies":[{"name":"wp","href":"https:\/\/api.w.org\/{rel}","templated":true}]}}