{"id":5234,"date":"2023-02-07T13:15:29","date_gmt":"2023-02-07T12:15:29","guid":{"rendered":"https:\/\/unser-aschbach.de\/staging2025\/?p=5234"},"modified":"2023-02-07T13:15:30","modified_gmt":"2023-02-07T12:15:30","slug":"lebendiger-lustiger-aschbacher-dschungel","status":"publish","type":"post","link":"https:\/\/unser-aschbach.de\/staging2025\/2023\/02\/07\/lebendiger-lustiger-aschbacher-dschungel\/","title":{"rendered":"Lebendiger, lustiger Aschbacher Dschungel!"},"content":{"rendered":"\n<p><strong>Autor: Josef Nickolai<\/strong><\/p>\n\n\n\n<p>Zwei Tage liefen die <strong>Aschbacher Narrek\u00e4pp<\/strong> auf Hochtouren und verwandelten die gr\u00fcne Dschungel-Arena in der Mehrzweckhalle in ein n\u00e4rrisches Tollhaus.<\/p>\n\n\n\n<p>P\u00fcnktlich um 20.11 Uhr begr\u00fc\u00dfte das<strong> <em>\u201ePr\u00e4sidiale Drei-Gestirn\u201c <\/em>Stefan Schr\u00f6der, Sandra-Anna Stark<\/strong> <strong>und Simon M\u00fcller<\/strong> freitags die Dschungel-G\u00e4ste zur <strong>1. Dschungel-F\u00fchrung<\/strong>.<\/p>\n\n\n\n<p>Zur 1. Kappensitzung fanden B\u00fcrgermeister Klauspeter Brill mit Gattin Jennifer, OV Josef Nickolai, VGA-Vorsitzender Klaus-Dieter Uhrhan, der Ehrenpr\u00e4sident Saarl\u00e4ndischer Karnevalvereine Horst Wagner mit vielen namhaften Funktionstr\u00e4gern des Verbandes, zahlreiche Abordnungen freundschaftlich verbundener Karnevalsvereine, sowie eine gro\u00dfe Schar N\u00e4rrinnen und Narren\u00a0 den Weg in den Aschbacher Dschungel. Kenntnisreich und gewandt f\u00fchrte hier das <strong>Experten-Duo Katja Dembinski<\/strong> <strong>mit Markus K\u00f6nig<\/strong> die versammelte Narrenschar durch das \u201espa\u00dfige, witzreiche\u00a0 Dickicht\u201c &#8211;  ein abwechslungsreiches, kurzweiliges Programm.<\/p>\n\n\n\n<!--more-->\n\n\n\n<p>Viele Lichtblicke im dichten Dschungel , \u201eH\u00f6hepunkte\u201c in Wort und Tanz,vor allem mit viel Aschbacher Lokalkolorit, gab es auch bei der <strong>2. F\u00fchrung samstags<\/strong> zu applaudieren. In der mit wundersch\u00f6nen Schmetterlingen (gestaltet von <strong>K\u00fcnstlerin Petra Klein<\/strong>) ausgeschm\u00fcckten Narrhalla strapazierten&nbsp; junge und erfahrene Akteure die Lachmuskeln der N\u00e4rrinnen und Narren.<\/p>\n\n\n\n<p>Ganz herzlich gratulierte abschlie\u00dfend die versammelte Narrenschar, vor allem seine n\u00e4rrischen MitstreiterInnen, dem gl\u00e4nzenden Horst Schl\u00e4mmer alias Mario B\u00fcchel zu seinem Geburtstag!<\/p>\n\n\n\n<p>Zwei tolle, zweimal ausverkaufte, Kappensitzungen der Aschbacher Narrek\u00e4pp, die weit \u00fcber das Theeltal hinaus in die saarl\u00e4ndische Narrenszene strahlten!!!<\/p>\n\n\n\n<p><strong>Den Aschbacher Narrek\u00e4pp ein gro\u00dfes DANKE SCH\u00d6N f\u00fcr die tollen Kappensitzungen!!!&nbsp;&nbsp;&nbsp;&nbsp;&nbsp;&nbsp;&nbsp; Dem engagierten, jungen Verein w\u00fcnsche ich weiterhin viel Kreativit\u00e4t, viel Freude in ihrer gemeinsamen,&nbsp; kameradschaftlichen Zusammenarbeit und einen begeisterungsf\u00e4higen Nachwuchs!!!<\/strong><\/p>\n\n\n\n<p>&nbsp;&nbsp;&nbsp;&nbsp;&nbsp;&nbsp;&nbsp;&nbsp;&nbsp;&nbsp;&nbsp;&nbsp;&nbsp;&nbsp;&nbsp;&nbsp;&nbsp;&nbsp;&nbsp;&nbsp;&nbsp;&nbsp;&nbsp;&nbsp;&nbsp;&nbsp;&nbsp;&nbsp;&nbsp;&nbsp;&nbsp;&nbsp;&nbsp;&nbsp;&nbsp;&nbsp;&nbsp;&nbsp;&nbsp;&nbsp;&nbsp;&nbsp;&nbsp;&nbsp; &nbsp;<strong>ASCHBACHER&nbsp; KINDER-FAASEND<\/strong><\/p>\n\n\n\n<p>&nbsp;&nbsp;&nbsp;&nbsp;&nbsp;&nbsp;&nbsp;&nbsp;&nbsp;&nbsp;&nbsp;&nbsp;&nbsp;&nbsp;&nbsp;&nbsp;&nbsp; Zur traditionellen Aschbacher KINDER-FAASEND laden die <strong>NARREK\u00c4PP <\/strong>ein<\/p>\n\n\n\n<p>\u00a0\u00a0\u00a0\u00a0\u00a0\u00a0\u00a0\u00a0\u00a0\u00a0 \u00a0\u00a0\u00a0\u00a0\u00a0\u00a0\u00a0\u00a0\u00a0\u00a0\u00a0\u00a0\u00a0\u00a0\u00a0am\u00a0 <strong>SAMSTAG, den 11.Febr.2023<\/strong>,\u00a0 in den <strong>DSCHUNGEL der Mehrzweckhalle<\/strong><\/p>\n\n\n\n<p>&nbsp;&nbsp;&nbsp;&nbsp;&nbsp;&nbsp;&nbsp;&nbsp;&nbsp;&nbsp;&nbsp;&nbsp;&nbsp;&nbsp;&nbsp;&nbsp;&nbsp;&nbsp;&nbsp;&nbsp;&nbsp;&nbsp;&nbsp;&nbsp;&nbsp;&nbsp;&nbsp;&nbsp;&nbsp;&nbsp;&nbsp;&nbsp;&nbsp;&nbsp;&nbsp;&nbsp;&nbsp;&nbsp;&nbsp; <strong>Einlass&nbsp; ab&nbsp; 15.11 Uhr&nbsp;&nbsp;&nbsp;&nbsp;&nbsp;&nbsp; Beginn:&nbsp;&nbsp; 16.11 Uhr !!!<\/strong><\/p>\n\n\n\n<figure class=\"wp-block-gallery has-nested-images columns-default is-cropped wp-block-gallery-1 is-layout-flex wp-block-gallery-is-layout-flex\">\n<figure class=\"wp-block-image size-large\"><img data-recalc-dims=\"1\" decoding=\"async\" width=\"900\" height=\"600\" data-attachment-id=\"5235\" data-permalink=\"https:\/\/unser-aschbach.de\/staging2025\/2023\/02\/07\/lebendiger-lustiger-aschbacher-dschungel\/dsc_1948\/\" data-orig-file=\"https:\/\/i0.wp.com\/unser-aschbach.de\/staging2025\/wp-content\/uploads\/2023\/02\/DSC_1948-scaled.jpg?fit=1200%2C800&amp;ssl=1\" data-orig-size=\"1200,800\" data-comments-opened=\"1\" data-image-meta=\"{&quot;aperture&quot;:&quot;4.2&quot;,&quot;credit&quot;:&quot;&quot;,&quot;camera&quot;:&quot;NIKON D3100&quot;,&quot;caption&quot;:&quot;&quot;,&quot;created_timestamp&quot;:&quot;1675543931&quot;,&quot;copyright&quot;:&quot;&quot;,&quot;focal_length&quot;:&quot;30&quot;,&quot;iso&quot;:&quot;3200&quot;,&quot;shutter_speed&quot;:&quot;0.0166666666667&quot;,&quot;title&quot;:&quot;&quot;,&quot;orientation&quot;:&quot;1&quot;}\" data-image-title=\"DSC_1948\" data-image-description=\"\" data-image-caption=\"\" data-medium-file=\"https:\/\/i0.wp.com\/unser-aschbach.de\/staging2025\/wp-content\/uploads\/2023\/02\/DSC_1948-scaled.jpg?fit=300%2C200&amp;ssl=1\" data-large-file=\"https:\/\/i0.wp.com\/unser-aschbach.de\/staging2025\/wp-content\/uploads\/2023\/02\/DSC_1948-scaled.jpg?fit=900%2C600&amp;ssl=1\" data-id=\"5235\" src=\"https:\/\/i0.wp.com\/unser-aschbach.de\/staging2025\/wp-content\/uploads\/2023\/02\/DSC_1948.jpg?resize=900%2C600&#038;ssl=1\" alt=\"\" class=\"wp-image-5235\" srcset=\"https:\/\/i0.wp.com\/unser-aschbach.de\/staging2025\/wp-content\/uploads\/2023\/02\/DSC_1948-scaled.jpg?resize=1024%2C683&amp;ssl=1 1024w, https:\/\/i0.wp.com\/unser-aschbach.de\/staging2025\/wp-content\/uploads\/2023\/02\/DSC_1948-scaled.jpg?resize=300%2C200&amp;ssl=1 300w, https:\/\/i0.wp.com\/unser-aschbach.de\/staging2025\/wp-content\/uploads\/2023\/02\/DSC_1948-scaled.jpg?resize=768%2C512&amp;ssl=1 768w, https:\/\/i0.wp.com\/unser-aschbach.de\/staging2025\/wp-content\/uploads\/2023\/02\/DSC_1948-scaled.jpg?resize=1536%2C1024&amp;ssl=1 1536w, https:\/\/i0.wp.com\/unser-aschbach.de\/staging2025\/wp-content\/uploads\/2023\/02\/DSC_1948-scaled.jpg?resize=2048%2C1365&amp;ssl=1 2048w, https:\/\/i0.wp.com\/unser-aschbach.de\/staging2025\/wp-content\/uploads\/2023\/02\/DSC_1948-scaled.jpg?w=1200&amp;ssl=1 1200w\" sizes=\"(max-width: 900px) 100vw, 900px\" \/><\/figure>\n\n\n\n<figure class=\"wp-block-image size-large\"><img data-recalc-dims=\"1\" decoding=\"async\" width=\"900\" height=\"600\" data-attachment-id=\"5236\" data-permalink=\"https:\/\/unser-aschbach.de\/staging2025\/2023\/02\/07\/lebendiger-lustiger-aschbacher-dschungel\/dsc_1951\/\" data-orig-file=\"https:\/\/i0.wp.com\/unser-aschbach.de\/staging2025\/wp-content\/uploads\/2023\/02\/DSC_1951-scaled.jpg?fit=1200%2C800&amp;ssl=1\" data-orig-size=\"1200,800\" data-comments-opened=\"1\" data-image-meta=\"{&quot;aperture&quot;:&quot;4.8&quot;,&quot;credit&quot;:&quot;&quot;,&quot;camera&quot;:&quot;NIKON D3100&quot;,&quot;caption&quot;:&quot;&quot;,&quot;created_timestamp&quot;:&quot;1675544027&quot;,&quot;copyright&quot;:&quot;&quot;,&quot;focal_length&quot;:&quot;36&quot;,&quot;iso&quot;:&quot;2800&quot;,&quot;shutter_speed&quot;:&quot;0.0666666666667&quot;,&quot;title&quot;:&quot;&quot;,&quot;orientation&quot;:&quot;1&quot;}\" data-image-title=\"DSC_1951\" data-image-description=\"\" data-image-caption=\"\" data-medium-file=\"https:\/\/i0.wp.com\/unser-aschbach.de\/staging2025\/wp-content\/uploads\/2023\/02\/DSC_1951-scaled.jpg?fit=300%2C200&amp;ssl=1\" data-large-file=\"https:\/\/i0.wp.com\/unser-aschbach.de\/staging2025\/wp-content\/uploads\/2023\/02\/DSC_1951-scaled.jpg?fit=900%2C600&amp;ssl=1\" data-id=\"5236\" src=\"https:\/\/i0.wp.com\/unser-aschbach.de\/staging2025\/wp-content\/uploads\/2023\/02\/DSC_1951.jpg?resize=900%2C600&#038;ssl=1\" alt=\"\" class=\"wp-image-5236\" srcset=\"https:\/\/i0.wp.com\/unser-aschbach.de\/staging2025\/wp-content\/uploads\/2023\/02\/DSC_1951-scaled.jpg?resize=1024%2C683&amp;ssl=1 1024w, https:\/\/i0.wp.com\/unser-aschbach.de\/staging2025\/wp-content\/uploads\/2023\/02\/DSC_1951-scaled.jpg?resize=300%2C200&amp;ssl=1 300w, https:\/\/i0.wp.com\/unser-aschbach.de\/staging2025\/wp-content\/uploads\/2023\/02\/DSC_1951-scaled.jpg?resize=768%2C512&amp;ssl=1 768w, https:\/\/i0.wp.com\/unser-aschbach.de\/staging2025\/wp-content\/uploads\/2023\/02\/DSC_1951-scaled.jpg?resize=1536%2C1024&amp;ssl=1 1536w, https:\/\/i0.wp.com\/unser-aschbach.de\/staging2025\/wp-content\/uploads\/2023\/02\/DSC_1951-scaled.jpg?resize=2048%2C1365&amp;ssl=1 2048w, https:\/\/i0.wp.com\/unser-aschbach.de\/staging2025\/wp-content\/uploads\/2023\/02\/DSC_1951-scaled.jpg?w=1200&amp;ssl=1 1200w\" sizes=\"(max-width: 900px) 100vw, 900px\" \/><\/figure>\n\n\n\n<figure class=\"wp-block-image size-large\"><img data-recalc-dims=\"1\" decoding=\"async\" width=\"900\" height=\"600\" data-attachment-id=\"5237\" data-permalink=\"https:\/\/unser-aschbach.de\/staging2025\/2023\/02\/07\/lebendiger-lustiger-aschbacher-dschungel\/dsc_2087\/\" data-orig-file=\"https:\/\/i0.wp.com\/unser-aschbach.de\/staging2025\/wp-content\/uploads\/2023\/02\/DSC_2087-scaled.jpg?fit=1200%2C800&amp;ssl=1\" data-orig-size=\"1200,800\" data-comments-opened=\"1\" data-image-meta=\"{&quot;aperture&quot;:&quot;4.2&quot;,&quot;credit&quot;:&quot;&quot;,&quot;camera&quot;:&quot;NIKON D3100&quot;,&quot;caption&quot;:&quot;&quot;,&quot;created_timestamp&quot;:&quot;1675562048&quot;,&quot;copyright&quot;:&quot;&quot;,&quot;focal_length&quot;:&quot;29&quot;,&quot;iso&quot;:&quot;3200&quot;,&quot;shutter_speed&quot;:&quot;0.0166666666667&quot;,&quot;title&quot;:&quot;&quot;,&quot;orientation&quot;:&quot;1&quot;}\" data-image-title=\"DSC_2087\" data-image-description=\"\" data-image-caption=\"\" data-medium-file=\"https:\/\/i0.wp.com\/unser-aschbach.de\/staging2025\/wp-content\/uploads\/2023\/02\/DSC_2087-scaled.jpg?fit=300%2C200&amp;ssl=1\" data-large-file=\"https:\/\/i0.wp.com\/unser-aschbach.de\/staging2025\/wp-content\/uploads\/2023\/02\/DSC_2087-scaled.jpg?fit=900%2C600&amp;ssl=1\" data-id=\"5237\" src=\"https:\/\/i0.wp.com\/unser-aschbach.de\/staging2025\/wp-content\/uploads\/2023\/02\/DSC_2087.jpg?resize=900%2C600&#038;ssl=1\" alt=\"\" class=\"wp-image-5237\" srcset=\"https:\/\/i0.wp.com\/unser-aschbach.de\/staging2025\/wp-content\/uploads\/2023\/02\/DSC_2087-scaled.jpg?resize=1024%2C683&amp;ssl=1 1024w, https:\/\/i0.wp.com\/unser-aschbach.de\/staging2025\/wp-content\/uploads\/2023\/02\/DSC_2087-scaled.jpg?resize=300%2C200&amp;ssl=1 300w, https:\/\/i0.wp.com\/unser-aschbach.de\/staging2025\/wp-content\/uploads\/2023\/02\/DSC_2087-scaled.jpg?resize=768%2C512&amp;ssl=1 768w, https:\/\/i0.wp.com\/unser-aschbach.de\/staging2025\/wp-content\/uploads\/2023\/02\/DSC_2087-scaled.jpg?resize=1536%2C1024&amp;ssl=1 1536w, https:\/\/i0.wp.com\/unser-aschbach.de\/staging2025\/wp-content\/uploads\/2023\/02\/DSC_2087-scaled.jpg?resize=2048%2C1365&amp;ssl=1 2048w, https:\/\/i0.wp.com\/unser-aschbach.de\/staging2025\/wp-content\/uploads\/2023\/02\/DSC_2087-scaled.jpg?w=1200&amp;ssl=1 1200w\" sizes=\"(max-width: 900px) 100vw, 900px\" \/><\/figure>\n<\/figure>\n<div class=\"shariff shariff-align-flex-start shariff-widget-align-flex-start\"><ul class=\"shariff-buttons theme-round orientation-horizontal buttonsize-medium\"><li class=\"shariff-button mailto shariff-nocustomcolor\" style=\"background-color:#a8a8a8\"><a href=\"mailto:?body=https%3A%2F%2Funser-aschbach.de%2Fstaging2025%2F2023%2F02%2F07%2Flebendiger-lustiger-aschbacher-dschungel%2F&subject=Lebendiger%2C%20lustiger%20Aschbacher%20Dschungel%21\" title=\"Per E-Mail versenden\" aria-label=\"Per E-Mail versenden\" role=\"button\" rel=\"noopener nofollow\" class=\"shariff-link\" style=\"; background-color:#999; color:#fff\"><span class=\"shariff-icon\" style=\"\"><svg width=\"32px\" height=\"20px\" xmlns=\"http:\/\/www.w3.org\/2000\/svg\" viewBox=\"0 0 32 32\"><path fill=\"#999\" d=\"M32 12.7v14.2q0 1.2-0.8 2t-2 0.9h-26.3q-1.2 0-2-0.9t-0.8-2v-14.2q0.8 0.9 1.8 1.6 6.5 4.4 8.9 6.1 1 0.8 1.6 1.2t1.7 0.9 2 0.4h0.1q0.9 0 2-0.4t1.7-0.9 1.6-1.2q3-2.2 8.9-6.1 1-0.7 1.8-1.6zM32 7.4q0 1.4-0.9 2.7t-2.2 2.2q-6.7 4.7-8.4 5.8-0.2 0.1-0.7 0.5t-1 0.7-0.9 0.6-1.1 0.5-0.9 0.2h-0.1q-0.4 0-0.9-0.2t-1.1-0.5-0.9-0.6-1-0.7-0.7-0.5q-1.6-1.1-4.7-3.2t-3.6-2.6q-1.1-0.7-2.1-2t-1-2.5q0-1.4 0.7-2.3t2.1-0.9h26.3q1.2 0 2 0.8t0.9 2z\"\/><\/svg><\/span><\/a><\/li><li class=\"shariff-button facebook shariff-nocustomcolor\" style=\"background-color:#4273c8\"><a href=\"https:\/\/www.facebook.com\/sharer\/sharer.php?u=https%3A%2F%2Funser-aschbach.de%2Fstaging2025%2F2023%2F02%2F07%2Flebendiger-lustiger-aschbacher-dschungel%2F\" title=\"Bei Facebook teilen\" aria-label=\"Bei Facebook teilen\" role=\"button\" rel=\"nofollow\" class=\"shariff-link\" style=\"; background-color:#3b5998; color:#fff\" target=\"_blank\"><span class=\"shariff-icon\" style=\"\"><svg width=\"32px\" height=\"20px\" xmlns=\"http:\/\/www.w3.org\/2000\/svg\" viewBox=\"0 0 18 32\"><path fill=\"#3b5998\" d=\"M17.1 0.2v4.7h-2.8q-1.5 0-2.1 0.6t-0.5 1.9v3.4h5.2l-0.7 5.3h-4.5v13.6h-5.5v-13.6h-4.5v-5.3h4.5v-3.9q0-3.3 1.9-5.2t5-1.8q2.6 0 4.1 0.2z\"\/><\/svg><\/span><\/a><\/li><li class=\"shariff-button whatsapp shariff-nocustomcolor\" style=\"background-color:#5cbe4a\"><a href=\"https:\/\/api.whatsapp.com\/send?text=https%3A%2F%2Funser-aschbach.de%2Fstaging2025%2F2023%2F02%2F07%2Flebendiger-lustiger-aschbacher-dschungel%2F%20Lebendiger%2C%20lustiger%20Aschbacher%20Dschungel%21\" title=\"Bei Whatsapp teilen\" aria-label=\"Bei Whatsapp teilen\" role=\"button\" rel=\"noopener nofollow\" class=\"shariff-link\" style=\"; background-color:#34af23; color:#fff\" target=\"_blank\"><span class=\"shariff-icon\" style=\"\"><svg width=\"32px\" height=\"20px\" xmlns=\"http:\/\/www.w3.org\/2000\/svg\" viewBox=\"0 0 32 32\"><path fill=\"#34af23\" d=\"M17.6 17.4q0.2 0 1.7 0.8t1.6 0.9q0 0.1 0 0.3 0 0.6-0.3 1.4-0.3 0.7-1.3 1.2t-1.8 0.5q-1 0-3.4-1.1-1.7-0.8-3-2.1t-2.6-3.3q-1.3-1.9-1.3-3.5v-0.1q0.1-1.6 1.3-2.8 0.4-0.4 0.9-0.4 0.1 0 0.3 0t0.3 0q0.3 0 0.5 0.1t0.3 0.5q0.1 0.4 0.6 1.6t0.4 1.3q0 0.4-0.6 1t-0.6 0.8q0 0.1 0.1 0.3 0.6 1.3 1.8 2.4 1 0.9 2.7 1.8 0.2 0.1 0.4 0.1 0.3 0 1-0.9t0.9-0.9zM14 26.9q2.3 0 4.3-0.9t3.6-2.4 2.4-3.6 0.9-4.3-0.9-4.3-2.4-3.6-3.6-2.4-4.3-0.9-4.3 0.9-3.6 2.4-2.4 3.6-0.9 4.3q0 3.6 2.1 6.6l-1.4 4.2 4.3-1.4q2.8 1.9 6.2 1.9zM14 2.2q2.7 0 5.2 1.1t4.3 2.9 2.9 4.3 1.1 5.2-1.1 5.2-2.9 4.3-4.3 2.9-5.2 1.1q-3.5 0-6.5-1.7l-7.4 2.4 2.4-7.2q-1.9-3.2-1.9-6.9 0-2.7 1.1-5.2t2.9-4.3 4.3-2.9 5.2-1.1z\"\/><\/svg><\/span><\/a><\/li><\/ul><\/div>","protected":false},"excerpt":{"rendered":"<p>Autor: Josef Nickolai Zwei Tage liefen die Aschbacher Narrek\u00e4pp auf Hochtouren und verwandelten die gr\u00fcne Dschungel-Arena in der Mehrzweckhalle in ein n\u00e4rrisches Tollhaus. P\u00fcnktlich um 20.11 Uhr begr\u00fc\u00dfte das \u201ePr\u00e4sidiale Drei-Gestirn\u201c Stefan Schr\u00f6der, Sandra-Anna Stark und Simon M\u00fcller freitags die Dschungel-G\u00e4ste zur 1. Dschungel-F\u00fchrung. Zur 1. Kappensitzung fanden B\u00fcrgermeister Klauspeter Brill mit Gattin Jennifer, OV&#8230;<\/p>\n<p> <a class=\"continue-reading-link\" href=\"https:\/\/unser-aschbach.de\/staging2025\/2023\/02\/07\/lebendiger-lustiger-aschbacher-dschungel\/\"><span>weiterlesen<\/span><i class=\"crycon-right-dir\"><\/i><\/a> <\/p>\n","protected":false},"author":1,"featured_media":5235,"comment_status":"open","ping_status":"open","sticky":false,"template":"","format":"standard","meta":{"jetpack_post_was_ever_published":false,"_jetpack_newsletter_access":"","_jetpack_dont_email_post_to_subs":false,"_jetpack_newsletter_tier_id":0,"_jetpack_memberships_contains_paywalled_content":false,"_jetpack_memberships_contains_paid_content":false,"footnotes":"","jetpack_publicize_message":"","jetpack_publicize_feature_enabled":true,"jetpack_social_post_already_shared":true,"jetpack_social_options":{"image_generator_settings":{"template":"highway","default_image_id":0,"font":"","enabled":false},"version":2}},"categories":[121],"tags":[145],"class_list":["post-5234","post","type-post","status-publish","format-standard","has-post-thumbnail","hentry","category-aschbacher-narrekaepp","tag-kappensitzung"],"jetpack_publicize_connections":[],"jetpack_featured_media_url":"https:\/\/i0.wp.com\/unser-aschbach.de\/staging2025\/wp-content\/uploads\/2023\/02\/DSC_1948-scaled.jpg?fit=1200%2C800&ssl=1","jetpack_shortlink":"https:\/\/wp.me\/pggZrZ-1mq","jetpack-related-posts":[{"id":5241,"url":"https:\/\/unser-aschbach.de\/staging2025\/2023\/02\/14\/begeisterte-frohe-kleine-dschungelbesucher\/","url_meta":{"origin":5234,"position":0},"title":"Begeisterte, frohe, kleine Dschungelbesucher","author":"Someone","date":"14. Februar 2023","format":false,"excerpt":"Autor: Josef Nickolai Am 3. Dschungeltag, der Kinderfaasend, str\u00f6mten ganz viele, erwartungsvolle, kleine N\u00e4rrinnen und Narren in Begleitung ihrer Mamas, Papas, Omas und Opas in die Aschbacher Dschungelwelt. Das pr\u00e4sidiale Narrenk\u00e4pp-Duo Stefan Schr\u00f6der und Sandra-Anna Stark begr\u00fc\u00dfte um 16.11 Uhr zahlreiche \u00c4ffchen, bunte V\u00f6gel, Raubkatzen, Schildkr\u00f6ten, Prinzessinnen, Cowboys, Feuerwehrm\u00e4nner und\u2026","rel":"","context":"In &quot;Aktionen&quot;","block_context":{"text":"Aktionen","link":"https:\/\/unser-aschbach.de\/staging2025\/category\/der-ort\/aktionen\/"},"img":{"alt_text":"","src":"https:\/\/i0.wp.com\/unser-aschbach.de\/staging2025\/wp-content\/uploads\/2023\/02\/DSC_2112-scaled.jpg?fit=1200%2C800&ssl=1&resize=350%2C200","width":350,"height":200,"srcset":"https:\/\/i0.wp.com\/unser-aschbach.de\/staging2025\/wp-content\/uploads\/2023\/02\/DSC_2112-scaled.jpg?fit=1200%2C800&ssl=1&resize=350%2C200 1x, https:\/\/i0.wp.com\/unser-aschbach.de\/staging2025\/wp-content\/uploads\/2023\/02\/DSC_2112-scaled.jpg?fit=1200%2C800&ssl=1&resize=525%2C300 1.5x, https:\/\/i0.wp.com\/unser-aschbach.de\/staging2025\/wp-content\/uploads\/2023\/02\/DSC_2112-scaled.jpg?fit=1200%2C800&ssl=1&resize=700%2C400 2x, https:\/\/i0.wp.com\/unser-aschbach.de\/staging2025\/wp-content\/uploads\/2023\/02\/DSC_2112-scaled.jpg?fit=1200%2C800&ssl=1&resize=1050%2C600 3x"},"classes":[]},{"id":5220,"url":"https:\/\/unser-aschbach.de\/staging2025\/2023\/01\/31\/aschbacher-narrekaepp-in-sr3-radio-kappensitzung\/","url_meta":{"origin":5234,"position":1},"title":"Aschbacher Narrek\u00e4pp  in SR3 Radio-Kappensitzung","author":"Someone","date":"31. Januar 2023","format":false,"excerpt":"\u00a0\u00a0\u00a0\u00a0Autor: Josef Nickolai, Fotos: Jonas Schmidt \u00a0 Musikalisch schwungvoll umrahmt von den \u201eLatzegallies\u201c versammelte sich zahlreich die saarl\u00e4ndische Fastnachts-Prominenz zur diesj\u00e4hrigen SR 3 Radio-Kappensitzung. Auf Vorschlag des \u201eVerbandes Saarl\u00e4ndischer Karnevalsvereine\u201c hatte SR 3 in Zusammenarbeit mit \u201eGr\u00fcne Nelke Dudweiler\u201c die \u201eCr\u00e8me de la Cr\u00e8me\u201c saarl\u00e4ndischer B\u00fcttenredner ins B\u00fcrgerhaus Dudweiler eingeladen.\u2026","rel":"","context":"In &quot;Aschbacher Narrek\u00e4pp&quot;","block_context":{"text":"Aschbacher Narrek\u00e4pp","link":"https:\/\/unser-aschbach.de\/staging2025\/category\/vereine\/aschbacher-narrekaepp\/"},"img":{"alt_text":"","src":"https:\/\/i0.wp.com\/unser-aschbach.de\/staging2025\/wp-content\/uploads\/2023\/01\/IMG-20230129-WA0002.jpg?fit=1200%2C900&ssl=1&resize=350%2C200","width":350,"height":200,"srcset":"https:\/\/i0.wp.com\/unser-aschbach.de\/staging2025\/wp-content\/uploads\/2023\/01\/IMG-20230129-WA0002.jpg?fit=1200%2C900&ssl=1&resize=350%2C200 1x, https:\/\/i0.wp.com\/unser-aschbach.de\/staging2025\/wp-content\/uploads\/2023\/01\/IMG-20230129-WA0002.jpg?fit=1200%2C900&ssl=1&resize=525%2C300 1.5x, https:\/\/i0.wp.com\/unser-aschbach.de\/staging2025\/wp-content\/uploads\/2023\/01\/IMG-20230129-WA0002.jpg?fit=1200%2C900&ssl=1&resize=700%2C400 2x, https:\/\/i0.wp.com\/unser-aschbach.de\/staging2025\/wp-content\/uploads\/2023\/01\/IMG-20230129-WA0002.jpg?fit=1200%2C900&ssl=1&resize=1050%2C600 3x"},"classes":[]},{"id":5137,"url":"https:\/\/unser-aschbach.de\/staging2025\/2022\/11\/09\/aschbacher-narrekaepp-beleben-tradition\/","url_meta":{"origin":5234,"position":2},"title":"Aschbacher Narrek\u00e4pp beleben Tradition!","author":"Someone","date":"9. November 2022","format":false,"excerpt":"MARTINI-KIRMES\u00a0 2022 Autor: Josef Nickolai Zum 3. Mal veranstalteten die Aschbacher Narrek\u00e4pp die Martini-Kirmes als Auftakt in die n\u00e4rrische Session; traditionell wird an Martini am 11.11. die Faasend er\u00f6ffnet, in Aschbach getreu dem Narrek\u00e4pp-Motto \u201eUnser Herz schl\u00e4gt f\u00fcr die Faasend!!!\u201c Zahlreiche BesucherInnen fanden letzten Samstag den Weg in die fantasievoll,\u2026","rel":"","context":"In &quot;Aktionen&quot;","block_context":{"text":"Aktionen","link":"https:\/\/unser-aschbach.de\/staging2025\/category\/der-ort\/aktionen\/"},"img":{"alt_text":"","src":"https:\/\/i0.wp.com\/unser-aschbach.de\/staging2025\/wp-content\/uploads\/2022\/11\/IMG-20221107-WA0001-1.jpg?resize=350%2C200","width":350,"height":200,"srcset":"https:\/\/i0.wp.com\/unser-aschbach.de\/staging2025\/wp-content\/uploads\/2022\/11\/IMG-20221107-WA0001-1.jpg?resize=350%2C200 1x, https:\/\/i0.wp.com\/unser-aschbach.de\/staging2025\/wp-content\/uploads\/2022\/11\/IMG-20221107-WA0001-1.jpg?resize=525%2C300 1.5x, https:\/\/i0.wp.com\/unser-aschbach.de\/staging2025\/wp-content\/uploads\/2022\/11\/IMG-20221107-WA0001-1.jpg?resize=700%2C400 2x"},"classes":[]},{"id":4310,"url":"https:\/\/unser-aschbach.de\/staging2025\/2020\/02\/12\/vereinsportrait-aschbacher-narrekaepp\/","url_meta":{"origin":5234,"position":3},"title":"Vereinsportrait Aschbacher Narrek\u00e4pp","author":"Someone","date":"12. Februar 2020","format":false,"excerpt":"Alleh hopp, die Aschbacher Narrek\u00e4pp stehn Kopp 2013 gilt als Geburtstunde der \u201eAschbacher Narrek\u00e4pp\u201c: Vorg\u00e4nger des jungen Vereins in der f\u00fcnften Jahreszeit waren die Kath. Frauengemeinschaft (Anfang der 1960er Jahre bis 2002) unddie Interessengemeinschaft Aschbacher Faasend (2002-2013). Gegenw\u00e4rtig f\u00fchrt ein \u201eDreigestirn\u201c -Stefan Schr\u00f6der, Sandra-Anna Stark und Florian B\u00fcchel- die kreativen,\u2026","rel":"","context":"In &quot;Vereine&quot;","block_context":{"text":"Vereine","link":"https:\/\/unser-aschbach.de\/staging2025\/category\/vereine\/"},"img":{"alt_text":"","src":"https:\/\/i0.wp.com\/unser-aschbach.de\/staging2025\/wp-content\/uploads\/2020\/02\/DSC_08801-scaled.jpg?fit=1200%2C800&ssl=1&resize=350%2C200","width":350,"height":200,"srcset":"https:\/\/i0.wp.com\/unser-aschbach.de\/staging2025\/wp-content\/uploads\/2020\/02\/DSC_08801-scaled.jpg?fit=1200%2C800&ssl=1&resize=350%2C200 1x, https:\/\/i0.wp.com\/unser-aschbach.de\/staging2025\/wp-content\/uploads\/2020\/02\/DSC_08801-scaled.jpg?fit=1200%2C800&ssl=1&resize=525%2C300 1.5x, https:\/\/i0.wp.com\/unser-aschbach.de\/staging2025\/wp-content\/uploads\/2020\/02\/DSC_08801-scaled.jpg?fit=1200%2C800&ssl=1&resize=700%2C400 2x, https:\/\/i0.wp.com\/unser-aschbach.de\/staging2025\/wp-content\/uploads\/2020\/02\/DSC_08801-scaled.jpg?fit=1200%2C800&ssl=1&resize=1050%2C600 3x"},"classes":[]},{"id":4326,"url":"https:\/\/unser-aschbach.de\/staging2025\/2020\/02\/12\/unser-_ortsvorsteher-informiert-zweimal-begeistertes-full-house-fuer-flower-power-der-aschbacher-narrekaepp\/","url_meta":{"origin":5234,"position":4},"title":"Unser Ortsvorsteher informiert &#8211;  Zweimal begeistertes \u201eFull House\u201c f\u00fcr \u201eFLOWER POWER\u201c der Aschbacher Narrek\u00e4pp","author":"Someone","date":"12. Februar 2020","format":false,"excerpt":"Eins steht fest!: Die Aschbacher Narrek\u00e4pp verstehen es, ihr Publikum begeistert auf die Reise in die f\u00fcnfte Jahreszeit mitzunehmen. Bunt und blumig hatten Erwin Schr\u00f6der, Herbert Backes und Petra Klein die B\u00fchne in der Mehrzweckhalle dem Motto entsprechend f\u00fcr die Narrenschar dekoriert. N\u00e4rrisch p\u00fcnktlich um 20.11 Uhr (samstags um 19.11\u2026","rel":"","context":"In &quot;Allgemein&quot;","block_context":{"text":"Allgemein","link":"https:\/\/unser-aschbach.de\/staging2025\/category\/allgemein\/"},"img":{"alt_text":"","src":"https:\/\/i0.wp.com\/unser-aschbach.de\/staging2025\/wp-content\/uploads\/2020\/02\/IMG_4186_M.jpg?fit=1200%2C800&ssl=1&resize=350%2C200","width":350,"height":200,"srcset":"https:\/\/i0.wp.com\/unser-aschbach.de\/staging2025\/wp-content\/uploads\/2020\/02\/IMG_4186_M.jpg?fit=1200%2C800&ssl=1&resize=350%2C200 1x, https:\/\/i0.wp.com\/unser-aschbach.de\/staging2025\/wp-content\/uploads\/2020\/02\/IMG_4186_M.jpg?fit=1200%2C800&ssl=1&resize=525%2C300 1.5x, https:\/\/i0.wp.com\/unser-aschbach.de\/staging2025\/wp-content\/uploads\/2020\/02\/IMG_4186_M.jpg?fit=1200%2C800&ssl=1&resize=700%2C400 2x, https:\/\/i0.wp.com\/unser-aschbach.de\/staging2025\/wp-content\/uploads\/2020\/02\/IMG_4186_M.jpg?fit=1200%2C800&ssl=1&resize=1050%2C600 3x"},"classes":[]},{"id":5435,"url":"https:\/\/unser-aschbach.de\/staging2025\/2024\/01\/31\/aschbacher-narrenhof-mit-tag-der-offenen-tuer\/","url_meta":{"origin":5234,"position":5},"title":"ASCHBACHER NARRENHOF mit TAG DER OFFENEN T\u00dcR","author":"Someone","date":"31. Januar 2024","format":false,"excerpt":"Autor: Josef Nickolai Zweimal hatten die Aschbacher Narrek\u00e4pp zum Tag der offenen T\u00fcr auf ihren Narrenhof geladen und zweimal war der toll-gemalte Narrenhof (Petra Klein) bis zum letzten Platz gebucht, sprich, die beiden Kappensitzungen in der Mehrzweckhalle (MZW) waren total ausverkauft! Mit einem kreativ-abwechslungsreichen\u00a0 Programm begeisterte das junge und reife\u2026","rel":"","context":"In &quot;Aktionen&quot;","block_context":{"text":"Aktionen","link":"https:\/\/unser-aschbach.de\/staging2025\/category\/der-ort\/aktionen\/"},"img":{"alt_text":"","src":"https:\/\/i0.wp.com\/unser-aschbach.de\/staging2025\/wp-content\/uploads\/2024\/01\/DSC_1014-scaled.jpg?fit=1200%2C529&ssl=1&resize=350%2C200","width":350,"height":200,"srcset":"https:\/\/i0.wp.com\/unser-aschbach.de\/staging2025\/wp-content\/uploads\/2024\/01\/DSC_1014-scaled.jpg?fit=1200%2C529&ssl=1&resize=350%2C200 1x, https:\/\/i0.wp.com\/unser-aschbach.de\/staging2025\/wp-content\/uploads\/2024\/01\/DSC_1014-scaled.jpg?fit=1200%2C529&ssl=1&resize=525%2C300 1.5x, https:\/\/i0.wp.com\/unser-aschbach.de\/staging2025\/wp-content\/uploads\/2024\/01\/DSC_1014-scaled.jpg?fit=1200%2C529&ssl=1&resize=700%2C400 2x, https:\/\/i0.wp.com\/unser-aschbach.de\/staging2025\/wp-content\/uploads\/2024\/01\/DSC_1014-scaled.jpg?fit=1200%2C529&ssl=1&resize=1050%2C600 3x"},"classes":[]}],"jetpack_sharing_enabled":true,"_links":{"self":[{"href":"https:\/\/unser-aschbach.de\/staging2025\/wp-json\/wp\/v2\/posts\/5234","targetHints":{"allow":["GET"]}}],"collection":[{"href":"https:\/\/unser-aschbach.de\/staging2025\/wp-json\/wp\/v2\/posts"}],"about":[{"href":"https:\/\/unser-aschbach.de\/staging2025\/wp-json\/wp\/v2\/types\/post"}],"author":[{"embeddable":true,"href":"https:\/\/unser-aschbach.de\/staging2025\/wp-json\/wp\/v2\/users\/1"}],"replies":[{"embeddable":true,"href":"https:\/\/unser-aschbach.de\/staging2025\/wp-json\/wp\/v2\/comments?post=5234"}],"version-history":[{"count":2,"href":"https:\/\/unser-aschbach.de\/staging2025\/wp-json\/wp\/v2\/posts\/5234\/revisions"}],"predecessor-version":[{"id":5239,"href":"https:\/\/unser-aschbach.de\/staging2025\/wp-json\/wp\/v2\/posts\/5234\/revisions\/5239"}],"wp:featuredmedia":[{"embeddable":true,"href":"https:\/\/unser-aschbach.de\/staging2025\/wp-json\/wp\/v2\/media\/5235"}],"wp:attachment":[{"href":"https:\/\/unser-aschbach.de\/staging2025\/wp-json\/wp\/v2\/media?parent=5234"}],"wp:term":[{"taxonomy":"category","embeddable":true,"href":"https:\/\/unser-aschbach.de\/staging2025\/wp-json\/wp\/v2\/categories?post=5234"},{"taxonomy":"post_tag","embeddable":true,"href":"https:\/\/unser-aschbach.de\/staging2025\/wp-json\/wp\/v2\/tags?post=5234"}],"curies":[{"name":"wp","href":"https:\/\/api.w.org\/{rel}","templated":true}]}}