{"id":5105,"date":"2022-10-05T21:55:33","date_gmt":"2022-10-05T19:55:33","guid":{"rendered":"https:\/\/unser-aschbach.de\/staging2025\/?p=5105"},"modified":"2022-11-09T21:50:56","modified_gmt":"2022-11-09T20:50:56","slug":"tag-der-aelteren-mitbuerger_innen-2022%ef%bf%bc","status":"publish","type":"post","link":"https:\/\/unser-aschbach.de\/staging2025\/2022\/10\/05\/tag-der-aelteren-mitbuerger_innen-2022%ef%bf%bc\/","title":{"rendered":"TAG DER \u00c4LTEREN MITB\u00dcRGER_INNEN\u00a0 2022\ufffc"},"content":{"rendered":"\n<h2 class=\"has-text-align-center wp-block-heading\">Ihr seid das Salz der Erde<\/h2>\n\n\n\n<p><strong>Autor: Josef Nickolai<\/strong><\/p>\n\n\n\n<p class=\"has-drop-cap has-vivid-green-cyan-background-color has-background\">Nachdem Ortsvorsteher (OV) Josef Nickolai und Pastor Hermann Zangerle die anwesenden \u00e4lteren Mitb\u00fcrgerinnen und Mitb\u00fcrger begr\u00fc\u00dft hatten, gestalteten Therese und Johannes Birringer eine besinnliche&nbsp; Andacht zum Einstieg in den Begegnungstag. Eingestimmt mit dem M\u00e4rchen zur Salzprinzessin wurde den Zuh\u00f6rerinnen und Zuh\u00f6rern die wichtige Bedeutung des Salzes f\u00fcr das Leben veranschaulicht: \u201cEs ist uns von Gott gegeben, Salz der Erde zu sein; nehmen wir diese Gabe mit Freude an. Wo wir Salz der Erde sind, k\u00f6nnen andere einen Geschmack am Leben finden.\u201c (Fr\u00e8re Alois von Taiz\u00e9)<\/p>\n\n\n\n<p>Oswald Werth am Akkordeon und Leo Gro\u00df an der Gitarre (Oss &amp; Leo) begleiteten harmonisch die ausgew\u00e4hlten Andachtslieder. Auch der Pastor hob in seinen Segensworten die Bedeutung des Salzes, im \u00fcbertragenen Sinne die Bedeutung des Gl\u00e4ubigen f\u00fcr unser Zusammenleben, hervor.<\/p>\n\n\n\n<!--more-->\n\n\n\n<p>Mit flotten, musikalischen Kl\u00e4ngen unterhielt unser Musikverein Orpheus Aschbach die versammelten Mitb\u00fcrgerInnen zu Kaffee, wohlschmeckendem Kuchen und leckeren Schnittchen, zubereitet und serviert von unseren Damen der Frauengemeinschaft. Kreativ herbstlich und ansprechend hatten die \u201eMir sind acht\u201c die Tische in der Mehrzweckhalle geschm\u00fcckt.<\/p>\n\n\n\n<p>Im Verlaufe des Nachmittags ehrte der OV Elfriede Gutgesell als \u00e4lteste Mitb\u00fcrgerin und G\u00fcnter Schmitt als \u00e4ltester anwesender Mitb\u00fcrger. Stimmungsvoll spielten unser Duo Oss&amp;Leo zum Ausklang dieses sch\u00f6nen Begegnungstages. Viel Lob war zu h\u00f6ren f\u00fcr die Frauengemeinschaft, die sch\u00f6n geschm\u00fcckten Tische, die musikalische Unterhaltung und die besinnliche Andacht.<\/p>\n\n\n\n<p><strong>Ein gro\u00dfes DANKE SCH\u00d6N allen, die zum Gelingen dieses Begegnungstages, nach drei\u00e4hriger Pause, beigetragen haben!: Dem Team der Frauengemeinschaft, den \u201eMir sind acht\u201c, Therese und Johannes Birringer, unserem MV Orpheus, unserem Musikanten-Duo Oss&amp;Leo, den Mitwirkenden des Ortsrates, unserer Metzgerei J\u00fcrgen Bastuck f\u00fcr die Wurst-Spende und dem Hausmeister mit seinem Team f\u00fcr die Abschlussarbeit am Montag<\/strong>.<\/p>\n\n\n\n<figure class=\"wp-block-gallery has-nested-images columns-default is-cropped wp-block-gallery-1 is-layout-flex wp-block-gallery-is-layout-flex\">\n<figure class=\"wp-block-image size-large\"><img data-recalc-dims=\"1\" decoding=\"async\" width=\"683\" height=\"1024\" data-attachment-id=\"5110\" data-permalink=\"https:\/\/unser-aschbach.de\/staging2025\/2022\/10\/05\/tag-der-aelteren-mitbuerger_innen-2022%ef%bf%bc\/dsc_1637\/\" data-orig-file=\"https:\/\/i0.wp.com\/unser-aschbach.de\/staging2025\/wp-content\/uploads\/2022\/10\/DSC_1637-scaled.jpg?fit=800%2C1200&amp;ssl=1\" data-orig-size=\"800,1200\" data-comments-opened=\"1\" data-image-meta=\"{&quot;aperture&quot;:&quot;4.5&quot;,&quot;credit&quot;:&quot;&quot;,&quot;camera&quot;:&quot;NIKON D3100&quot;,&quot;caption&quot;:&quot;&quot;,&quot;created_timestamp&quot;:&quot;1664121261&quot;,&quot;copyright&quot;:&quot;&quot;,&quot;focal_length&quot;:&quot;34&quot;,&quot;iso&quot;:&quot;2800&quot;,&quot;shutter_speed&quot;:&quot;0.0166666666667&quot;,&quot;title&quot;:&quot;&quot;,&quot;orientation&quot;:&quot;1&quot;}\" data-image-title=\"DSC_1637\" data-image-description=\"\" data-image-caption=\"\" data-medium-file=\"https:\/\/i0.wp.com\/unser-aschbach.de\/staging2025\/wp-content\/uploads\/2022\/10\/DSC_1637-scaled.jpg?fit=200%2C300&amp;ssl=1\" data-large-file=\"https:\/\/i0.wp.com\/unser-aschbach.de\/staging2025\/wp-content\/uploads\/2022\/10\/DSC_1637-scaled.jpg?fit=683%2C1024&amp;ssl=1\" data-id=\"5110\" src=\"https:\/\/i0.wp.com\/unser-aschbach.de\/staging2025\/wp-content\/uploads\/2022\/10\/DSC_1637.jpg?resize=683%2C1024&#038;ssl=1\" alt=\"\" class=\"wp-image-5110\" srcset=\"https:\/\/i0.wp.com\/unser-aschbach.de\/staging2025\/wp-content\/uploads\/2022\/10\/DSC_1637-scaled.jpg?resize=683%2C1024&amp;ssl=1 683w, https:\/\/i0.wp.com\/unser-aschbach.de\/staging2025\/wp-content\/uploads\/2022\/10\/DSC_1637-scaled.jpg?resize=200%2C300&amp;ssl=1 200w, https:\/\/i0.wp.com\/unser-aschbach.de\/staging2025\/wp-content\/uploads\/2022\/10\/DSC_1637-scaled.jpg?resize=768%2C1152&amp;ssl=1 768w, https:\/\/i0.wp.com\/unser-aschbach.de\/staging2025\/wp-content\/uploads\/2022\/10\/DSC_1637-scaled.jpg?resize=1024%2C1536&amp;ssl=1 1024w, https:\/\/i0.wp.com\/unser-aschbach.de\/staging2025\/wp-content\/uploads\/2022\/10\/DSC_1637-scaled.jpg?resize=1365%2C2048&amp;ssl=1 1365w, https:\/\/i0.wp.com\/unser-aschbach.de\/staging2025\/wp-content\/uploads\/2022\/10\/DSC_1637-scaled.jpg?w=800&amp;ssl=1 800w\" sizes=\"(max-width: 683px) 100vw, 683px\" \/><\/figure>\n\n\n\n<figure class=\"wp-block-image size-large\"><img data-recalc-dims=\"1\" decoding=\"async\" width=\"900\" height=\"600\" data-attachment-id=\"5113\" data-permalink=\"https:\/\/unser-aschbach.de\/staging2025\/2022\/10\/05\/tag-der-aelteren-mitbuerger_innen-2022%ef%bf%bc\/dsc_1644\/\" data-orig-file=\"https:\/\/i0.wp.com\/unser-aschbach.de\/staging2025\/wp-content\/uploads\/2022\/10\/DSC_1644-scaled.jpg?fit=1200%2C800&amp;ssl=1\" data-orig-size=\"1200,800\" data-comments-opened=\"1\" data-image-meta=\"{&quot;aperture&quot;:&quot;4.5&quot;,&quot;credit&quot;:&quot;&quot;,&quot;camera&quot;:&quot;NIKON D3100&quot;,&quot;caption&quot;:&quot;&quot;,&quot;created_timestamp&quot;:&quot;1664125679&quot;,&quot;copyright&quot;:&quot;&quot;,&quot;focal_length&quot;:&quot;32&quot;,&quot;iso&quot;:&quot;1600&quot;,&quot;shutter_speed&quot;:&quot;0.0166666666667&quot;,&quot;title&quot;:&quot;&quot;,&quot;orientation&quot;:&quot;1&quot;}\" data-image-title=\"DSC_1644\" data-image-description=\"\" data-image-caption=\"\" data-medium-file=\"https:\/\/i0.wp.com\/unser-aschbach.de\/staging2025\/wp-content\/uploads\/2022\/10\/DSC_1644-scaled.jpg?fit=300%2C200&amp;ssl=1\" data-large-file=\"https:\/\/i0.wp.com\/unser-aschbach.de\/staging2025\/wp-content\/uploads\/2022\/10\/DSC_1644-scaled.jpg?fit=900%2C600&amp;ssl=1\" data-id=\"5113\" src=\"https:\/\/i0.wp.com\/unser-aschbach.de\/staging2025\/wp-content\/uploads\/2022\/10\/DSC_1644.jpg?resize=900%2C600&#038;ssl=1\" alt=\"\" class=\"wp-image-5113\" srcset=\"https:\/\/i0.wp.com\/unser-aschbach.de\/staging2025\/wp-content\/uploads\/2022\/10\/DSC_1644-scaled.jpg?resize=1024%2C683&amp;ssl=1 1024w, https:\/\/i0.wp.com\/unser-aschbach.de\/staging2025\/wp-content\/uploads\/2022\/10\/DSC_1644-scaled.jpg?resize=300%2C200&amp;ssl=1 300w, https:\/\/i0.wp.com\/unser-aschbach.de\/staging2025\/wp-content\/uploads\/2022\/10\/DSC_1644-scaled.jpg?resize=768%2C512&amp;ssl=1 768w, https:\/\/i0.wp.com\/unser-aschbach.de\/staging2025\/wp-content\/uploads\/2022\/10\/DSC_1644-scaled.jpg?resize=1536%2C1024&amp;ssl=1 1536w, https:\/\/i0.wp.com\/unser-aschbach.de\/staging2025\/wp-content\/uploads\/2022\/10\/DSC_1644-scaled.jpg?resize=2048%2C1365&amp;ssl=1 2048w, https:\/\/i0.wp.com\/unser-aschbach.de\/staging2025\/wp-content\/uploads\/2022\/10\/DSC_1644-scaled.jpg?w=1200&amp;ssl=1 1200w\" sizes=\"(max-width: 900px) 100vw, 900px\" \/><\/figure>\n\n\n\n<figure class=\"wp-block-image size-large\"><img data-recalc-dims=\"1\" decoding=\"async\" width=\"900\" height=\"600\" data-attachment-id=\"5112\" data-permalink=\"https:\/\/unser-aschbach.de\/staging2025\/2022\/10\/05\/tag-der-aelteren-mitbuerger_innen-2022%ef%bf%bc\/dsc_1673-2\/\" data-orig-file=\"https:\/\/i0.wp.com\/unser-aschbach.de\/staging2025\/wp-content\/uploads\/2022\/10\/DSC_1673-scaled.jpg?fit=1200%2C800&amp;ssl=1\" data-orig-size=\"1200,800\" data-comments-opened=\"1\" data-image-meta=\"{&quot;aperture&quot;:&quot;4&quot;,&quot;credit&quot;:&quot;&quot;,&quot;camera&quot;:&quot;NIKON D3100&quot;,&quot;caption&quot;:&quot;&quot;,&quot;created_timestamp&quot;:&quot;1664127436&quot;,&quot;copyright&quot;:&quot;&quot;,&quot;focal_length&quot;:&quot;26&quot;,&quot;iso&quot;:&quot;640&quot;,&quot;shutter_speed&quot;:&quot;0.0666666666667&quot;,&quot;title&quot;:&quot;&quot;,&quot;orientation&quot;:&quot;1&quot;}\" data-image-title=\"DSC_1673\" data-image-description=\"\" data-image-caption=\"\" data-medium-file=\"https:\/\/i0.wp.com\/unser-aschbach.de\/staging2025\/wp-content\/uploads\/2022\/10\/DSC_1673-scaled.jpg?fit=300%2C200&amp;ssl=1\" data-large-file=\"https:\/\/i0.wp.com\/unser-aschbach.de\/staging2025\/wp-content\/uploads\/2022\/10\/DSC_1673-scaled.jpg?fit=900%2C600&amp;ssl=1\" data-id=\"5112\" src=\"https:\/\/i0.wp.com\/unser-aschbach.de\/staging2025\/wp-content\/uploads\/2022\/10\/DSC_1673.jpg?resize=900%2C600&#038;ssl=1\" alt=\"\" class=\"wp-image-5112\" srcset=\"https:\/\/i0.wp.com\/unser-aschbach.de\/staging2025\/wp-content\/uploads\/2022\/10\/DSC_1673-scaled.jpg?resize=1024%2C683&amp;ssl=1 1024w, https:\/\/i0.wp.com\/unser-aschbach.de\/staging2025\/wp-content\/uploads\/2022\/10\/DSC_1673-scaled.jpg?resize=300%2C200&amp;ssl=1 300w, https:\/\/i0.wp.com\/unser-aschbach.de\/staging2025\/wp-content\/uploads\/2022\/10\/DSC_1673-scaled.jpg?resize=768%2C512&amp;ssl=1 768w, https:\/\/i0.wp.com\/unser-aschbach.de\/staging2025\/wp-content\/uploads\/2022\/10\/DSC_1673-scaled.jpg?resize=1536%2C1024&amp;ssl=1 1536w, https:\/\/i0.wp.com\/unser-aschbach.de\/staging2025\/wp-content\/uploads\/2022\/10\/DSC_1673-scaled.jpg?resize=2048%2C1365&amp;ssl=1 2048w, https:\/\/i0.wp.com\/unser-aschbach.de\/staging2025\/wp-content\/uploads\/2022\/10\/DSC_1673-scaled.jpg?w=1200&amp;ssl=1 1200w\" sizes=\"(max-width: 900px) 100vw, 900px\" \/><\/figure>\n\n\n\n<figure class=\"wp-block-image size-large\"><img data-recalc-dims=\"1\" decoding=\"async\" width=\"900\" height=\"600\" data-attachment-id=\"5111\" data-permalink=\"https:\/\/unser-aschbach.de\/staging2025\/2022\/10\/05\/tag-der-aelteren-mitbuerger_innen-2022%ef%bf%bc\/dsc_1661\/\" data-orig-file=\"https:\/\/i0.wp.com\/unser-aschbach.de\/staging2025\/wp-content\/uploads\/2022\/10\/DSC_1661-scaled.jpg?fit=1200%2C800&amp;ssl=1\" data-orig-size=\"1200,800\" data-comments-opened=\"1\" data-image-meta=\"{&quot;aperture&quot;:&quot;4.2&quot;,&quot;credit&quot;:&quot;&quot;,&quot;camera&quot;:&quot;NIKON D3100&quot;,&quot;caption&quot;:&quot;&quot;,&quot;created_timestamp&quot;:&quot;1664126865&quot;,&quot;copyright&quot;:&quot;&quot;,&quot;focal_length&quot;:&quot;30&quot;,&quot;iso&quot;:&quot;1800&quot;,&quot;shutter_speed&quot;:&quot;0.0166666666667&quot;,&quot;title&quot;:&quot;&quot;,&quot;orientation&quot;:&quot;1&quot;}\" data-image-title=\"DSC_1661\" data-image-description=\"\" data-image-caption=\"\" data-medium-file=\"https:\/\/i0.wp.com\/unser-aschbach.de\/staging2025\/wp-content\/uploads\/2022\/10\/DSC_1661-scaled.jpg?fit=300%2C200&amp;ssl=1\" data-large-file=\"https:\/\/i0.wp.com\/unser-aschbach.de\/staging2025\/wp-content\/uploads\/2022\/10\/DSC_1661-scaled.jpg?fit=900%2C600&amp;ssl=1\" data-id=\"5111\" src=\"https:\/\/i0.wp.com\/unser-aschbach.de\/staging2025\/wp-content\/uploads\/2022\/10\/DSC_1661.jpg?resize=900%2C600&#038;ssl=1\" alt=\"\" class=\"wp-image-5111\" srcset=\"https:\/\/i0.wp.com\/unser-aschbach.de\/staging2025\/wp-content\/uploads\/2022\/10\/DSC_1661-scaled.jpg?resize=1024%2C683&amp;ssl=1 1024w, https:\/\/i0.wp.com\/unser-aschbach.de\/staging2025\/wp-content\/uploads\/2022\/10\/DSC_1661-scaled.jpg?resize=300%2C200&amp;ssl=1 300w, https:\/\/i0.wp.com\/unser-aschbach.de\/staging2025\/wp-content\/uploads\/2022\/10\/DSC_1661-scaled.jpg?resize=768%2C512&amp;ssl=1 768w, https:\/\/i0.wp.com\/unser-aschbach.de\/staging2025\/wp-content\/uploads\/2022\/10\/DSC_1661-scaled.jpg?resize=1536%2C1024&amp;ssl=1 1536w, https:\/\/i0.wp.com\/unser-aschbach.de\/staging2025\/wp-content\/uploads\/2022\/10\/DSC_1661-scaled.jpg?resize=2048%2C1365&amp;ssl=1 2048w, https:\/\/i0.wp.com\/unser-aschbach.de\/staging2025\/wp-content\/uploads\/2022\/10\/DSC_1661-scaled.jpg?w=1200&amp;ssl=1 1200w\" sizes=\"(max-width: 900px) 100vw, 900px\" \/><\/figure>\n<\/figure>\n\n\n\n<figure class=\"wp-block-gallery has-nested-images columns-default is-cropped wp-block-gallery-2 is-layout-flex wp-block-gallery-is-layout-flex\"><\/figure>\n<div class=\"shariff shariff-align-flex-start shariff-widget-align-flex-start\"><ul class=\"shariff-buttons theme-round orientation-horizontal buttonsize-medium\"><li class=\"shariff-button mailto shariff-nocustomcolor\" style=\"background-color:#a8a8a8\"><a href=\"mailto:?body=https%3A%2F%2Funser-aschbach.de%2Fstaging2025%2F2022%2F10%2F05%2Ftag-der-aelteren-mitbuerger_innen-2022%25ef%25bf%25bc%2F&subject=TAG%20DER%20%C3%84LTEREN%20MITB%C3%9CRGER_INNEN%C2%A0%202022%EF%BF%BC\" title=\"Per E-Mail versenden\" aria-label=\"Per E-Mail versenden\" role=\"button\" rel=\"noopener nofollow\" class=\"shariff-link\" style=\"; background-color:#999; color:#fff\"><span class=\"shariff-icon\" style=\"\"><svg width=\"32px\" height=\"20px\" xmlns=\"http:\/\/www.w3.org\/2000\/svg\" viewBox=\"0 0 32 32\"><path fill=\"#999\" d=\"M32 12.7v14.2q0 1.2-0.8 2t-2 0.9h-26.3q-1.2 0-2-0.9t-0.8-2v-14.2q0.8 0.9 1.8 1.6 6.5 4.4 8.9 6.1 1 0.8 1.6 1.2t1.7 0.9 2 0.4h0.1q0.9 0 2-0.4t1.7-0.9 1.6-1.2q3-2.2 8.9-6.1 1-0.7 1.8-1.6zM32 7.4q0 1.4-0.9 2.7t-2.2 2.2q-6.7 4.7-8.4 5.8-0.2 0.1-0.7 0.5t-1 0.7-0.9 0.6-1.1 0.5-0.9 0.2h-0.1q-0.4 0-0.9-0.2t-1.1-0.5-0.9-0.6-1-0.7-0.7-0.5q-1.6-1.1-4.7-3.2t-3.6-2.6q-1.1-0.7-2.1-2t-1-2.5q0-1.4 0.7-2.3t2.1-0.9h26.3q1.2 0 2 0.8t0.9 2z\"\/><\/svg><\/span><\/a><\/li><li class=\"shariff-button facebook shariff-nocustomcolor\" style=\"background-color:#4273c8\"><a href=\"https:\/\/www.facebook.com\/sharer\/sharer.php?u=https%3A%2F%2Funser-aschbach.de%2Fstaging2025%2F2022%2F10%2F05%2Ftag-der-aelteren-mitbuerger_innen-2022%25ef%25bf%25bc%2F\" title=\"Bei Facebook teilen\" aria-label=\"Bei Facebook teilen\" role=\"button\" rel=\"nofollow\" class=\"shariff-link\" style=\"; background-color:#3b5998; color:#fff\" target=\"_blank\"><span class=\"shariff-icon\" style=\"\"><svg width=\"32px\" height=\"20px\" xmlns=\"http:\/\/www.w3.org\/2000\/svg\" viewBox=\"0 0 18 32\"><path fill=\"#3b5998\" d=\"M17.1 0.2v4.7h-2.8q-1.5 0-2.1 0.6t-0.5 1.9v3.4h5.2l-0.7 5.3h-4.5v13.6h-5.5v-13.6h-4.5v-5.3h4.5v-3.9q0-3.3 1.9-5.2t5-1.8q2.6 0 4.1 0.2z\"\/><\/svg><\/span><\/a><\/li><li class=\"shariff-button whatsapp shariff-nocustomcolor\" style=\"background-color:#5cbe4a\"><a href=\"https:\/\/api.whatsapp.com\/send?text=https%3A%2F%2Funser-aschbach.de%2Fstaging2025%2F2022%2F10%2F05%2Ftag-der-aelteren-mitbuerger_innen-2022%25ef%25bf%25bc%2F%20TAG%20DER%20%C3%84LTEREN%20MITB%C3%9CRGER_INNEN%C2%A0%202022%EF%BF%BC\" title=\"Bei Whatsapp teilen\" aria-label=\"Bei Whatsapp teilen\" role=\"button\" rel=\"noopener nofollow\" class=\"shariff-link\" style=\"; background-color:#34af23; color:#fff\" target=\"_blank\"><span class=\"shariff-icon\" style=\"\"><svg width=\"32px\" height=\"20px\" xmlns=\"http:\/\/www.w3.org\/2000\/svg\" viewBox=\"0 0 32 32\"><path fill=\"#34af23\" d=\"M17.6 17.4q0.2 0 1.7 0.8t1.6 0.9q0 0.1 0 0.3 0 0.6-0.3 1.4-0.3 0.7-1.3 1.2t-1.8 0.5q-1 0-3.4-1.1-1.7-0.8-3-2.1t-2.6-3.3q-1.3-1.9-1.3-3.5v-0.1q0.1-1.6 1.3-2.8 0.4-0.4 0.9-0.4 0.1 0 0.3 0t0.3 0q0.3 0 0.5 0.1t0.3 0.5q0.1 0.4 0.6 1.6t0.4 1.3q0 0.4-0.6 1t-0.6 0.8q0 0.1 0.1 0.3 0.6 1.3 1.8 2.4 1 0.9 2.7 1.8 0.2 0.1 0.4 0.1 0.3 0 1-0.9t0.9-0.9zM14 26.9q2.3 0 4.3-0.9t3.6-2.4 2.4-3.6 0.9-4.3-0.9-4.3-2.4-3.6-3.6-2.4-4.3-0.9-4.3 0.9-3.6 2.4-2.4 3.6-0.9 4.3q0 3.6 2.1 6.6l-1.4 4.2 4.3-1.4q2.8 1.9 6.2 1.9zM14 2.2q2.7 0 5.2 1.1t4.3 2.9 2.9 4.3 1.1 5.2-1.1 5.2-2.9 4.3-4.3 2.9-5.2 1.1q-3.5 0-6.5-1.7l-7.4 2.4 2.4-7.2q-1.9-3.2-1.9-6.9 0-2.7 1.1-5.2t2.9-4.3 4.3-2.9 5.2-1.1z\"\/><\/svg><\/span><\/a><\/li><\/ul><\/div>","protected":false},"excerpt":{"rendered":"<p>Ihr seid das Salz der Erde Autor: Josef Nickolai Nachdem Ortsvorsteher (OV) Josef Nickolai und Pastor Hermann Zangerle die anwesenden \u00e4lteren Mitb\u00fcrgerinnen und Mitb\u00fcrger begr\u00fc\u00dft hatten, gestalteten Therese und Johannes Birringer eine besinnliche&nbsp; Andacht zum Einstieg in den Begegnungstag. Eingestimmt mit dem M\u00e4rchen zur Salzprinzessin wurde den Zuh\u00f6rerinnen und Zuh\u00f6rern die wichtige Bedeutung des Salzes&#8230;<\/p>\n<p> <a class=\"continue-reading-link\" href=\"https:\/\/unser-aschbach.de\/staging2025\/2022\/10\/05\/tag-der-aelteren-mitbuerger_innen-2022%ef%bf%bc\/\"><span>weiterlesen<\/span><i class=\"crycon-right-dir\"><\/i><\/a> <\/p>\n","protected":false},"author":1,"featured_media":5113,"comment_status":"open","ping_status":"open","sticky":false,"template":"","format":"standard","meta":{"jetpack_post_was_ever_published":false,"_jetpack_newsletter_access":"","_jetpack_dont_email_post_to_subs":false,"_jetpack_newsletter_tier_id":0,"_jetpack_memberships_contains_paywalled_content":false,"_jetpack_memberships_contains_paid_content":false,"footnotes":"","jetpack_publicize_message":"","jetpack_publicize_feature_enabled":true,"jetpack_social_post_already_shared":true,"jetpack_social_options":{"image_generator_settings":{"template":"highway","default_image_id":0,"font":"","enabled":false},"version":2}},"categories":[1,177,37,6,35],"tags":[137],"class_list":["post-5105","post","type-post","status-publish","format-standard","has-post-thumbnail","hentry","category-allgemein","category-kath-frauengemeinschaft","category-musikverein","category-ortsvorsteher","category-veranstaltungen","tag-tag-der-aelteren-mitbuerger"],"jetpack_publicize_connections":[],"jetpack_featured_media_url":"https:\/\/i0.wp.com\/unser-aschbach.de\/staging2025\/wp-content\/uploads\/2022\/10\/DSC_1644-scaled.jpg?fit=1200%2C800&ssl=1","jetpack_shortlink":"https:\/\/wp.me\/pggZrZ-1kl","jetpack-related-posts":[{"id":5380,"url":"https:\/\/unser-aschbach.de\/staging2025\/2023\/09\/29\/tag-der-aelteren-mitbuergerinnen-2023\/","url_meta":{"origin":5105,"position":0},"title":"Tag der \u00c4lteren Mitb\u00fcrgerInnen 2023","author":"Someone","date":"29. September 2023","format":false,"excerpt":"Autor: Josef Nickolai Flei\u00dfige H\u00e4nde waren am Samstag, 23.09.23 in unserer Aschbacher Mehrzweckhalle (MZH) am Werk! Nachdem die Tische und St\u00fchle arrangiert waren, kamen die kreativen \u201eMir sinn acht!\u201c-Frauen mit frischem Blumenschmuck und Deko f\u00fcr die Tische; gemeinsam mit dem Team der katholischen Frauengemeinschaft (kfd) wurden die Tische f\u00fcr den\u2026","rel":"","context":"In &quot;Aktionen&quot;","block_context":{"text":"Aktionen","link":"https:\/\/unser-aschbach.de\/staging2025\/category\/der-ort\/aktionen\/"},"img":{"alt_text":"","src":"https:\/\/i0.wp.com\/unser-aschbach.de\/staging2025\/wp-content\/uploads\/2023\/09\/DSC_3137-scaled.jpg?fit=800%2C1200&ssl=1&resize=350%2C200","width":350,"height":200,"srcset":"https:\/\/i0.wp.com\/unser-aschbach.de\/staging2025\/wp-content\/uploads\/2023\/09\/DSC_3137-scaled.jpg?fit=800%2C1200&ssl=1&resize=350%2C200 1x, https:\/\/i0.wp.com\/unser-aschbach.de\/staging2025\/wp-content\/uploads\/2023\/09\/DSC_3137-scaled.jpg?fit=800%2C1200&ssl=1&resize=525%2C300 1.5x, https:\/\/i0.wp.com\/unser-aschbach.de\/staging2025\/wp-content\/uploads\/2023\/09\/DSC_3137-scaled.jpg?fit=800%2C1200&ssl=1&resize=700%2C400 2x"},"classes":[]},{"id":6056,"url":"https:\/\/unser-aschbach.de\/staging2025\/2025\/02\/06\/grussworte-des-ortsvorstehers\/","url_meta":{"origin":5105,"position":1},"title":"Gru\u00dfworte des Ortsvorstehers","author":"Josef Nickolai","date":"6. Februar 2025","format":false,"excerpt":"Sehr geehrte Besucherinnen und Besucher unseres Internet-Portals! Liebe Mitb\u00fcrgerinnen und Mitb\u00fcrger!Seit 10 Jahren versorgt Sie unsere Internet-Portal unser-aschbach.de mit aktuellen und historischen Informationen unseres d\u00f6rflichen Lebens in Aschbach. Nachdem unsere Mitb\u00fcrgerin Hildegard Gro\u00df 10 Jahre diese Plattform ehrenamtlich betreut und gepflegt hat, liegt dies nun ab 2025 in den H\u00e4nden\u2026","rel":"","context":"In &quot;Allgemein&quot;","block_context":{"text":"Allgemein","link":"https:\/\/unser-aschbach.de\/staging2025\/category\/allgemein\/"},"img":{"alt_text":"Ortsvorsteher Josef Nickolai","src":"https:\/\/i0.wp.com\/unser-aschbach.de\/staging2025\/wp-content\/uploads\/2025\/02\/OV.png?fit=413%2C620&ssl=1&resize=350%2C200","width":350,"height":200},"classes":[]},{"id":4641,"url":"https:\/\/unser-aschbach.de\/staging2025\/2020\/12\/15\/grusswort-unseres-ortsvorstehers-zu-weihnachten-und-dem-jahreswechsel-20-21\/","url_meta":{"origin":5105,"position":2},"title":"Gru\u00dfwort unseres Ortsvorstehers zu Weihnachten und dem Jahreswechsel 20\/21","author":"Someone","date":"15. Dezember 2020","format":false,"excerpt":"Liebe Mitb\u00fcrgerinnen und Mitb\u00fcrger, das h\u00e4tten wir uns beim letzten Jahreswechsel 2019\/20 und auf unserem Neujahrsempfang der VGA im Januar diesen Jahres nicht tr\u00e4umen lassen: Ein pandemiegepr\u00e4gtes Corona-Jahr 2020, das seit M\u00e4rz das gesamte Privat-, Vereins- und Kirchenleben l\u00e4hmt und unser menschliches Leben bedroht. Das Jahr 2020, ein Test f\u00fcr\u2026","rel":"","context":"In &quot;Ortsrat&quot;","block_context":{"text":"Ortsrat","link":"https:\/\/unser-aschbach.de\/staging2025\/category\/ortsrat\/"},"img":{"alt_text":"","src":"https:\/\/i0.wp.com\/unser-aschbach.de\/staging2025\/wp-content\/uploads\/2020\/12\/DSC_2387-2-scaled.jpeg?fit=800%2C1200&ssl=1&resize=350%2C200","width":350,"height":200,"srcset":"https:\/\/i0.wp.com\/unser-aschbach.de\/staging2025\/wp-content\/uploads\/2020\/12\/DSC_2387-2-scaled.jpeg?fit=800%2C1200&ssl=1&resize=350%2C200 1x, https:\/\/i0.wp.com\/unser-aschbach.de\/staging2025\/wp-content\/uploads\/2020\/12\/DSC_2387-2-scaled.jpeg?fit=800%2C1200&ssl=1&resize=525%2C300 1.5x, https:\/\/i0.wp.com\/unser-aschbach.de\/staging2025\/wp-content\/uploads\/2020\/12\/DSC_2387-2-scaled.jpeg?fit=800%2C1200&ssl=1&resize=700%2C400 2x"},"classes":[]},{"id":4407,"url":"https:\/\/unser-aschbach.de\/staging2025\/2020\/03\/26\/unser-ortsvorsteher-informiert-wir-malen-fuer-unsere-aelteren-mitbuergerinnen-und-mitbuerger\/","url_meta":{"origin":5105,"position":3},"title":"Unser Ortsvorsteher informiert &#8211; Wir malen f\u00fcr unsere \u00e4lteren Mitb\u00fcrgerinnen und Mitb\u00fcrger!","author":"Someone","date":"26. M\u00e4rz 2020","format":false,"excerpt":"Liebe Aschbacher Kinder, da ihr jetzt durch die Schlie\u00dfung von Schule und KITA mehr Zeit habt und euch vielleicht ein wenig langweilig ist, h\u00e4tte ich einen Vorschlag!In unseren Seniorenheimen gibt es sehr viele \u00e4ltere Mitb\u00fcrgerInnen, die gegenw\u00e4rtig keinen Besuch empfangen k\u00f6nnen. Sie w\u00fcrden sich \u00fcber ein gemaltes Bild oder einen\u2026","rel":"","context":"In &quot;Aktionen&quot;","block_context":{"text":"Aktionen","link":"https:\/\/unser-aschbach.de\/staging2025\/category\/der-ort\/aktionen\/"},"img":{"alt_text":"","src":"","width":0,"height":0},"classes":[]}],"jetpack_sharing_enabled":true,"_links":{"self":[{"href":"https:\/\/unser-aschbach.de\/staging2025\/wp-json\/wp\/v2\/posts\/5105","targetHints":{"allow":["GET"]}}],"collection":[{"href":"https:\/\/unser-aschbach.de\/staging2025\/wp-json\/wp\/v2\/posts"}],"about":[{"href":"https:\/\/unser-aschbach.de\/staging2025\/wp-json\/wp\/v2\/types\/post"}],"author":[{"embeddable":true,"href":"https:\/\/unser-aschbach.de\/staging2025\/wp-json\/wp\/v2\/users\/1"}],"replies":[{"embeddable":true,"href":"https:\/\/unser-aschbach.de\/staging2025\/wp-json\/wp\/v2\/comments?post=5105"}],"version-history":[{"count":3,"href":"https:\/\/unser-aschbach.de\/staging2025\/wp-json\/wp\/v2\/posts\/5105\/revisions"}],"predecessor-version":[{"id":5149,"href":"https:\/\/unser-aschbach.de\/staging2025\/wp-json\/wp\/v2\/posts\/5105\/revisions\/5149"}],"wp:featuredmedia":[{"embeddable":true,"href":"https:\/\/unser-aschbach.de\/staging2025\/wp-json\/wp\/v2\/media\/5113"}],"wp:attachment":[{"href":"https:\/\/unser-aschbach.de\/staging2025\/wp-json\/wp\/v2\/media?parent=5105"}],"wp:term":[{"taxonomy":"category","embeddable":true,"href":"https:\/\/unser-aschbach.de\/staging2025\/wp-json\/wp\/v2\/categories?post=5105"},{"taxonomy":"post_tag","embeddable":true,"href":"https:\/\/unser-aschbach.de\/staging2025\/wp-json\/wp\/v2\/tags?post=5105"}],"curies":[{"name":"wp","href":"https:\/\/api.w.org\/{rel}","templated":true}]}}