{"id":5098,"date":"2022-10-05T21:51:47","date_gmt":"2022-10-05T19:51:47","guid":{"rendered":"https:\/\/unser-aschbach.de\/staging2025\/?p=5098"},"modified":"2022-11-09T21:51:45","modified_gmt":"2022-11-09T20:51:45","slug":"sonnige-st-maternus-kirmes-2022","status":"publish","type":"post","link":"https:\/\/unser-aschbach.de\/staging2025\/2022\/10\/05\/sonnige-st-maternus-kirmes-2022\/","title":{"rendered":"SONNIGE ST. MATERNUS-KIRMES\u00a0 2022"},"content":{"rendered":"\n<h4 class=\"wp-block-heading\">Autor: Josef Nickolai<\/h4>\n\n\n\n<p class=\"has-drop-cap has-white-color has-luminous-vivid-orange-background-color has-text-color has-background\">Nach einen feuchten Fassanstich am Kirmessamstag konnten die kleinen und gro\u00dfen Kirmesbesucher zwei sonnige Kirmestage am Sonn- und Montag genie\u00dfen. Dem samst\u00e4glichen Festhochamt in St. Maternus folgte auf dem Festplatz unter den Kl\u00e4ngen unseres Musikvereins (MV) Orpheus, wetterm\u00e4\u00dfig!,&nbsp; ein feuchter <strong>Fassanstich<\/strong> durch Karl-Heinz Schr\u00f6der und Ralf Jockers, assistiert vom CobA-Vorsitzenden Andreas Bauer und Ortsvorsteher (OV) Josef Nickolai.<\/p>\n\n\n\n<p>Der OV begr\u00fc\u00dfte zur Er\u00f6ffnung G\u00e4ste, u.a. OV-Kollege und Musiker J\u00f6rg Wilbois, und Einheimische. Ein besonderer Willkommensgru\u00df galt nach zweij\u00e4hriger Pandemiepause den Unternehmen Ralf und Martina JOCKERS, Fam. Ewald ROOS und Fam. Willi HAUCK f\u00fcr ihre Aschbacher Kirmestreue.<\/p>\n\n\n\n<!--more-->\n\n\n\n<p>Von Samstag-Abend bis sp\u00e4ten Montag-Abend versorgte, sowohl in fl\u00fcssiger als auch fester Form,&nbsp; der CobA mit gro\u00dfem personellen Einsatz engagiert die vielen durstigen und hungrigen Festplatz-Besucher. <strong>Buntes Kirmestreiben<\/strong> begeisterte am sonnigen Sonntag vor allem die gro\u00dfen und kleinen Kinder, sei es am tollen Autoscooter, artistisch auf dem gro\u00dfen Trampolin oder am Kinderkarussell und abschlie\u00dfend bei Willis Mandelbrennerei.&nbsp;&nbsp;&nbsp;&nbsp;&nbsp;&nbsp;&nbsp;&nbsp;&nbsp;&nbsp;&nbsp;&nbsp;&nbsp;&nbsp;&nbsp;&nbsp;&nbsp;&nbsp;&nbsp;&nbsp;&nbsp;&nbsp;&nbsp;&nbsp;&nbsp;&nbsp;&nbsp;&nbsp;&nbsp;&nbsp;&nbsp;&nbsp;&nbsp;&nbsp;&nbsp;&nbsp;&nbsp;&nbsp;&nbsp;&nbsp;&nbsp;&nbsp;&nbsp;&nbsp;&nbsp;&nbsp;&nbsp;&nbsp;&nbsp;&nbsp;&nbsp;&nbsp; &nbsp;&nbsp;&nbsp;&nbsp;&nbsp;&nbsp;&nbsp;&nbsp;&nbsp;&nbsp;&nbsp;&nbsp;&nbsp;&nbsp;&nbsp;&nbsp;&nbsp;&nbsp;&nbsp;<\/p>\n\n\n\n<p>Beginnend mit einem feierlichen Einzug zelebrierte&nbsp; Pastor Andreas M\u00fcller mit <strong>\u201elangj\u00e4hrig-<\/strong> <strong>erfahrenen Ministranten\u201c<\/strong>, montags die Festmesse.<\/p>\n\n\n\n<p>Traditionell spielte unser MV Orpheus anschlie\u00dfend bis in den Nachmittag hinein schwung- und elanvoll zum <strong>Fr\u00fchschoppen beim Mecky<\/strong> auf; pikanter Trenz\u00b4cher Rollbraten mit delikatem Kartoffelsalat mundeten den zahlreichen ausw\u00e4rtigen und einheimischen Kirmesbesuchern, so dass viele an Mecky\u00b4s&nbsp; Bierstand noch ein K\u00fchles genossen. Nachdem dann nachmittags bei den Sch\u00fclerinnen und Sch\u00fclern die Hausaufgaben geschrieben waren, setzte wieder unvermindert mit gro\u00dfem Spa\u00df das Kirmestreiben ein an Autobahn, Trampolin, Kinderkarussell und CobA-Stand. Mit Willis Ballontieren bzw. gebrannten Mandeln oder Popkorn ging\u00b4s dann abends heim. Eine tolle Kirmes f\u00fcr unser Aschbach, weil alle mitwirkten!!! Nach zwei Jahren hat\u00b4s allen wieder gutgetan!!!<\/p>\n\n\n\n<p><strong>Ein gro\u00dfes DANKE SCH\u00d6N den kirmestreuen Familien R. Jockers, E. Roos, W. Hauck, dem CobA , dem Gasthaus A.Schmitt, der Pfarrgemeinde St. Maternus, Sponsor Hubert Sch\u00f6n, Stefan Schr\u00f6der und unserem Stimmung bringenden MV ORPHEUS ASCHBACH f\u00fcr dieses gelungene, lobenswerte&nbsp; KIRMES-ENGAGEMENT.<\/strong><\/p>\n\n\n\n<figure class=\"wp-block-gallery has-nested-images columns-default is-cropped wp-block-gallery-1 is-layout-flex wp-block-gallery-is-layout-flex\">\n<figure class=\"wp-block-image size-large\"><img data-recalc-dims=\"1\" decoding=\"async\" width=\"900\" height=\"600\" data-attachment-id=\"5101\" data-permalink=\"https:\/\/unser-aschbach.de\/staging2025\/2022\/10\/05\/sonnige-st-maternus-kirmes-2022\/dsc_1581\/\" data-orig-file=\"https:\/\/i0.wp.com\/unser-aschbach.de\/staging2025\/wp-content\/uploads\/2022\/10\/DSC_1581-scaled.jpg?fit=1200%2C800&amp;ssl=1\" data-orig-size=\"1200,800\" data-comments-opened=\"1\" data-image-meta=\"{&quot;aperture&quot;:&quot;5.6&quot;,&quot;credit&quot;:&quot;&quot;,&quot;camera&quot;:&quot;NIKON D3100&quot;,&quot;caption&quot;:&quot;&quot;,&quot;created_timestamp&quot;:&quot;1662917558&quot;,&quot;copyright&quot;:&quot;&quot;,&quot;focal_length&quot;:&quot;18&quot;,&quot;iso&quot;:&quot;400&quot;,&quot;shutter_speed&quot;:&quot;0.008&quot;,&quot;title&quot;:&quot;&quot;,&quot;orientation&quot;:&quot;1&quot;}\" data-image-title=\"DSC_1581\" data-image-description=\"\" data-image-caption=\"\" data-medium-file=\"https:\/\/i0.wp.com\/unser-aschbach.de\/staging2025\/wp-content\/uploads\/2022\/10\/DSC_1581-scaled.jpg?fit=300%2C200&amp;ssl=1\" data-large-file=\"https:\/\/i0.wp.com\/unser-aschbach.de\/staging2025\/wp-content\/uploads\/2022\/10\/DSC_1581-scaled.jpg?fit=900%2C600&amp;ssl=1\" data-id=\"5101\" src=\"https:\/\/i0.wp.com\/unser-aschbach.de\/staging2025\/wp-content\/uploads\/2022\/10\/DSC_1581.jpg?resize=900%2C600&#038;ssl=1\" alt=\"\" class=\"wp-image-5101\" srcset=\"https:\/\/i0.wp.com\/unser-aschbach.de\/staging2025\/wp-content\/uploads\/2022\/10\/DSC_1581-scaled.jpg?resize=1024%2C683&amp;ssl=1 1024w, https:\/\/i0.wp.com\/unser-aschbach.de\/staging2025\/wp-content\/uploads\/2022\/10\/DSC_1581-scaled.jpg?resize=300%2C200&amp;ssl=1 300w, https:\/\/i0.wp.com\/unser-aschbach.de\/staging2025\/wp-content\/uploads\/2022\/10\/DSC_1581-scaled.jpg?resize=768%2C512&amp;ssl=1 768w, https:\/\/i0.wp.com\/unser-aschbach.de\/staging2025\/wp-content\/uploads\/2022\/10\/DSC_1581-scaled.jpg?resize=1536%2C1024&amp;ssl=1 1536w, https:\/\/i0.wp.com\/unser-aschbach.de\/staging2025\/wp-content\/uploads\/2022\/10\/DSC_1581-scaled.jpg?resize=2048%2C1365&amp;ssl=1 2048w, https:\/\/i0.wp.com\/unser-aschbach.de\/staging2025\/wp-content\/uploads\/2022\/10\/DSC_1581-scaled.jpg?w=1200&amp;ssl=1 1200w\" sizes=\"(max-width: 900px) 100vw, 900px\" \/><\/figure>\n\n\n\n<figure class=\"wp-block-image size-large\"><img data-recalc-dims=\"1\" decoding=\"async\" width=\"900\" height=\"600\" data-attachment-id=\"5102\" data-permalink=\"https:\/\/unser-aschbach.de\/staging2025\/2022\/10\/05\/sonnige-st-maternus-kirmes-2022\/dsc_1610\/\" data-orig-file=\"https:\/\/i0.wp.com\/unser-aschbach.de\/staging2025\/wp-content\/uploads\/2022\/10\/DSC_1610-scaled.jpg?fit=1200%2C800&amp;ssl=1\" data-orig-size=\"1200,800\" data-comments-opened=\"1\" data-image-meta=\"{&quot;aperture&quot;:&quot;5.6&quot;,&quot;credit&quot;:&quot;&quot;,&quot;camera&quot;:&quot;NIKON D3100&quot;,&quot;caption&quot;:&quot;&quot;,&quot;created_timestamp&quot;:&quot;1662983059&quot;,&quot;copyright&quot;:&quot;&quot;,&quot;focal_length&quot;:&quot;20&quot;,&quot;iso&quot;:&quot;100&quot;,&quot;shutter_speed&quot;:&quot;0.008&quot;,&quot;title&quot;:&quot;&quot;,&quot;orientation&quot;:&quot;1&quot;}\" data-image-title=\"DSC_1610\" data-image-description=\"\" data-image-caption=\"\" data-medium-file=\"https:\/\/i0.wp.com\/unser-aschbach.de\/staging2025\/wp-content\/uploads\/2022\/10\/DSC_1610-scaled.jpg?fit=300%2C200&amp;ssl=1\" data-large-file=\"https:\/\/i0.wp.com\/unser-aschbach.de\/staging2025\/wp-content\/uploads\/2022\/10\/DSC_1610-scaled.jpg?fit=900%2C600&amp;ssl=1\" data-id=\"5102\" src=\"https:\/\/i0.wp.com\/unser-aschbach.de\/staging2025\/wp-content\/uploads\/2022\/10\/DSC_1610.jpg?resize=900%2C600&#038;ssl=1\" alt=\"\" class=\"wp-image-5102\" srcset=\"https:\/\/i0.wp.com\/unser-aschbach.de\/staging2025\/wp-content\/uploads\/2022\/10\/DSC_1610-scaled.jpg?resize=1024%2C683&amp;ssl=1 1024w, https:\/\/i0.wp.com\/unser-aschbach.de\/staging2025\/wp-content\/uploads\/2022\/10\/DSC_1610-scaled.jpg?resize=300%2C200&amp;ssl=1 300w, https:\/\/i0.wp.com\/unser-aschbach.de\/staging2025\/wp-content\/uploads\/2022\/10\/DSC_1610-scaled.jpg?resize=768%2C512&amp;ssl=1 768w, https:\/\/i0.wp.com\/unser-aschbach.de\/staging2025\/wp-content\/uploads\/2022\/10\/DSC_1610-scaled.jpg?resize=1536%2C1024&amp;ssl=1 1536w, https:\/\/i0.wp.com\/unser-aschbach.de\/staging2025\/wp-content\/uploads\/2022\/10\/DSC_1610-scaled.jpg?resize=2048%2C1365&amp;ssl=1 2048w, https:\/\/i0.wp.com\/unser-aschbach.de\/staging2025\/wp-content\/uploads\/2022\/10\/DSC_1610-scaled.jpg?w=1200&amp;ssl=1 1200w\" sizes=\"(max-width: 900px) 100vw, 900px\" \/><\/figure>\n\n\n\n<figure class=\"wp-block-image size-large\"><img data-recalc-dims=\"1\" decoding=\"async\" width=\"900\" height=\"506\" data-attachment-id=\"5100\" data-permalink=\"https:\/\/unser-aschbach.de\/staging2025\/2022\/10\/05\/sonnige-st-maternus-kirmes-2022\/img-20220910-wa0007\/\" data-orig-file=\"https:\/\/i0.wp.com\/unser-aschbach.de\/staging2025\/wp-content\/uploads\/2022\/10\/IMG-20220910-WA0007.jpg?fit=1200%2C675&amp;ssl=1\" data-orig-size=\"1200,675\" data-comments-opened=\"1\" data-image-meta=\"{&quot;aperture&quot;:&quot;0&quot;,&quot;credit&quot;:&quot;&quot;,&quot;camera&quot;:&quot;&quot;,&quot;caption&quot;:&quot;&quot;,&quot;created_timestamp&quot;:&quot;0&quot;,&quot;copyright&quot;:&quot;&quot;,&quot;focal_length&quot;:&quot;0&quot;,&quot;iso&quot;:&quot;0&quot;,&quot;shutter_speed&quot;:&quot;0&quot;,&quot;title&quot;:&quot;&quot;,&quot;orientation&quot;:&quot;0&quot;}\" data-image-title=\"IMG-20220910-WA0007\" data-image-description=\"\" data-image-caption=\"\" data-medium-file=\"https:\/\/i0.wp.com\/unser-aschbach.de\/staging2025\/wp-content\/uploads\/2022\/10\/IMG-20220910-WA0007.jpg?fit=300%2C169&amp;ssl=1\" data-large-file=\"https:\/\/i0.wp.com\/unser-aschbach.de\/staging2025\/wp-content\/uploads\/2022\/10\/IMG-20220910-WA0007.jpg?fit=900%2C506&amp;ssl=1\" data-id=\"5100\" src=\"https:\/\/i0.wp.com\/unser-aschbach.de\/staging2025\/wp-content\/uploads\/2022\/10\/IMG-20220910-WA0007.jpg?resize=900%2C506&#038;ssl=1\" alt=\"\" class=\"wp-image-5100\" srcset=\"https:\/\/i0.wp.com\/unser-aschbach.de\/staging2025\/wp-content\/uploads\/2022\/10\/IMG-20220910-WA0007.jpg?resize=1024%2C576&amp;ssl=1 1024w, https:\/\/i0.wp.com\/unser-aschbach.de\/staging2025\/wp-content\/uploads\/2022\/10\/IMG-20220910-WA0007.jpg?resize=300%2C169&amp;ssl=1 300w, https:\/\/i0.wp.com\/unser-aschbach.de\/staging2025\/wp-content\/uploads\/2022\/10\/IMG-20220910-WA0007.jpg?resize=768%2C432&amp;ssl=1 768w, https:\/\/i0.wp.com\/unser-aschbach.de\/staging2025\/wp-content\/uploads\/2022\/10\/IMG-20220910-WA0007.jpg?resize=1536%2C864&amp;ssl=1 1536w, https:\/\/i0.wp.com\/unser-aschbach.de\/staging2025\/wp-content\/uploads\/2022\/10\/IMG-20220910-WA0007.jpg?w=1200&amp;ssl=1 1200w\" sizes=\"(max-width: 900px) 100vw, 900px\" \/><\/figure>\n\n\n\n<figure class=\"wp-block-image size-large\"><img data-recalc-dims=\"1\" decoding=\"async\" width=\"900\" height=\"675\" data-attachment-id=\"5099\" data-permalink=\"https:\/\/unser-aschbach.de\/staging2025\/2022\/10\/05\/sonnige-st-maternus-kirmes-2022\/img-20220910-wa0022\/\" data-orig-file=\"https:\/\/i0.wp.com\/unser-aschbach.de\/staging2025\/wp-content\/uploads\/2022\/10\/IMG-20220910-WA0022.jpg?fit=1200%2C900&amp;ssl=1\" data-orig-size=\"1200,900\" data-comments-opened=\"1\" data-image-meta=\"{&quot;aperture&quot;:&quot;0&quot;,&quot;credit&quot;:&quot;&quot;,&quot;camera&quot;:&quot;&quot;,&quot;caption&quot;:&quot;&quot;,&quot;created_timestamp&quot;:&quot;0&quot;,&quot;copyright&quot;:&quot;&quot;,&quot;focal_length&quot;:&quot;0&quot;,&quot;iso&quot;:&quot;0&quot;,&quot;shutter_speed&quot;:&quot;0&quot;,&quot;title&quot;:&quot;&quot;,&quot;orientation&quot;:&quot;0&quot;}\" data-image-title=\"IMG-20220910-WA0022\" data-image-description=\"\" data-image-caption=\"\" data-medium-file=\"https:\/\/i0.wp.com\/unser-aschbach.de\/staging2025\/wp-content\/uploads\/2022\/10\/IMG-20220910-WA0022.jpg?fit=300%2C225&amp;ssl=1\" data-large-file=\"https:\/\/i0.wp.com\/unser-aschbach.de\/staging2025\/wp-content\/uploads\/2022\/10\/IMG-20220910-WA0022.jpg?fit=900%2C675&amp;ssl=1\" data-id=\"5099\" src=\"https:\/\/i0.wp.com\/unser-aschbach.de\/staging2025\/wp-content\/uploads\/2022\/10\/IMG-20220910-WA0022.jpg?resize=900%2C675&#038;ssl=1\" alt=\"\" class=\"wp-image-5099\" srcset=\"https:\/\/i0.wp.com\/unser-aschbach.de\/staging2025\/wp-content\/uploads\/2022\/10\/IMG-20220910-WA0022.jpg?resize=1024%2C768&amp;ssl=1 1024w, https:\/\/i0.wp.com\/unser-aschbach.de\/staging2025\/wp-content\/uploads\/2022\/10\/IMG-20220910-WA0022.jpg?resize=300%2C225&amp;ssl=1 300w, https:\/\/i0.wp.com\/unser-aschbach.de\/staging2025\/wp-content\/uploads\/2022\/10\/IMG-20220910-WA0022.jpg?resize=768%2C576&amp;ssl=1 768w, https:\/\/i0.wp.com\/unser-aschbach.de\/staging2025\/wp-content\/uploads\/2022\/10\/IMG-20220910-WA0022.jpg?resize=1536%2C1152&amp;ssl=1 1536w, https:\/\/i0.wp.com\/unser-aschbach.de\/staging2025\/wp-content\/uploads\/2022\/10\/IMG-20220910-WA0022.jpg?w=1200&amp;ssl=1 1200w\" sizes=\"(max-width: 900px) 100vw, 900px\" \/><\/figure>\n<\/figure>\n<div class=\"shariff shariff-align-flex-start shariff-widget-align-flex-start\"><ul class=\"shariff-buttons theme-round orientation-horizontal buttonsize-medium\"><li class=\"shariff-button mailto shariff-nocustomcolor\" style=\"background-color:#a8a8a8\"><a href=\"mailto:?body=https%3A%2F%2Funser-aschbach.de%2Fstaging2025%2F2022%2F10%2F05%2Fsonnige-st-maternus-kirmes-2022%2F&subject=SONNIGE%20ST.%20MATERNUS-KIRMES%C2%A0%202022\" title=\"Per E-Mail versenden\" aria-label=\"Per E-Mail versenden\" role=\"button\" rel=\"noopener nofollow\" class=\"shariff-link\" style=\"; background-color:#999; color:#fff\"><span class=\"shariff-icon\" style=\"\"><svg width=\"32px\" height=\"20px\" xmlns=\"http:\/\/www.w3.org\/2000\/svg\" viewBox=\"0 0 32 32\"><path fill=\"#999\" d=\"M32 12.7v14.2q0 1.2-0.8 2t-2 0.9h-26.3q-1.2 0-2-0.9t-0.8-2v-14.2q0.8 0.9 1.8 1.6 6.5 4.4 8.9 6.1 1 0.8 1.6 1.2t1.7 0.9 2 0.4h0.1q0.9 0 2-0.4t1.7-0.9 1.6-1.2q3-2.2 8.9-6.1 1-0.7 1.8-1.6zM32 7.4q0 1.4-0.9 2.7t-2.2 2.2q-6.7 4.7-8.4 5.8-0.2 0.1-0.7 0.5t-1 0.7-0.9 0.6-1.1 0.5-0.9 0.2h-0.1q-0.4 0-0.9-0.2t-1.1-0.5-0.9-0.6-1-0.7-0.7-0.5q-1.6-1.1-4.7-3.2t-3.6-2.6q-1.1-0.7-2.1-2t-1-2.5q0-1.4 0.7-2.3t2.1-0.9h26.3q1.2 0 2 0.8t0.9 2z\"\/><\/svg><\/span><\/a><\/li><li class=\"shariff-button facebook shariff-nocustomcolor\" style=\"background-color:#4273c8\"><a href=\"https:\/\/www.facebook.com\/sharer\/sharer.php?u=https%3A%2F%2Funser-aschbach.de%2Fstaging2025%2F2022%2F10%2F05%2Fsonnige-st-maternus-kirmes-2022%2F\" title=\"Bei Facebook teilen\" aria-label=\"Bei Facebook teilen\" role=\"button\" rel=\"nofollow\" class=\"shariff-link\" style=\"; background-color:#3b5998; color:#fff\" target=\"_blank\"><span class=\"shariff-icon\" style=\"\"><svg width=\"32px\" height=\"20px\" xmlns=\"http:\/\/www.w3.org\/2000\/svg\" viewBox=\"0 0 18 32\"><path fill=\"#3b5998\" d=\"M17.1 0.2v4.7h-2.8q-1.5 0-2.1 0.6t-0.5 1.9v3.4h5.2l-0.7 5.3h-4.5v13.6h-5.5v-13.6h-4.5v-5.3h4.5v-3.9q0-3.3 1.9-5.2t5-1.8q2.6 0 4.1 0.2z\"\/><\/svg><\/span><\/a><\/li><li class=\"shariff-button whatsapp shariff-nocustomcolor\" style=\"background-color:#5cbe4a\"><a href=\"https:\/\/api.whatsapp.com\/send?text=https%3A%2F%2Funser-aschbach.de%2Fstaging2025%2F2022%2F10%2F05%2Fsonnige-st-maternus-kirmes-2022%2F%20SONNIGE%20ST.%20MATERNUS-KIRMES%C2%A0%202022\" title=\"Bei Whatsapp teilen\" aria-label=\"Bei Whatsapp teilen\" role=\"button\" rel=\"noopener nofollow\" class=\"shariff-link\" style=\"; background-color:#34af23; color:#fff\" target=\"_blank\"><span class=\"shariff-icon\" style=\"\"><svg width=\"32px\" height=\"20px\" xmlns=\"http:\/\/www.w3.org\/2000\/svg\" viewBox=\"0 0 32 32\"><path fill=\"#34af23\" d=\"M17.6 17.4q0.2 0 1.7 0.8t1.6 0.9q0 0.1 0 0.3 0 0.6-0.3 1.4-0.3 0.7-1.3 1.2t-1.8 0.5q-1 0-3.4-1.1-1.7-0.8-3-2.1t-2.6-3.3q-1.3-1.9-1.3-3.5v-0.1q0.1-1.6 1.3-2.8 0.4-0.4 0.9-0.4 0.1 0 0.3 0t0.3 0q0.3 0 0.5 0.1t0.3 0.5q0.1 0.4 0.6 1.6t0.4 1.3q0 0.4-0.6 1t-0.6 0.8q0 0.1 0.1 0.3 0.6 1.3 1.8 2.4 1 0.9 2.7 1.8 0.2 0.1 0.4 0.1 0.3 0 1-0.9t0.9-0.9zM14 26.9q2.3 0 4.3-0.9t3.6-2.4 2.4-3.6 0.9-4.3-0.9-4.3-2.4-3.6-3.6-2.4-4.3-0.9-4.3 0.9-3.6 2.4-2.4 3.6-0.9 4.3q0 3.6 2.1 6.6l-1.4 4.2 4.3-1.4q2.8 1.9 6.2 1.9zM14 2.2q2.7 0 5.2 1.1t4.3 2.9 2.9 4.3 1.1 5.2-1.1 5.2-2.9 4.3-4.3 2.9-5.2 1.1q-3.5 0-6.5-1.7l-7.4 2.4 2.4-7.2q-1.9-3.2-1.9-6.9 0-2.7 1.1-5.2t2.9-4.3 4.3-2.9 5.2-1.1z\"\/><\/svg><\/span><\/a><\/li><\/ul><\/div>","protected":false},"excerpt":{"rendered":"<p>Autor: Josef Nickolai Nach einen feuchten Fassanstich am Kirmessamstag konnten die kleinen und gro\u00dfen Kirmesbesucher zwei sonnige Kirmestage am Sonn- und Montag genie\u00dfen. Dem samst\u00e4glichen Festhochamt in St. Maternus folgte auf dem Festplatz unter den Kl\u00e4ngen unseres Musikvereins (MV) Orpheus, wetterm\u00e4\u00dfig!,&nbsp; ein feuchter Fassanstich durch Karl-Heinz Schr\u00f6der und Ralf Jockers, assistiert vom CobA-Vorsitzenden Andreas Bauer&#8230;<\/p>\n<p> <a class=\"continue-reading-link\" href=\"https:\/\/unser-aschbach.de\/staging2025\/2022\/10\/05\/sonnige-st-maternus-kirmes-2022\/\"><span>weiterlesen<\/span><i class=\"crycon-right-dir\"><\/i><\/a> <\/p>\n","protected":false},"author":1,"featured_media":5101,"comment_status":"open","ping_status":"open","sticky":false,"template":"","format":"standard","meta":{"jetpack_post_was_ever_published":false,"_jetpack_newsletter_access":"","_jetpack_dont_email_post_to_subs":false,"_jetpack_newsletter_tier_id":0,"_jetpack_memberships_contains_paywalled_content":false,"_jetpack_memberships_contains_paid_content":false,"footnotes":"","jetpack_publicize_message":"","jetpack_publicize_feature_enabled":true,"jetpack_social_post_already_shared":true,"jetpack_social_options":{"image_generator_settings":{"template":"highway","default_image_id":0,"font":"","enabled":false},"version":2}},"categories":[1],"tags":[153],"class_list":["post-5098","post","type-post","status-publish","format-standard","has-post-thumbnail","hentry","category-allgemein","tag-maternuskirmes"],"jetpack_publicize_connections":[],"jetpack_featured_media_url":"https:\/\/i0.wp.com\/unser-aschbach.de\/staging2025\/wp-content\/uploads\/2022\/10\/DSC_1581-scaled.jpg?fit=1200%2C800&ssl=1","jetpack_shortlink":"https:\/\/wp.me\/pggZrZ-1ke","jetpack-related-posts":[{"id":4561,"url":"https:\/\/unser-aschbach.de\/staging2025\/2020\/09\/16\/unser-ortsvorsteher-informiert-kirmes-eindruecke-2020\/","url_meta":{"origin":5098,"position":0},"title":"Unser Ortsvorsteher informiert &#8211; Kirmes-Eindr\u00fccke 2020","author":"Someone","date":"16. September 2020","format":false,"excerpt":"Unsere diesj\u00e4hrigen Kirmestage, mit W\u00e4rme und blauem Himmel, ohne Kirmestreiben auf dem Festplatz und beim Mecky, brachten mit dem \u201eVictoria-Fr\u00fchschoppen\u201c und dem sonnt\u00e4glichen Fr\u00fchschoppen-Konzert des MV Orpheus auf Privatgel\u00e4nde unter Wahrung der Abstands- und Hygienebedingungen au\u00dfergew\u00f6hnliche und doch vertraute Eindr\u00fccke mit sich. Aber nicht nur den \u201eGro\u00dfen\u201c, vor allem unseren\u2026","rel":"","context":"In &quot;Aktionen&quot;","block_context":{"text":"Aktionen","link":"https:\/\/unser-aschbach.de\/staging2025\/category\/der-ort\/aktionen\/"},"img":{"alt_text":"","src":"https:\/\/i0.wp.com\/unser-aschbach.de\/staging2025\/wp-content\/uploads\/2020\/09\/DSC_2454-scaled.jpg?fit=1200%2C800&ssl=1&resize=350%2C200","width":350,"height":200,"srcset":"https:\/\/i0.wp.com\/unser-aschbach.de\/staging2025\/wp-content\/uploads\/2020\/09\/DSC_2454-scaled.jpg?fit=1200%2C800&ssl=1&resize=350%2C200 1x, https:\/\/i0.wp.com\/unser-aschbach.de\/staging2025\/wp-content\/uploads\/2020\/09\/DSC_2454-scaled.jpg?fit=1200%2C800&ssl=1&resize=525%2C300 1.5x, https:\/\/i0.wp.com\/unser-aschbach.de\/staging2025\/wp-content\/uploads\/2020\/09\/DSC_2454-scaled.jpg?fit=1200%2C800&ssl=1&resize=700%2C400 2x, https:\/\/i0.wp.com\/unser-aschbach.de\/staging2025\/wp-content\/uploads\/2020\/09\/DSC_2454-scaled.jpg?fit=1200%2C800&ssl=1&resize=1050%2C600 3x"},"classes":[]},{"id":5380,"url":"https:\/\/unser-aschbach.de\/staging2025\/2023\/09\/29\/tag-der-aelteren-mitbuergerinnen-2023\/","url_meta":{"origin":5098,"position":1},"title":"Tag der \u00c4lteren Mitb\u00fcrgerInnen 2023","author":"Someone","date":"29. September 2023","format":false,"excerpt":"Autor: Josef Nickolai Flei\u00dfige H\u00e4nde waren am Samstag, 23.09.23 in unserer Aschbacher Mehrzweckhalle (MZH) am Werk! Nachdem die Tische und St\u00fchle arrangiert waren, kamen die kreativen \u201eMir sinn acht!\u201c-Frauen mit frischem Blumenschmuck und Deko f\u00fcr die Tische; gemeinsam mit dem Team der katholischen Frauengemeinschaft (kfd) wurden die Tische f\u00fcr den\u2026","rel":"","context":"In &quot;Aktionen&quot;","block_context":{"text":"Aktionen","link":"https:\/\/unser-aschbach.de\/staging2025\/category\/der-ort\/aktionen\/"},"img":{"alt_text":"","src":"https:\/\/i0.wp.com\/unser-aschbach.de\/staging2025\/wp-content\/uploads\/2023\/09\/DSC_3137-scaled.jpg?fit=800%2C1200&ssl=1&resize=350%2C200","width":350,"height":200,"srcset":"https:\/\/i0.wp.com\/unser-aschbach.de\/staging2025\/wp-content\/uploads\/2023\/09\/DSC_3137-scaled.jpg?fit=800%2C1200&ssl=1&resize=350%2C200 1x, https:\/\/i0.wp.com\/unser-aschbach.de\/staging2025\/wp-content\/uploads\/2023\/09\/DSC_3137-scaled.jpg?fit=800%2C1200&ssl=1&resize=525%2C300 1.5x, https:\/\/i0.wp.com\/unser-aschbach.de\/staging2025\/wp-content\/uploads\/2023\/09\/DSC_3137-scaled.jpg?fit=800%2C1200&ssl=1&resize=700%2C400 2x"},"classes":[]},{"id":5420,"url":"https:\/\/unser-aschbach.de\/staging2025\/2023\/11\/08\/traditionelle-martini-kirmes\/","url_meta":{"origin":5098,"position":2},"title":"Traditionelle MARTINI-KIRMES","author":"Someone","date":"8. November 2023","format":false,"excerpt":"Autor: Josef Nickolai Bereits zum vierten Mal veranstalteten die Aschbacher Narrek\u00e4pp am Wochenende vor St. Martin die traditionelle MARTINI-KIRMES. Die gut besuchte Disco, die Shots Bar und die Bierschwemme luden die G\u00e4ste zum angenehmen Verweilen bis zum fr\u00fchen Morgen ein. Musikalisch heizte DJ Florian in den Vereinsr\u00e4umen die BesucherInnen m\u00e4chtig\u2026","rel":"","context":"In &quot;Aktionen&quot;","block_context":{"text":"Aktionen","link":"https:\/\/unser-aschbach.de\/staging2025\/category\/der-ort\/aktionen\/"},"img":{"alt_text":"","src":"https:\/\/i0.wp.com\/unser-aschbach.de\/staging2025\/wp-content\/uploads\/2023\/11\/DSC_3296-scaled.jpg?fit=1200%2C800&ssl=1&resize=350%2C200","width":350,"height":200,"srcset":"https:\/\/i0.wp.com\/unser-aschbach.de\/staging2025\/wp-content\/uploads\/2023\/11\/DSC_3296-scaled.jpg?fit=1200%2C800&ssl=1&resize=350%2C200 1x, https:\/\/i0.wp.com\/unser-aschbach.de\/staging2025\/wp-content\/uploads\/2023\/11\/DSC_3296-scaled.jpg?fit=1200%2C800&ssl=1&resize=525%2C300 1.5x, https:\/\/i0.wp.com\/unser-aschbach.de\/staging2025\/wp-content\/uploads\/2023\/11\/DSC_3296-scaled.jpg?fit=1200%2C800&ssl=1&resize=700%2C400 2x, https:\/\/i0.wp.com\/unser-aschbach.de\/staging2025\/wp-content\/uploads\/2023\/11\/DSC_3296-scaled.jpg?fit=1200%2C800&ssl=1&resize=1050%2C600 3x"},"classes":[]},{"id":5137,"url":"https:\/\/unser-aschbach.de\/staging2025\/2022\/11\/09\/aschbacher-narrekaepp-beleben-tradition\/","url_meta":{"origin":5098,"position":3},"title":"Aschbacher Narrek\u00e4pp beleben Tradition!","author":"Someone","date":"9. November 2022","format":false,"excerpt":"MARTINI-KIRMES\u00a0 2022 Autor: Josef Nickolai Zum 3. Mal veranstalteten die Aschbacher Narrek\u00e4pp die Martini-Kirmes als Auftakt in die n\u00e4rrische Session; traditionell wird an Martini am 11.11. die Faasend er\u00f6ffnet, in Aschbach getreu dem Narrek\u00e4pp-Motto \u201eUnser Herz schl\u00e4gt f\u00fcr die Faasend!!!\u201c Zahlreiche BesucherInnen fanden letzten Samstag den Weg in die fantasievoll,\u2026","rel":"","context":"In &quot;Aktionen&quot;","block_context":{"text":"Aktionen","link":"https:\/\/unser-aschbach.de\/staging2025\/category\/der-ort\/aktionen\/"},"img":{"alt_text":"","src":"https:\/\/i0.wp.com\/unser-aschbach.de\/staging2025\/wp-content\/uploads\/2022\/11\/IMG-20221107-WA0001-1.jpg?resize=350%2C200","width":350,"height":200,"srcset":"https:\/\/i0.wp.com\/unser-aschbach.de\/staging2025\/wp-content\/uploads\/2022\/11\/IMG-20221107-WA0001-1.jpg?resize=350%2C200 1x, https:\/\/i0.wp.com\/unser-aschbach.de\/staging2025\/wp-content\/uploads\/2022\/11\/IMG-20221107-WA0001-1.jpg?resize=525%2C300 1.5x, https:\/\/i0.wp.com\/unser-aschbach.de\/staging2025\/wp-content\/uploads\/2022\/11\/IMG-20221107-WA0001-1.jpg?resize=700%2C400 2x"},"classes":[]},{"id":4863,"url":"https:\/\/unser-aschbach.de\/staging2025\/2021\/09\/14\/kirmes-2021-willi-hauck-sagt-danke\/","url_meta":{"origin":5098,"position":4},"title":"Kirmes 2021 &#8211; Willi Hauck sagt Danke","author":"Someone","date":"14. September 2021","format":false,"excerpt":"Die \u201eKirmestage\u201c in D\u00f6rsdorf, Steinbach, Thalexweiler und Aschbach sind vorbei; leider konnte in keinem der vier D\u00f6rfer pandemiebedingt eine Kirmes in gewohnter Weise stattfinden. ABER, an den entsprechenden Kirmestagen fand Willi HAUCK mit seiner Mandelbrennerei den Weg nach D\u00f6rsdorf, Steinbach und Aschbach\u00a0 und\u00a0 fand hier ein sehr positives Echo! Begeisterte,\u2026","rel":"","context":"In &quot;Aktionen&quot;","block_context":{"text":"Aktionen","link":"https:\/\/unser-aschbach.de\/staging2025\/category\/der-ort\/aktionen\/"},"img":{"alt_text":"","src":"https:\/\/i0.wp.com\/unser-aschbach.de\/staging2025\/wp-content\/uploads\/2021\/09\/DSC_0950-scaled.jpg?fit=1200%2C800&ssl=1&resize=350%2C200","width":350,"height":200,"srcset":"https:\/\/i0.wp.com\/unser-aschbach.de\/staging2025\/wp-content\/uploads\/2021\/09\/DSC_0950-scaled.jpg?fit=1200%2C800&ssl=1&resize=350%2C200 1x, https:\/\/i0.wp.com\/unser-aschbach.de\/staging2025\/wp-content\/uploads\/2021\/09\/DSC_0950-scaled.jpg?fit=1200%2C800&ssl=1&resize=525%2C300 1.5x, https:\/\/i0.wp.com\/unser-aschbach.de\/staging2025\/wp-content\/uploads\/2021\/09\/DSC_0950-scaled.jpg?fit=1200%2C800&ssl=1&resize=700%2C400 2x, https:\/\/i0.wp.com\/unser-aschbach.de\/staging2025\/wp-content\/uploads\/2021\/09\/DSC_0950-scaled.jpg?fit=1200%2C800&ssl=1&resize=1050%2C600 3x"},"classes":[]},{"id":5369,"url":"https:\/\/unser-aschbach.de\/staging2025\/2023\/09\/26\/tennis-meister-2023\/","url_meta":{"origin":5098,"position":5},"title":"Tennis Meister 2023","author":"Someone","date":"26. September 2023","format":false,"excerpt":"Autor: Josef Nickolai Recht spannend verlief die diesj\u00e4hrige Saison 2023 f\u00fcr die Tennisspieler der \u00dc 30 .Erst nach dem letzten Spieltag mit einem Sieg in Urexweiler, am Kirmessamstag, stand der Meister 2023 fest: Die \u00dc30 der Sparte Tennis des SV Victoria Aschbach schloss die Herren 30 A-Klasse Akt 2 auf\u2026","rel":"","context":"In &quot;Allgemein&quot;","block_context":{"text":"Allgemein","link":"https:\/\/unser-aschbach.de\/staging2025\/category\/allgemein\/"},"img":{"alt_text":"","src":"https:\/\/i0.wp.com\/unser-aschbach.de\/staging2025\/wp-content\/uploads\/2023\/09\/DSC_3080-scaled.jpg?fit=1200%2C800&ssl=1&resize=350%2C200","width":350,"height":200,"srcset":"https:\/\/i0.wp.com\/unser-aschbach.de\/staging2025\/wp-content\/uploads\/2023\/09\/DSC_3080-scaled.jpg?fit=1200%2C800&ssl=1&resize=350%2C200 1x, https:\/\/i0.wp.com\/unser-aschbach.de\/staging2025\/wp-content\/uploads\/2023\/09\/DSC_3080-scaled.jpg?fit=1200%2C800&ssl=1&resize=525%2C300 1.5x, https:\/\/i0.wp.com\/unser-aschbach.de\/staging2025\/wp-content\/uploads\/2023\/09\/DSC_3080-scaled.jpg?fit=1200%2C800&ssl=1&resize=700%2C400 2x, https:\/\/i0.wp.com\/unser-aschbach.de\/staging2025\/wp-content\/uploads\/2023\/09\/DSC_3080-scaled.jpg?fit=1200%2C800&ssl=1&resize=1050%2C600 3x"},"classes":[]}],"jetpack_sharing_enabled":true,"_links":{"self":[{"href":"https:\/\/unser-aschbach.de\/staging2025\/wp-json\/wp\/v2\/posts\/5098","targetHints":{"allow":["GET"]}}],"collection":[{"href":"https:\/\/unser-aschbach.de\/staging2025\/wp-json\/wp\/v2\/posts"}],"about":[{"href":"https:\/\/unser-aschbach.de\/staging2025\/wp-json\/wp\/v2\/types\/post"}],"author":[{"embeddable":true,"href":"https:\/\/unser-aschbach.de\/staging2025\/wp-json\/wp\/v2\/users\/1"}],"replies":[{"embeddable":true,"href":"https:\/\/unser-aschbach.de\/staging2025\/wp-json\/wp\/v2\/comments?post=5098"}],"version-history":[{"count":4,"href":"https:\/\/unser-aschbach.de\/staging2025\/wp-json\/wp\/v2\/posts\/5098\/revisions"}],"predecessor-version":[{"id":5150,"href":"https:\/\/unser-aschbach.de\/staging2025\/wp-json\/wp\/v2\/posts\/5098\/revisions\/5150"}],"wp:featuredmedia":[{"embeddable":true,"href":"https:\/\/unser-aschbach.de\/staging2025\/wp-json\/wp\/v2\/media\/5101"}],"wp:attachment":[{"href":"https:\/\/unser-aschbach.de\/staging2025\/wp-json\/wp\/v2\/media?parent=5098"}],"wp:term":[{"taxonomy":"category","embeddable":true,"href":"https:\/\/unser-aschbach.de\/staging2025\/wp-json\/wp\/v2\/categories?post=5098"},{"taxonomy":"post_tag","embeddable":true,"href":"https:\/\/unser-aschbach.de\/staging2025\/wp-json\/wp\/v2\/tags?post=5098"}],"curies":[{"name":"wp","href":"https:\/\/api.w.org\/{rel}","templated":true}]}}