{"id":4994,"date":"2022-03-11T13:51:17","date_gmt":"2022-03-11T12:51:17","guid":{"rendered":"https:\/\/unser-aschbach.de\/staging2025\/?p=4994"},"modified":"2022-03-11T13:52:26","modified_gmt":"2022-03-11T12:52:26","slug":"der-storch-ist-wieder-da","status":"publish","type":"post","link":"https:\/\/unser-aschbach.de\/staging2025\/2022\/03\/11\/der-storch-ist-wieder-da\/","title":{"rendered":"Der Storch ist wieder da"},"content":{"rendered":"\n<p class=\"has-drop-cap has-vivid-red-background-color has-background\">Seit gut zwei Wochen haben wir wieder Besuch vom Meister ADEBAR. Am sp\u00e4ten Nachmittag, bzw. gegen Abend, fliegt der Storch in den Theelwiesen ein auf den \u201ePriesnitz-Horst\u201c.  Hier \u00fcbernachtet er sicher, um am n\u00e4chsten Tag wieder auf Futter- und Nestmaterial- bzw. Partnerinsuche zu starten.<\/p>\n\n\n\n<p>Dr\u00fccken wir mal die Daumen, dass dieser sch\u00f6ne, von Sagen umwobene Vogel weiterhin bleibt!<\/p>\n\n\n\n<p><\/p>\n\n\n\n<figure class=\"wp-block-gallery has-nested-images columns-default is-cropped wp-block-gallery-1 is-layout-flex wp-block-gallery-is-layout-flex\">\n<figure class=\"wp-block-image size-large\"><img data-recalc-dims=\"1\" decoding=\"async\" width=\"900\" height=\"675\" data-attachment-id=\"4996\" data-permalink=\"https:\/\/unser-aschbach.de\/staging2025\/2022\/03\/11\/der-storch-ist-wieder-da\/exif_jpeg_picture-5\/\" data-orig-file=\"https:\/\/i0.wp.com\/unser-aschbach.de\/staging2025\/wp-content\/uploads\/2022\/03\/RIMG1374-scaled.jpg?fit=1200%2C900&amp;ssl=1\" data-orig-size=\"1200,900\" data-comments-opened=\"1\" data-image-meta=\"{&quot;aperture&quot;:&quot;7.7&quot;,&quot;credit&quot;:&quot;&quot;,&quot;camera&quot;:&quot;CX3&quot;,&quot;caption&quot;:&quot;Exif_JPEG_PICTURE&quot;,&quot;created_timestamp&quot;:&quot;1645890475&quot;,&quot;copyright&quot;:&quot;&quot;,&quot;focal_length&quot;:&quot;52.5&quot;,&quot;iso&quot;:&quot;80&quot;,&quot;shutter_speed&quot;:&quot;0.00123456790123&quot;,&quot;title&quot;:&quot;Exif_JPEG_PICTURE&quot;,&quot;orientation&quot;:&quot;1&quot;}\" data-image-title=\"Exif_JPEG_PICTURE\" data-image-description=\"\" data-image-caption=\"&lt;p&gt;Exif_JPEG_PICTURE&lt;\/p&gt;\n\" data-medium-file=\"https:\/\/i0.wp.com\/unser-aschbach.de\/staging2025\/wp-content\/uploads\/2022\/03\/RIMG1374-scaled.jpg?fit=300%2C225&amp;ssl=1\" data-large-file=\"https:\/\/i0.wp.com\/unser-aschbach.de\/staging2025\/wp-content\/uploads\/2022\/03\/RIMG1374-scaled.jpg?fit=900%2C675&amp;ssl=1\" data-id=\"4996\" src=\"https:\/\/i0.wp.com\/unser-aschbach.de\/staging2025\/wp-content\/uploads\/2022\/03\/RIMG1374.jpg?resize=900%2C675&#038;ssl=1\" alt=\"\" class=\"wp-image-4996\" srcset=\"https:\/\/i0.wp.com\/unser-aschbach.de\/staging2025\/wp-content\/uploads\/2022\/03\/RIMG1374-scaled.jpg?resize=1024%2C768&amp;ssl=1 1024w, https:\/\/i0.wp.com\/unser-aschbach.de\/staging2025\/wp-content\/uploads\/2022\/03\/RIMG1374-scaled.jpg?resize=300%2C225&amp;ssl=1 300w, https:\/\/i0.wp.com\/unser-aschbach.de\/staging2025\/wp-content\/uploads\/2022\/03\/RIMG1374-scaled.jpg?resize=768%2C576&amp;ssl=1 768w, https:\/\/i0.wp.com\/unser-aschbach.de\/staging2025\/wp-content\/uploads\/2022\/03\/RIMG1374-scaled.jpg?resize=1536%2C1152&amp;ssl=1 1536w, https:\/\/i0.wp.com\/unser-aschbach.de\/staging2025\/wp-content\/uploads\/2022\/03\/RIMG1374-scaled.jpg?resize=2048%2C1536&amp;ssl=1 2048w, https:\/\/i0.wp.com\/unser-aschbach.de\/staging2025\/wp-content\/uploads\/2022\/03\/RIMG1374-scaled.jpg?w=1200&amp;ssl=1 1200w\" sizes=\"(max-width: 900px) 100vw, 900px\" \/><\/figure>\n\n\n\n<figure class=\"wp-block-image size-large\"><img data-recalc-dims=\"1\" decoding=\"async\" width=\"900\" height=\"942\" data-attachment-id=\"4995\" data-permalink=\"https:\/\/unser-aschbach.de\/staging2025\/2022\/03\/11\/der-storch-ist-wieder-da\/exif_jpeg_picture-4\/\" data-orig-file=\"https:\/\/i0.wp.com\/unser-aschbach.de\/staging2025\/wp-content\/uploads\/2022\/03\/RIMG1384.jpg?fit=1146%2C1200&amp;ssl=1\" data-orig-size=\"1146,1200\" data-comments-opened=\"1\" data-image-meta=\"{&quot;aperture&quot;:&quot;4.8&quot;,&quot;credit&quot;:&quot;&quot;,&quot;camera&quot;:&quot;CX3&quot;,&quot;caption&quot;:&quot;Exif_JPEG_PICTURE&quot;,&quot;created_timestamp&quot;:&quot;1645900859&quot;,&quot;copyright&quot;:&quot;&quot;,&quot;focal_length&quot;:&quot;38.9&quot;,&quot;iso&quot;:&quot;80&quot;,&quot;shutter_speed&quot;:&quot;0.00492610837438&quot;,&quot;title&quot;:&quot;Exif_JPEG_PICTURE&quot;,&quot;orientation&quot;:&quot;1&quot;}\" data-image-title=\"Exif_JPEG_PICTURE\" data-image-description=\"\" data-image-caption=\"&lt;p&gt;Exif_JPEG_PICTURE&lt;\/p&gt;\n\" data-medium-file=\"https:\/\/i0.wp.com\/unser-aschbach.de\/staging2025\/wp-content\/uploads\/2022\/03\/RIMG1384.jpg?fit=287%2C300&amp;ssl=1\" data-large-file=\"https:\/\/i0.wp.com\/unser-aschbach.de\/staging2025\/wp-content\/uploads\/2022\/03\/RIMG1384.jpg?fit=900%2C942&amp;ssl=1\" data-id=\"4995\" src=\"https:\/\/i0.wp.com\/unser-aschbach.de\/staging2025\/wp-content\/uploads\/2022\/03\/RIMG1384.jpg?resize=900%2C942&#038;ssl=1\" alt=\"\" class=\"wp-image-4995\" srcset=\"https:\/\/i0.wp.com\/unser-aschbach.de\/staging2025\/wp-content\/uploads\/2022\/03\/RIMG1384.jpg?resize=978%2C1024&amp;ssl=1 978w, https:\/\/i0.wp.com\/unser-aschbach.de\/staging2025\/wp-content\/uploads\/2022\/03\/RIMG1384.jpg?resize=287%2C300&amp;ssl=1 287w, https:\/\/i0.wp.com\/unser-aschbach.de\/staging2025\/wp-content\/uploads\/2022\/03\/RIMG1384.jpg?resize=768%2C804&amp;ssl=1 768w, https:\/\/i0.wp.com\/unser-aschbach.de\/staging2025\/wp-content\/uploads\/2022\/03\/RIMG1384.jpg?w=1146&amp;ssl=1 1146w\" sizes=\"(max-width: 900px) 100vw, 900px\" \/><\/figure>\n<\/figure>\n\n\n\n<p>Autor: Josef Nickolai<\/p>\n\n\n\n<p>Fotos: Rita Willms<\/p>\n<div class=\"shariff shariff-align-flex-start shariff-widget-align-flex-start\"><ul class=\"shariff-buttons theme-round orientation-horizontal buttonsize-medium\"><li class=\"shariff-button mailto shariff-nocustomcolor\" style=\"background-color:#a8a8a8\"><a href=\"mailto:?body=https%3A%2F%2Funser-aschbach.de%2Fstaging2025%2F2022%2F03%2F11%2Fder-storch-ist-wieder-da%2F&subject=Der%20Storch%20ist%20wieder%20da\" title=\"Per E-Mail versenden\" aria-label=\"Per E-Mail versenden\" role=\"button\" rel=\"noopener nofollow\" class=\"shariff-link\" style=\"; background-color:#999; color:#fff\"><span class=\"shariff-icon\" style=\"\"><svg width=\"32px\" height=\"20px\" xmlns=\"http:\/\/www.w3.org\/2000\/svg\" viewBox=\"0 0 32 32\"><path fill=\"#999\" d=\"M32 12.7v14.2q0 1.2-0.8 2t-2 0.9h-26.3q-1.2 0-2-0.9t-0.8-2v-14.2q0.8 0.9 1.8 1.6 6.5 4.4 8.9 6.1 1 0.8 1.6 1.2t1.7 0.9 2 0.4h0.1q0.9 0 2-0.4t1.7-0.9 1.6-1.2q3-2.2 8.9-6.1 1-0.7 1.8-1.6zM32 7.4q0 1.4-0.9 2.7t-2.2 2.2q-6.7 4.7-8.4 5.8-0.2 0.1-0.7 0.5t-1 0.7-0.9 0.6-1.1 0.5-0.9 0.2h-0.1q-0.4 0-0.9-0.2t-1.1-0.5-0.9-0.6-1-0.7-0.7-0.5q-1.6-1.1-4.7-3.2t-3.6-2.6q-1.1-0.7-2.1-2t-1-2.5q0-1.4 0.7-2.3t2.1-0.9h26.3q1.2 0 2 0.8t0.9 2z\"\/><\/svg><\/span><\/a><\/li><li class=\"shariff-button facebook shariff-nocustomcolor\" style=\"background-color:#4273c8\"><a href=\"https:\/\/www.facebook.com\/sharer\/sharer.php?u=https%3A%2F%2Funser-aschbach.de%2Fstaging2025%2F2022%2F03%2F11%2Fder-storch-ist-wieder-da%2F\" title=\"Bei Facebook teilen\" aria-label=\"Bei Facebook teilen\" role=\"button\" rel=\"nofollow\" class=\"shariff-link\" style=\"; background-color:#3b5998; color:#fff\" target=\"_blank\"><span class=\"shariff-icon\" style=\"\"><svg width=\"32px\" height=\"20px\" xmlns=\"http:\/\/www.w3.org\/2000\/svg\" viewBox=\"0 0 18 32\"><path fill=\"#3b5998\" d=\"M17.1 0.2v4.7h-2.8q-1.5 0-2.1 0.6t-0.5 1.9v3.4h5.2l-0.7 5.3h-4.5v13.6h-5.5v-13.6h-4.5v-5.3h4.5v-3.9q0-3.3 1.9-5.2t5-1.8q2.6 0 4.1 0.2z\"\/><\/svg><\/span><\/a><\/li><li class=\"shariff-button whatsapp shariff-nocustomcolor\" style=\"background-color:#5cbe4a\"><a href=\"https:\/\/api.whatsapp.com\/send?text=https%3A%2F%2Funser-aschbach.de%2Fstaging2025%2F2022%2F03%2F11%2Fder-storch-ist-wieder-da%2F%20Der%20Storch%20ist%20wieder%20da\" title=\"Bei Whatsapp teilen\" aria-label=\"Bei Whatsapp teilen\" role=\"button\" rel=\"noopener nofollow\" class=\"shariff-link\" style=\"; background-color:#34af23; color:#fff\" target=\"_blank\"><span class=\"shariff-icon\" style=\"\"><svg width=\"32px\" height=\"20px\" xmlns=\"http:\/\/www.w3.org\/2000\/svg\" viewBox=\"0 0 32 32\"><path fill=\"#34af23\" d=\"M17.6 17.4q0.2 0 1.7 0.8t1.6 0.9q0 0.1 0 0.3 0 0.6-0.3 1.4-0.3 0.7-1.3 1.2t-1.8 0.5q-1 0-3.4-1.1-1.7-0.8-3-2.1t-2.6-3.3q-1.3-1.9-1.3-3.5v-0.1q0.1-1.6 1.3-2.8 0.4-0.4 0.9-0.4 0.1 0 0.3 0t0.3 0q0.3 0 0.5 0.1t0.3 0.5q0.1 0.4 0.6 1.6t0.4 1.3q0 0.4-0.6 1t-0.6 0.8q0 0.1 0.1 0.3 0.6 1.3 1.8 2.4 1 0.9 2.7 1.8 0.2 0.1 0.4 0.1 0.3 0 1-0.9t0.9-0.9zM14 26.9q2.3 0 4.3-0.9t3.6-2.4 2.4-3.6 0.9-4.3-0.9-4.3-2.4-3.6-3.6-2.4-4.3-0.9-4.3 0.9-3.6 2.4-2.4 3.6-0.9 4.3q0 3.6 2.1 6.6l-1.4 4.2 4.3-1.4q2.8 1.9 6.2 1.9zM14 2.2q2.7 0 5.2 1.1t4.3 2.9 2.9 4.3 1.1 5.2-1.1 5.2-2.9 4.3-4.3 2.9-5.2 1.1q-3.5 0-6.5-1.7l-7.4 2.4 2.4-7.2q-1.9-3.2-1.9-6.9 0-2.7 1.1-5.2t2.9-4.3 4.3-2.9 5.2-1.1z\"\/><\/svg><\/span><\/a><\/li><\/ul><\/div>","protected":false},"excerpt":{"rendered":"<p>Seit gut zwei Wochen haben wir wieder Besuch vom Meister ADEBAR. Am sp\u00e4ten Nachmittag, bzw. gegen Abend, fliegt der Storch in den Theelwiesen ein auf den \u201ePriesnitz-Horst\u201c. Hier \u00fcbernachtet er sicher, um am n\u00e4chsten Tag wieder auf Futter- und Nestmaterial- bzw. Partnerinsuche zu starten. Dr\u00fccken wir mal die Daumen, dass dieser sch\u00f6ne, von Sagen umwobene&#8230;<\/p>\n<p> <a class=\"continue-reading-link\" href=\"https:\/\/unser-aschbach.de\/staging2025\/2022\/03\/11\/der-storch-ist-wieder-da\/\"><span>weiterlesen<\/span><i class=\"crycon-right-dir\"><\/i><\/a> <\/p>\n","protected":false},"author":1,"featured_media":4996,"comment_status":"open","ping_status":"open","sticky":false,"template":"","format":"standard","meta":{"jetpack_post_was_ever_published":false,"_jetpack_newsletter_access":"","_jetpack_dont_email_post_to_subs":false,"_jetpack_newsletter_tier_id":0,"_jetpack_memberships_contains_paywalled_content":false,"_jetpack_memberships_contains_paid_content":false,"footnotes":"","jetpack_publicize_message":"","jetpack_publicize_feature_enabled":true,"jetpack_social_post_already_shared":true,"jetpack_social_options":{"image_generator_settings":{"template":"highway","default_image_id":0,"font":"","enabled":false},"version":2}},"categories":[1],"tags":[212],"class_list":["post-4994","post","type-post","status-publish","format-standard","has-post-thumbnail","hentry","category-allgemein","tag-storch"],"jetpack_publicize_connections":[],"jetpack_featured_media_url":"https:\/\/i0.wp.com\/unser-aschbach.de\/staging2025\/wp-content\/uploads\/2022\/03\/RIMG1374-scaled.jpg?fit=1200%2C900&ssl=1","jetpack_shortlink":"https:\/\/wp.me\/pggZrZ-1iy","jetpack-related-posts":[{"id":5261,"url":"https:\/\/unser-aschbach.de\/staging2025\/2023\/03\/24\/storchenhorst-ii-bezugsfertig\/","url_meta":{"origin":4994,"position":0},"title":"Storchenhorst II bezugsfertig","author":"Someone","date":"24. M\u00e4rz 2023","format":false,"excerpt":"Autoren: Horst Priesnitz und Josef Nickolay Das n\u00e4chste Storchenpaar kann in Aschbach einfliegen! Naturfreund und Zimmermann Horst Priesnitz hat in ungez\u00e4hlten, ehrenamtlichen Arbeitsstunden mit seinem Team den Storchenhorst\u00a0 letzte Woche fertiggestellt. In luftiger H\u00f6he, 10,50 m, gestaltete Horst das \u201eStorchen-Wohnzimmer\u201c naturnahe mit Eichenbohlen und Weidenruten, die er\u00a0 und Manfred Krohn\u2026","rel":"","context":"In &quot;Aktionen&quot;","block_context":{"text":"Aktionen","link":"https:\/\/unser-aschbach.de\/staging2025\/category\/der-ort\/aktionen\/"},"img":{"alt_text":"","src":"https:\/\/i0.wp.com\/unser-aschbach.de\/staging2025\/wp-content\/uploads\/2023\/03\/IMG-20230316-WA0000.jpg?fit=1200%2C900&ssl=1&resize=350%2C200","width":350,"height":200,"srcset":"https:\/\/i0.wp.com\/unser-aschbach.de\/staging2025\/wp-content\/uploads\/2023\/03\/IMG-20230316-WA0000.jpg?fit=1200%2C900&ssl=1&resize=350%2C200 1x, https:\/\/i0.wp.com\/unser-aschbach.de\/staging2025\/wp-content\/uploads\/2023\/03\/IMG-20230316-WA0000.jpg?fit=1200%2C900&ssl=1&resize=525%2C300 1.5x, https:\/\/i0.wp.com\/unser-aschbach.de\/staging2025\/wp-content\/uploads\/2023\/03\/IMG-20230316-WA0000.jpg?fit=1200%2C900&ssl=1&resize=700%2C400 2x, https:\/\/i0.wp.com\/unser-aschbach.de\/staging2025\/wp-content\/uploads\/2023\/03\/IMG-20230316-WA0000.jpg?fit=1200%2C900&ssl=1&resize=1050%2C600 3x"},"classes":[]},{"id":5046,"url":"https:\/\/unser-aschbach.de\/staging2025\/2022\/06\/06\/der-klapperstorch-war-da%ef%bf%bc\/","url_meta":{"origin":4994,"position":1},"title":"Der Klapperstorch war da","author":"Someone","date":"6. Juni 2022","format":false,"excerpt":"Autor: Josef Nickolai Fotos: Rita Willms und Horst Priesnitz Im Aschbacher Storchenhorst, erbaut von Horst Priesnitz und Stefan Buchheit mit Familien gibt\u2019s Nachwuchs. Zwei kleine St\u00f6rche, von denen immer einer sch\u00f6n zu sehen ist, wohnen in dem Horst. Rita Willms und Horst Priesnitz gelangen schon einige sch\u00f6ne Schnappsch\u00fcsse. Nach Aussagen\u2026","rel":"","context":"In &quot;Allgemein&quot;","block_context":{"text":"Allgemein","link":"https:\/\/unser-aschbach.de\/staging2025\/category\/allgemein\/"},"img":{"alt_text":"","src":"https:\/\/i0.wp.com\/unser-aschbach.de\/staging2025\/wp-content\/uploads\/2022\/06\/RIMG1498-storch-3.jpg?fit=929%2C979&ssl=1&resize=350%2C200","width":350,"height":200,"srcset":"https:\/\/i0.wp.com\/unser-aschbach.de\/staging2025\/wp-content\/uploads\/2022\/06\/RIMG1498-storch-3.jpg?fit=929%2C979&ssl=1&resize=350%2C200 1x, https:\/\/i0.wp.com\/unser-aschbach.de\/staging2025\/wp-content\/uploads\/2022\/06\/RIMG1498-storch-3.jpg?fit=929%2C979&ssl=1&resize=525%2C300 1.5x, https:\/\/i0.wp.com\/unser-aschbach.de\/staging2025\/wp-content\/uploads\/2022\/06\/RIMG1498-storch-3.jpg?fit=929%2C979&ssl=1&resize=700%2C400 2x"},"classes":[]},{"id":5290,"url":"https:\/\/unser-aschbach.de\/staging2025\/2023\/05\/25\/meister-adebar-hat-nachwuchs\/","url_meta":{"origin":4994,"position":2},"title":"Meister Adebar hat Nachwuchs","author":"Someone","date":"25. Mai 2023","format":false,"excerpt":"Autor: Josef Nickolai Erfreulicherweise ist Meister Adebar im Fr\u00fchjahr dieses Jahres wieder ins Theeltal nach Aschbach zur\u00fcckgekehrt. Hier hat er mit seiner St\u00f6rchin den Horst I bezogen und sich eingerichtet. Die aufmerksame Beobachterin\/der aufmerksame Beobachter erkennt in den letzten Tagen einen kleinen Storch, der \u00fcber den Horstrand Ausschau h\u00e4lt! Es\u2026","rel":"","context":"In &quot;Allgemein&quot;","block_context":{"text":"Allgemein","link":"https:\/\/unser-aschbach.de\/staging2025\/category\/allgemein\/"},"img":{"alt_text":"","src":"https:\/\/i0.wp.com\/unser-aschbach.de\/staging2025\/wp-content\/uploads\/2023\/05\/IMG-20230523-WA0000.jpg?fit=366%2C206&ssl=1&resize=350%2C200","width":350,"height":200},"classes":[]},{"id":5252,"url":"https:\/\/unser-aschbach.de\/staging2025\/2023\/03\/24\/storchennest-ii-entsteht\/","url_meta":{"origin":4994,"position":3},"title":"Storchennest II entsteht","author":"Someone","date":"24. M\u00e4rz 2023","format":false,"excerpt":"Autoren: Horst Priesnitz und Josef Nickolay Drei gro\u00dfe Holzmasten (13m) lagerten seit einigen Tagen bei Renate und Theo Rullof in der Flurstra\u00dfe eingangs der Theelwiesen und sorgten f\u00fcr neugierige Fragen; der Energie-Konzern energis hatte die Masten dort abgelegt, er spendete die Riesenmasten f\u00fcr das Naturprojekt Storchenhorst II. Unter den kritischen\u2026","rel":"","context":"In &quot;Aktionen&quot;","block_context":{"text":"Aktionen","link":"https:\/\/unser-aschbach.de\/staging2025\/category\/der-ort\/aktionen\/"},"img":{"alt_text":"","src":"https:\/\/i0.wp.com\/unser-aschbach.de\/staging2025\/wp-content\/uploads\/2023\/03\/IMG-20230306-WA0004.jpg?fit=901%2C1200&ssl=1&resize=350%2C200","width":350,"height":200,"srcset":"https:\/\/i0.wp.com\/unser-aschbach.de\/staging2025\/wp-content\/uploads\/2023\/03\/IMG-20230306-WA0004.jpg?fit=901%2C1200&ssl=1&resize=350%2C200 1x, https:\/\/i0.wp.com\/unser-aschbach.de\/staging2025\/wp-content\/uploads\/2023\/03\/IMG-20230306-WA0004.jpg?fit=901%2C1200&ssl=1&resize=525%2C300 1.5x, https:\/\/i0.wp.com\/unser-aschbach.de\/staging2025\/wp-content\/uploads\/2023\/03\/IMG-20230306-WA0004.jpg?fit=901%2C1200&ssl=1&resize=700%2C400 2x"},"classes":[]},{"id":4958,"url":"https:\/\/unser-aschbach.de\/staging2025\/2021\/12\/25\/grussworte-zu-weihnachten-und-zum-jahreswechsel-2021-22\/","url_meta":{"origin":4994,"position":4},"title":"Gru\u00dfworte zu Weihnachten und zum Jahreswechsel 2021\/22","author":"Someone","date":"25. Dezember 2021","format":false,"excerpt":"Liebe Mitb\u00fcrgerinnen und Mitb\u00fcrger, unsere HOFFNUNG auf Normalit\u00e4t beim Jahreswechsel 2020\/21 hat sich leider nicht erf\u00fcllt; nach einer kurzen sommerlichen Entspannung hat uns die Pandemie wieder voll im Griff. Unser gesamtes Privat-, Berufs-, Vereins- und Kirchenleben ist wiederholt gel\u00e4hmt. Unser sportliches, kulturelles, kirchliches und auch schulisches Leben war Mitte 2021\u2026","rel":"","context":"In &quot;Ortsrat&quot;","block_context":{"text":"Ortsrat","link":"https:\/\/unser-aschbach.de\/staging2025\/category\/ortsrat\/"},"img":{"alt_text":"","src":"","width":0,"height":0},"classes":[]},{"id":5051,"url":"https:\/\/unser-aschbach.de\/staging2025\/2022\/06\/29\/wildvogel-auffangstation-in-aschbach\/","url_meta":{"origin":4994,"position":5},"title":"WILDvogel-Auffangstation in Aschbach","author":"Someone","date":"29. Juni 2022","format":false,"excerpt":"Autoren: Christian Becker und Josef Nickolai \u201eDas ist ja toll!\u201c, \u201eDas haben wir nicht gewusst!\u201c. Erstaunt und sehr positiv ist gegenw\u00e4rtig die Resonanz bei Vogelliebhabern und Naturfreunden hinsichtlich der neuen Wildvogel-Auffangstation in Aschbach. Seit 2022 betreut hier Vogelliebhaber und Vogelz\u00fcchter Christian BECKER eine Auffangstation f\u00fcr beeintr\u00e4chtigte Wildv\u00f6gel. EHRENAMTLICH, aus Liebe\u2026","rel":"","context":"In &quot;Informationen&quot;","block_context":{"text":"Informationen","link":"https:\/\/unser-aschbach.de\/staging2025\/category\/der-ort\/informationen\/"},"img":{"alt_text":"","src":"https:\/\/i0.wp.com\/unser-aschbach.de\/staging2025\/wp-content\/uploads\/2022\/06\/image4-rotated.jpeg?fit=900%2C1200&ssl=1&resize=350%2C200","width":350,"height":200,"srcset":"https:\/\/i0.wp.com\/unser-aschbach.de\/staging2025\/wp-content\/uploads\/2022\/06\/image4-rotated.jpeg?fit=900%2C1200&ssl=1&resize=350%2C200 1x, https:\/\/i0.wp.com\/unser-aschbach.de\/staging2025\/wp-content\/uploads\/2022\/06\/image4-rotated.jpeg?fit=900%2C1200&ssl=1&resize=525%2C300 1.5x, https:\/\/i0.wp.com\/unser-aschbach.de\/staging2025\/wp-content\/uploads\/2022\/06\/image4-rotated.jpeg?fit=900%2C1200&ssl=1&resize=700%2C400 2x"},"classes":[]}],"jetpack_sharing_enabled":true,"_links":{"self":[{"href":"https:\/\/unser-aschbach.de\/staging2025\/wp-json\/wp\/v2\/posts\/4994","targetHints":{"allow":["GET"]}}],"collection":[{"href":"https:\/\/unser-aschbach.de\/staging2025\/wp-json\/wp\/v2\/posts"}],"about":[{"href":"https:\/\/unser-aschbach.de\/staging2025\/wp-json\/wp\/v2\/types\/post"}],"author":[{"embeddable":true,"href":"https:\/\/unser-aschbach.de\/staging2025\/wp-json\/wp\/v2\/users\/1"}],"replies":[{"embeddable":true,"href":"https:\/\/unser-aschbach.de\/staging2025\/wp-json\/wp\/v2\/comments?post=4994"}],"version-history":[{"count":4,"href":"https:\/\/unser-aschbach.de\/staging2025\/wp-json\/wp\/v2\/posts\/4994\/revisions"}],"predecessor-version":[{"id":5000,"href":"https:\/\/unser-aschbach.de\/staging2025\/wp-json\/wp\/v2\/posts\/4994\/revisions\/5000"}],"wp:featuredmedia":[{"embeddable":true,"href":"https:\/\/unser-aschbach.de\/staging2025\/wp-json\/wp\/v2\/media\/4996"}],"wp:attachment":[{"href":"https:\/\/unser-aschbach.de\/staging2025\/wp-json\/wp\/v2\/media?parent=4994"}],"wp:term":[{"taxonomy":"category","embeddable":true,"href":"https:\/\/unser-aschbach.de\/staging2025\/wp-json\/wp\/v2\/categories?post=4994"},{"taxonomy":"post_tag","embeddable":true,"href":"https:\/\/unser-aschbach.de\/staging2025\/wp-json\/wp\/v2\/tags?post=4994"}],"curies":[{"name":"wp","href":"https:\/\/api.w.org\/{rel}","templated":true}]}}