{"id":4951,"date":"2021-12-25T21:09:15","date_gmt":"2021-12-25T20:09:15","guid":{"rendered":"https:\/\/unser-aschbach.de\/staging2025\/?p=4951"},"modified":"2021-12-25T21:20:54","modified_gmt":"2021-12-25T20:20:54","slug":"abfuhrkalender-2022-fuer-aschbach","status":"publish","type":"post","link":"https:\/\/unser-aschbach.de\/staging2025\/2021\/12\/25\/abfuhrkalender-2022-fuer-aschbach\/","title":{"rendered":"Abfuhrkalender 2022 f\u00fcr Aschbach"},"content":{"rendered":"\n<p><strong>Liebe Mitb\u00fcrgerinnen und Mitb\u00fcrger,<\/strong><\/p>\n\n\n\n<p>unser Abfuhrkalender 2022 des LAZ(Lebacher AbfallZweckverband) liegt an folgenden Stellen&nbsp;&nbsp;&nbsp; f\u00fcr Sie bereit:<\/p>\n\n\n\n<p><strong><u>Lebach<\/u><\/strong><\/p>\n\n\n\n<p>Lebacher Abfallzweckverband, Dillinger Str.<\/p>\n\n\n\n<p>Rathaus Lebach<\/p>\n\n\n\n<p><strong><u>Aschbach<\/u><\/strong><\/p>\n\n\n\n<p>Tankstelle Hubert Sch\u00f6n<\/p>\n\n\n\n<p>Terminal levoBank, Koblenzer Str.<\/p>\n\n\n\n<p>Terminal Sparkasse Saarlouis, Koblenzer Str.<\/p>\n\n\n\n<p>Metzgerei J\u00fcrgen Bastuck, Koblenzer Str.<\/p>\n\n\n\n<p>Friseursalon Helmut Zimmer, Koblenzer Str.&nbsp;&nbsp;<\/p>\n\n\n\n<p>Ortsvorsteher Josef Nickolai<\/p>\n\n\n\n<p>&nbsp;&nbsp;&nbsp;&nbsp;&nbsp;&nbsp;&nbsp;&nbsp;&nbsp;&nbsp;&nbsp;&nbsp;&nbsp;&nbsp;&nbsp;&nbsp;&nbsp;&nbsp;&nbsp;&nbsp;&nbsp;&nbsp;&nbsp;&nbsp;&nbsp;&nbsp;&nbsp;&nbsp;&nbsp;&nbsp;&nbsp;&nbsp;&nbsp;&nbsp;&nbsp;&nbsp;&nbsp;&nbsp;&nbsp;&nbsp;&nbsp;&nbsp;&nbsp; &nbsp;&nbsp;&nbsp;&nbsp;&nbsp;&nbsp;&nbsp;&nbsp;&nbsp;&nbsp;&nbsp;&nbsp;&nbsp;&nbsp;&nbsp;&nbsp;&nbsp;&nbsp;&nbsp;&nbsp;&nbsp;&nbsp;&nbsp;&nbsp;&nbsp;&nbsp;&nbsp;&nbsp;&nbsp;&nbsp;&nbsp;&nbsp;&nbsp;&nbsp;&nbsp;&nbsp;&nbsp;&nbsp;&nbsp;&nbsp;&nbsp;&nbsp;&nbsp;&nbsp;&nbsp;<\/p>\n\n\n\n<p><strong><u>Thalexweiler<\/u><\/strong><\/p>\n\n\n\n<p>B\u00e4ckerei Conrad, Schaumbergstr.<\/p>\n\n\n\n<p><\/p>\n\n\n\n<figure class=\"wp-block-gallery columns-1 is-cropped wp-block-gallery-1 is-layout-flex wp-block-gallery-is-layout-flex\"><ul class=\"blocks-gallery-grid\"><li class=\"blocks-gallery-item\"><figure><img data-recalc-dims=\"1\" decoding=\"async\" width=\"900\" height=\"600\" data-attachment-id=\"4952\" data-permalink=\"https:\/\/unser-aschbach.de\/staging2025\/2021\/12\/25\/abfuhrkalender-2022-fuer-aschbach\/dsc_1368\/\" data-orig-file=\"https:\/\/i0.wp.com\/unser-aschbach.de\/staging2025\/wp-content\/uploads\/2021\/12\/DSC_1368-scaled.jpg?fit=1200%2C800&amp;ssl=1\" data-orig-size=\"1200,800\" data-comments-opened=\"1\" data-image-meta=\"{&quot;aperture&quot;:&quot;3.5&quot;,&quot;credit&quot;:&quot;&quot;,&quot;camera&quot;:&quot;NIKON D3100&quot;,&quot;caption&quot;:&quot;&quot;,&quot;created_timestamp&quot;:&quot;1639045438&quot;,&quot;copyright&quot;:&quot;&quot;,&quot;focal_length&quot;:&quot;18&quot;,&quot;iso&quot;:&quot;400&quot;,&quot;shutter_speed&quot;:&quot;0.05&quot;,&quot;title&quot;:&quot;&quot;,&quot;orientation&quot;:&quot;1&quot;}\" data-image-title=\"DSC_1368\" data-image-description=\"\" data-image-caption=\"\" data-medium-file=\"https:\/\/i0.wp.com\/unser-aschbach.de\/staging2025\/wp-content\/uploads\/2021\/12\/DSC_1368-scaled.jpg?fit=300%2C200&amp;ssl=1\" data-large-file=\"https:\/\/i0.wp.com\/unser-aschbach.de\/staging2025\/wp-content\/uploads\/2021\/12\/DSC_1368-scaled.jpg?fit=900%2C600&amp;ssl=1\" src=\"https:\/\/i0.wp.com\/unser-aschbach.de\/staging2025\/wp-content\/uploads\/2021\/12\/DSC_1368.jpg?resize=900%2C600&#038;ssl=1\" alt=\"\" data-id=\"4952\" data-full-url=\"https:\/\/unser-aschbach.de\/staging2025\/wp-content\/uploads\/2021\/12\/DSC_1368-scaled.jpg\" data-link=\"https:\/\/unser-aschbach.de\/staging2025\/?attachment_id=4952\" class=\"wp-image-4952\" srcset=\"https:\/\/i0.wp.com\/unser-aschbach.de\/staging2025\/wp-content\/uploads\/2021\/12\/DSC_1368-scaled.jpg?resize=1024%2C683&amp;ssl=1 1024w, https:\/\/i0.wp.com\/unser-aschbach.de\/staging2025\/wp-content\/uploads\/2021\/12\/DSC_1368-scaled.jpg?resize=300%2C200&amp;ssl=1 300w, https:\/\/i0.wp.com\/unser-aschbach.de\/staging2025\/wp-content\/uploads\/2021\/12\/DSC_1368-scaled.jpg?resize=768%2C512&amp;ssl=1 768w, https:\/\/i0.wp.com\/unser-aschbach.de\/staging2025\/wp-content\/uploads\/2021\/12\/DSC_1368-scaled.jpg?resize=1536%2C1024&amp;ssl=1 1536w, https:\/\/i0.wp.com\/unser-aschbach.de\/staging2025\/wp-content\/uploads\/2021\/12\/DSC_1368-scaled.jpg?resize=2048%2C1365&amp;ssl=1 2048w, https:\/\/i0.wp.com\/unser-aschbach.de\/staging2025\/wp-content\/uploads\/2021\/12\/DSC_1368-scaled.jpg?w=1200&amp;ssl=1 1200w\" sizes=\"(max-width: 900px) 100vw, 900px\" \/><\/figure><\/li><\/ul><\/figure>\n\n\n\n<p>Autor: Josef Nickolai<\/p>\n<div class=\"shariff shariff-align-flex-start shariff-widget-align-flex-start\"><ul class=\"shariff-buttons theme-round orientation-horizontal buttonsize-medium\"><li class=\"shariff-button mailto shariff-nocustomcolor\" style=\"background-color:#a8a8a8\"><a href=\"mailto:?body=https%3A%2F%2Funser-aschbach.de%2Fstaging2025%2F2021%2F12%2F25%2Fabfuhrkalender-2022-fuer-aschbach%2F&subject=Abfuhrkalender%202022%20f%C3%BCr%20Aschbach\" title=\"Per E-Mail versenden\" aria-label=\"Per E-Mail versenden\" role=\"button\" rel=\"noopener nofollow\" class=\"shariff-link\" style=\"; background-color:#999; color:#fff\"><span class=\"shariff-icon\" style=\"\"><svg width=\"32px\" height=\"20px\" xmlns=\"http:\/\/www.w3.org\/2000\/svg\" viewBox=\"0 0 32 32\"><path fill=\"#999\" d=\"M32 12.7v14.2q0 1.2-0.8 2t-2 0.9h-26.3q-1.2 0-2-0.9t-0.8-2v-14.2q0.8 0.9 1.8 1.6 6.5 4.4 8.9 6.1 1 0.8 1.6 1.2t1.7 0.9 2 0.4h0.1q0.9 0 2-0.4t1.7-0.9 1.6-1.2q3-2.2 8.9-6.1 1-0.7 1.8-1.6zM32 7.4q0 1.4-0.9 2.7t-2.2 2.2q-6.7 4.7-8.4 5.8-0.2 0.1-0.7 0.5t-1 0.7-0.9 0.6-1.1 0.5-0.9 0.2h-0.1q-0.4 0-0.9-0.2t-1.1-0.5-0.9-0.6-1-0.7-0.7-0.5q-1.6-1.1-4.7-3.2t-3.6-2.6q-1.1-0.7-2.1-2t-1-2.5q0-1.4 0.7-2.3t2.1-0.9h26.3q1.2 0 2 0.8t0.9 2z\"\/><\/svg><\/span><\/a><\/li><li class=\"shariff-button facebook shariff-nocustomcolor\" style=\"background-color:#4273c8\"><a href=\"https:\/\/www.facebook.com\/sharer\/sharer.php?u=https%3A%2F%2Funser-aschbach.de%2Fstaging2025%2F2021%2F12%2F25%2Fabfuhrkalender-2022-fuer-aschbach%2F\" title=\"Bei Facebook teilen\" aria-label=\"Bei Facebook teilen\" role=\"button\" rel=\"nofollow\" class=\"shariff-link\" style=\"; background-color:#3b5998; color:#fff\" target=\"_blank\"><span class=\"shariff-icon\" style=\"\"><svg width=\"32px\" height=\"20px\" xmlns=\"http:\/\/www.w3.org\/2000\/svg\" viewBox=\"0 0 18 32\"><path fill=\"#3b5998\" d=\"M17.1 0.2v4.7h-2.8q-1.5 0-2.1 0.6t-0.5 1.9v3.4h5.2l-0.7 5.3h-4.5v13.6h-5.5v-13.6h-4.5v-5.3h4.5v-3.9q0-3.3 1.9-5.2t5-1.8q2.6 0 4.1 0.2z\"\/><\/svg><\/span><\/a><\/li><li class=\"shariff-button whatsapp shariff-nocustomcolor\" style=\"background-color:#5cbe4a\"><a href=\"https:\/\/api.whatsapp.com\/send?text=https%3A%2F%2Funser-aschbach.de%2Fstaging2025%2F2021%2F12%2F25%2Fabfuhrkalender-2022-fuer-aschbach%2F%20Abfuhrkalender%202022%20f%C3%BCr%20Aschbach\" title=\"Bei Whatsapp teilen\" aria-label=\"Bei Whatsapp teilen\" role=\"button\" rel=\"noopener nofollow\" class=\"shariff-link\" style=\"; background-color:#34af23; color:#fff\" target=\"_blank\"><span class=\"shariff-icon\" style=\"\"><svg width=\"32px\" height=\"20px\" xmlns=\"http:\/\/www.w3.org\/2000\/svg\" viewBox=\"0 0 32 32\"><path fill=\"#34af23\" d=\"M17.6 17.4q0.2 0 1.7 0.8t1.6 0.9q0 0.1 0 0.3 0 0.6-0.3 1.4-0.3 0.7-1.3 1.2t-1.8 0.5q-1 0-3.4-1.1-1.7-0.8-3-2.1t-2.6-3.3q-1.3-1.9-1.3-3.5v-0.1q0.1-1.6 1.3-2.8 0.4-0.4 0.9-0.4 0.1 0 0.3 0t0.3 0q0.3 0 0.5 0.1t0.3 0.5q0.1 0.4 0.6 1.6t0.4 1.3q0 0.4-0.6 1t-0.6 0.8q0 0.1 0.1 0.3 0.6 1.3 1.8 2.4 1 0.9 2.7 1.8 0.2 0.1 0.4 0.1 0.3 0 1-0.9t0.9-0.9zM14 26.9q2.3 0 4.3-0.9t3.6-2.4 2.4-3.6 0.9-4.3-0.9-4.3-2.4-3.6-3.6-2.4-4.3-0.9-4.3 0.9-3.6 2.4-2.4 3.6-0.9 4.3q0 3.6 2.1 6.6l-1.4 4.2 4.3-1.4q2.8 1.9 6.2 1.9zM14 2.2q2.7 0 5.2 1.1t4.3 2.9 2.9 4.3 1.1 5.2-1.1 5.2-2.9 4.3-4.3 2.9-5.2 1.1q-3.5 0-6.5-1.7l-7.4 2.4 2.4-7.2q-1.9-3.2-1.9-6.9 0-2.7 1.1-5.2t2.9-4.3 4.3-2.9 5.2-1.1z\"\/><\/svg><\/span><\/a><\/li><\/ul><\/div>","protected":false},"excerpt":{"rendered":"<p>Liebe Mitb\u00fcrgerinnen und Mitb\u00fcrger, unser Abfuhrkalender 2022 des LAZ(Lebacher AbfallZweckverband) liegt an folgenden Stellen&nbsp;&nbsp;&nbsp; f\u00fcr Sie bereit: Lebach Lebacher Abfallzweckverband, Dillinger Str. Rathaus Lebach Aschbach Tankstelle Hubert Sch\u00f6n Terminal levoBank, Koblenzer Str. Terminal Sparkasse Saarlouis, Koblenzer Str. Metzgerei J\u00fcrgen Bastuck, Koblenzer Str. Friseursalon Helmut Zimmer, Koblenzer Str.&nbsp;&nbsp; Ortsvorsteher Josef Nickolai &nbsp;&nbsp;&nbsp;&nbsp;&nbsp;&nbsp;&nbsp;&nbsp;&nbsp;&nbsp;&nbsp;&nbsp;&nbsp;&nbsp;&nbsp;&nbsp;&nbsp;&nbsp;&nbsp;&nbsp;&nbsp;&nbsp;&nbsp;&nbsp;&nbsp;&nbsp;&nbsp;&nbsp;&nbsp;&nbsp;&nbsp;&nbsp;&nbsp;&nbsp;&nbsp;&nbsp;&nbsp;&nbsp;&nbsp;&nbsp;&nbsp;&nbsp;&nbsp; &nbsp;&nbsp;&nbsp;&nbsp;&nbsp;&nbsp;&nbsp;&nbsp;&nbsp;&nbsp;&nbsp;&nbsp;&nbsp;&nbsp;&nbsp;&nbsp;&nbsp;&nbsp;&nbsp;&nbsp;&nbsp;&nbsp;&nbsp;&nbsp;&nbsp;&nbsp;&nbsp;&nbsp;&nbsp;&nbsp;&nbsp;&nbsp;&nbsp;&nbsp;&nbsp;&nbsp;&nbsp;&nbsp;&nbsp;&nbsp;&nbsp;&nbsp;&nbsp;&nbsp;&nbsp; Thalexweiler B\u00e4ckerei Conrad,&#8230;<\/p>\n<p> <a class=\"continue-reading-link\" href=\"https:\/\/unser-aschbach.de\/staging2025\/2021\/12\/25\/abfuhrkalender-2022-fuer-aschbach\/\"><span>weiterlesen<\/span><i class=\"crycon-right-dir\"><\/i><\/a> <\/p>\n","protected":false},"author":1,"featured_media":4952,"comment_status":"open","ping_status":"open","sticky":false,"template":"","format":"standard","meta":{"jetpack_post_was_ever_published":false,"_jetpack_newsletter_access":"","_jetpack_dont_email_post_to_subs":false,"_jetpack_newsletter_tier_id":0,"_jetpack_memberships_contains_paywalled_content":false,"_jetpack_memberships_contains_paid_content":false,"footnotes":"","jetpack_publicize_message":"","jetpack_publicize_feature_enabled":true,"jetpack_social_post_already_shared":true,"jetpack_social_options":{"image_generator_settings":{"template":"highway","default_image_id":0,"font":"","enabled":false},"version":2}},"categories":[6],"tags":[],"class_list":["post-4951","post","type-post","status-publish","format-standard","has-post-thumbnail","hentry","category-ortsvorsteher"],"jetpack_publicize_connections":[],"jetpack_featured_media_url":"https:\/\/i0.wp.com\/unser-aschbach.de\/staging2025\/wp-content\/uploads\/2021\/12\/DSC_1368-scaled.jpg?fit=1200%2C800&ssl=1","jetpack_shortlink":"https:\/\/wp.me\/pggZrZ-1hR","jetpack-related-posts":[{"id":4963,"url":"https:\/\/unser-aschbach.de\/staging2025\/2022\/01\/14\/land-unter-freiwillige-feuerwehr-und-drk-aschbach-und-bauhof-lebach-helfen\/","url_meta":{"origin":4951,"position":0},"title":"Land unter &#8211; Freiwillige Feuerwehr und DRK Aschbach und Bauhof Lebach helfen","author":"Someone","date":"14. Januar 2022","format":false,"excerpt":"Land unter, hie\u00df es am Dienstag, 04.Jan.22 in weiten Teilen unserer Stadt. Auch in Aschbach waren unsere Freiwillige Feuerwehr und der Bauhof der Stadt Lebach den ganzen Tag \u00fcber zu Gange, um Hab und Gut, vor allem in der Koblenzer Str. (Anlieger) und auf dem Marktplatz (KITA, Garage-Obst- und Gartenbauverein))\u2026","rel":"","context":"In &quot;Aktionen&quot;","block_context":{"text":"Aktionen","link":"https:\/\/unser-aschbach.de\/staging2025\/category\/der-ort\/aktionen\/"},"img":{"alt_text":"","src":"https:\/\/i0.wp.com\/unser-aschbach.de\/staging2025\/wp-content\/uploads\/2022\/01\/DSC_1453-scaled.jpg?fit=1200%2C800&ssl=1&resize=350%2C200","width":350,"height":200,"srcset":"https:\/\/i0.wp.com\/unser-aschbach.de\/staging2025\/wp-content\/uploads\/2022\/01\/DSC_1453-scaled.jpg?fit=1200%2C800&ssl=1&resize=350%2C200 1x, https:\/\/i0.wp.com\/unser-aschbach.de\/staging2025\/wp-content\/uploads\/2022\/01\/DSC_1453-scaled.jpg?fit=1200%2C800&ssl=1&resize=525%2C300 1.5x, https:\/\/i0.wp.com\/unser-aschbach.de\/staging2025\/wp-content\/uploads\/2022\/01\/DSC_1453-scaled.jpg?fit=1200%2C800&ssl=1&resize=700%2C400 2x, https:\/\/i0.wp.com\/unser-aschbach.de\/staging2025\/wp-content\/uploads\/2022\/01\/DSC_1453-scaled.jpg?fit=1200%2C800&ssl=1&resize=1050%2C600 3x"},"classes":[]},{"id":4672,"url":"https:\/\/unser-aschbach.de\/staging2025\/2021\/02\/15\/unser-ortsvorsteher-informiert-erneuerung-regenueberlaufbauwerk\/","url_meta":{"origin":4951,"position":1},"title":"Unser Ortsvorsteher informiert &#8211; Erneuerung Regen\u00fcberlaufbauwerk","author":"Someone","date":"15. Februar 2021","format":false,"excerpt":"Saarbr\u00fccken, 2. Februar 2021 Entsorgungsverband Saar: Erneuerung eines Regen\u00fcberlaufbauwerkes im Lebacher Stadtteil Aschbach ab Februar 2021. Im Februar 2021 beginnt der Entsorgungsverband Saar mit der Erneuerung eines Regen\u00fcberlaufbauwerks im Lebacher Stadtteil Aschbach. Das Regen\u00fcberlaufbauwerk befindet sich im Wiesengel\u00e4nde zwischen der Koblenzer Stra\u00dfe (B269) in H\u00f6he Hausnummer 44 und der Theel.\u2026","rel":"","context":"In &quot;Der Ort&quot;","block_context":{"text":"Der Ort","link":"https:\/\/unser-aschbach.de\/staging2025\/category\/der-ort\/"},"img":{"alt_text":"","src":"https:\/\/i0.wp.com\/unser-aschbach.de\/staging2025\/wp-content\/uploads\/2021\/02\/DSC_1175.jpg?fit=1200%2C800&ssl=1&resize=350%2C200","width":350,"height":200,"srcset":"https:\/\/i0.wp.com\/unser-aschbach.de\/staging2025\/wp-content\/uploads\/2021\/02\/DSC_1175.jpg?fit=1200%2C800&ssl=1&resize=350%2C200 1x, https:\/\/i0.wp.com\/unser-aschbach.de\/staging2025\/wp-content\/uploads\/2021\/02\/DSC_1175.jpg?fit=1200%2C800&ssl=1&resize=525%2C300 1.5x, https:\/\/i0.wp.com\/unser-aschbach.de\/staging2025\/wp-content\/uploads\/2021\/02\/DSC_1175.jpg?fit=1200%2C800&ssl=1&resize=700%2C400 2x, https:\/\/i0.wp.com\/unser-aschbach.de\/staging2025\/wp-content\/uploads\/2021\/02\/DSC_1175.jpg?fit=1200%2C800&ssl=1&resize=1050%2C600 3x"},"classes":[]},{"id":4804,"url":"https:\/\/unser-aschbach.de\/staging2025\/2021\/08\/06\/unser-ortsvorsteher-informiert-loeschbezirke-lbz-aschbach-und-lebach-und-drk-rettungswache-gemeinsame-uebung-mit-drehleiter-und-krankenwagen\/","url_meta":{"origin":4951,"position":2},"title":"Unser Ortsvorsteher informiert -L\u00f6schbezirke (Lbz) Aschbach und Lebach und DRK Rettungswache &#8211; Gemeinsame \u00dcbung mit Drehleiter und Krankenwagen","author":"Someone","date":"6. August 2021","format":false,"excerpt":"Nachdem im Verlaufe der letzten beiden Jahre mehrmals Mitb\u00fcrgerinnen\/Mitb\u00fcrger in Aschbach mit Hilfe der Drehleiter des Lbz\u00b4s Lebach aus lebensbedrohlichen Situationen gerettet wurden, fand am Samstag, 31.07.2021 zu dieser Einsatzart eine entsprechende \u00dcbung unserer Feuerwehr statt. Unter der Planung von Feuerwehrmann Yannik KREMP \u00a0wurde das Zusammenwirken zwischen dem Lbz Aschbach(Leitung:Yannick\u2026","rel":"","context":"In &quot;Aktionen&quot;","block_context":{"text":"Aktionen","link":"https:\/\/unser-aschbach.de\/staging2025\/category\/der-ort\/aktionen\/"},"img":{"alt_text":"","src":"https:\/\/i0.wp.com\/unser-aschbach.de\/staging2025\/wp-content\/uploads\/2021\/08\/DSC_0614-scaled.jpg?fit=1200%2C800&ssl=1&resize=350%2C200","width":350,"height":200,"srcset":"https:\/\/i0.wp.com\/unser-aschbach.de\/staging2025\/wp-content\/uploads\/2021\/08\/DSC_0614-scaled.jpg?fit=1200%2C800&ssl=1&resize=350%2C200 1x, https:\/\/i0.wp.com\/unser-aschbach.de\/staging2025\/wp-content\/uploads\/2021\/08\/DSC_0614-scaled.jpg?fit=1200%2C800&ssl=1&resize=525%2C300 1.5x, https:\/\/i0.wp.com\/unser-aschbach.de\/staging2025\/wp-content\/uploads\/2021\/08\/DSC_0614-scaled.jpg?fit=1200%2C800&ssl=1&resize=700%2C400 2x, https:\/\/i0.wp.com\/unser-aschbach.de\/staging2025\/wp-content\/uploads\/2021\/08\/DSC_0614-scaled.jpg?fit=1200%2C800&ssl=1&resize=1050%2C600 3x"},"classes":[]},{"id":4667,"url":"https:\/\/unser-aschbach.de\/staging2025\/2021\/02\/15\/unser-ortsvorsteher-informiert-erneuerung-des-abwasserkanals\/","url_meta":{"origin":4951,"position":3},"title":"Unser Ortsvorsteher informiert &#8211; Erneuerung des Abwasserkanals","author":"Someone","date":"15. Februar 2021","format":false,"excerpt":"INFO \u00a0\u00a0\u00a0\u00a0\u00a0\u00a0\u00a0Erneuerung Abwasserkanal im Bereich Kindergarten Aschbach bis Flurstr.\u00a0\u00a0\u00a0\u00a0\u00a0\u00a0\u00a0\u00a0\u00a0\u00a0\u00a0\u00a0\u00a0\u00a0\u00a0\u00a0\u00a0\u00a0\u00a0\u00a0\u00a0\u00a0\u00a0\u00a0\u00a0\u00a0\u00a0\u00a0\u00a0\u00a0\u00a0\u00a0\u00a0\u00a0 \u00a0Sehr geehrte Mitb\u00fcrgerInnen, \u00a0die Bauarbeiten zur Erneuerung des Abwasserkanals in der Flurstra\u00dfe sind beim Kindergarten begonnen worden und werden sich in Richtung Flurstra\u00dfe Hausnummer 3\u00a0 fortsetzen. Die Verkehrsregelung bei den Arbeiten ist mit der Ortspolizei Lebach abgestimmt und wird dem jeweiligen\u2026","rel":"","context":"In &quot;Der Ort&quot;","block_context":{"text":"Der Ort","link":"https:\/\/unser-aschbach.de\/staging2025\/category\/der-ort\/"},"img":{"alt_text":"","src":"https:\/\/i0.wp.com\/unser-aschbach.de\/staging2025\/wp-content\/uploads\/2021\/02\/DSC_1190.jpg?fit=1200%2C800&ssl=1&resize=350%2C200","width":350,"height":200,"srcset":"https:\/\/i0.wp.com\/unser-aschbach.de\/staging2025\/wp-content\/uploads\/2021\/02\/DSC_1190.jpg?fit=1200%2C800&ssl=1&resize=350%2C200 1x, https:\/\/i0.wp.com\/unser-aschbach.de\/staging2025\/wp-content\/uploads\/2021\/02\/DSC_1190.jpg?fit=1200%2C800&ssl=1&resize=525%2C300 1.5x, https:\/\/i0.wp.com\/unser-aschbach.de\/staging2025\/wp-content\/uploads\/2021\/02\/DSC_1190.jpg?fit=1200%2C800&ssl=1&resize=700%2C400 2x, https:\/\/i0.wp.com\/unser-aschbach.de\/staging2025\/wp-content\/uploads\/2021\/02\/DSC_1190.jpg?fit=1200%2C800&ssl=1&resize=1050%2C600 3x"},"classes":[]},{"id":4888,"url":"https:\/\/unser-aschbach.de\/staging2025\/2021\/10\/21\/freiwillige-feuerwehr-lebach-loeschbezirk-aschbach-jahresabschlussuebung-2021\/","url_meta":{"origin":4951,"position":4},"title":"Freiwillige Feuerwehr Lebach-L\u00f6schbezirk ASCHBACH-JAHRESABSCHLUSS\u00dcBUNG 2021","author":"Someone","date":"21. Oktober 2021","format":false,"excerpt":"Viele Aschbacher Mitb\u00fcrgerinnen und Mitb\u00fcrger fanden am Samstag, 16.10.2021 den Weg zum Dorfgemeinschaftshaus und besuchten die diesj\u00e4hrige Jahresabschluss\u00fcbung unserer Freiwilligen Feuerwehr. Auf dem ehemaligen Schulhof fand zun\u00e4chst die eindrucksvolle Demonstration eines Friteusebrandes \u201egel\u00f6scht\u201c mit Wasser statt. Dabei war aus sicherer Zuschauerentfernung die verheerende Wirkung des Wassers auf brennendes \u00d6l zu\u2026","rel":"","context":"In &quot;Aktionen&quot;","block_context":{"text":"Aktionen","link":"https:\/\/unser-aschbach.de\/staging2025\/category\/der-ort\/aktionen\/"},"img":{"alt_text":"","src":"https:\/\/i0.wp.com\/unser-aschbach.de\/staging2025\/wp-content\/uploads\/2021\/10\/DSC_1175-scaled.jpg?fit=1200%2C800&ssl=1&resize=350%2C200","width":350,"height":200,"srcset":"https:\/\/i0.wp.com\/unser-aschbach.de\/staging2025\/wp-content\/uploads\/2021\/10\/DSC_1175-scaled.jpg?fit=1200%2C800&ssl=1&resize=350%2C200 1x, https:\/\/i0.wp.com\/unser-aschbach.de\/staging2025\/wp-content\/uploads\/2021\/10\/DSC_1175-scaled.jpg?fit=1200%2C800&ssl=1&resize=525%2C300 1.5x, https:\/\/i0.wp.com\/unser-aschbach.de\/staging2025\/wp-content\/uploads\/2021\/10\/DSC_1175-scaled.jpg?fit=1200%2C800&ssl=1&resize=700%2C400 2x, https:\/\/i0.wp.com\/unser-aschbach.de\/staging2025\/wp-content\/uploads\/2021\/10\/DSC_1175-scaled.jpg?fit=1200%2C800&ssl=1&resize=1050%2C600 3x"},"classes":[]}],"jetpack_sharing_enabled":true,"_links":{"self":[{"href":"https:\/\/unser-aschbach.de\/staging2025\/wp-json\/wp\/v2\/posts\/4951","targetHints":{"allow":["GET"]}}],"collection":[{"href":"https:\/\/unser-aschbach.de\/staging2025\/wp-json\/wp\/v2\/posts"}],"about":[{"href":"https:\/\/unser-aschbach.de\/staging2025\/wp-json\/wp\/v2\/types\/post"}],"author":[{"embeddable":true,"href":"https:\/\/unser-aschbach.de\/staging2025\/wp-json\/wp\/v2\/users\/1"}],"replies":[{"embeddable":true,"href":"https:\/\/unser-aschbach.de\/staging2025\/wp-json\/wp\/v2\/comments?post=4951"}],"version-history":[{"count":2,"href":"https:\/\/unser-aschbach.de\/staging2025\/wp-json\/wp\/v2\/posts\/4951\/revisions"}],"predecessor-version":[{"id":4957,"href":"https:\/\/unser-aschbach.de\/staging2025\/wp-json\/wp\/v2\/posts\/4951\/revisions\/4957"}],"wp:featuredmedia":[{"embeddable":true,"href":"https:\/\/unser-aschbach.de\/staging2025\/wp-json\/wp\/v2\/media\/4952"}],"wp:attachment":[{"href":"https:\/\/unser-aschbach.de\/staging2025\/wp-json\/wp\/v2\/media?parent=4951"}],"wp:term":[{"taxonomy":"category","embeddable":true,"href":"https:\/\/unser-aschbach.de\/staging2025\/wp-json\/wp\/v2\/categories?post=4951"},{"taxonomy":"post_tag","embeddable":true,"href":"https:\/\/unser-aschbach.de\/staging2025\/wp-json\/wp\/v2\/tags?post=4951"}],"curies":[{"name":"wp","href":"https:\/\/api.w.org\/{rel}","templated":true}]}}