{"id":4922,"date":"2021-12-01T14:03:26","date_gmt":"2021-12-01T13:03:26","guid":{"rendered":"https:\/\/unser-aschbach.de\/staging2025\/?p=4922"},"modified":"2021-12-01T14:05:35","modified_gmt":"2021-12-01T13:05:35","slug":"weihnachtshaus-aschbach-kinder-staunen-und-traeumen","status":"publish","type":"post","link":"https:\/\/unser-aschbach.de\/staging2025\/2021\/12\/01\/weihnachtshaus-aschbach-kinder-staunen-und-traeumen\/","title":{"rendered":"Weihnachtshaus Aschbach &#8211; Kinder staunen und tr\u00e4umen"},"content":{"rendered":"\n<p class=\"has-drop-cap has-vivid-red-background-color has-background\">Ganz bunt und vielf\u00e4ltig erstrahlt dieses Jahr wieder das Weihnachtshaus Aschbach in der Stra\u00dfe <strong>\u201eAm M\u00fchlenberg\u201c<\/strong>. Noch pr\u00e4chtiger und beeindruckender als letztes Jahr haben <strong>Sandra-Anna und Michael Stark<\/strong> ihr Haus kreativ illuminiert und das nicht nur zur Freude ihrer Kinder, sondern auch zur Freude der gro\u00dfen und kleinen interessierten Weihnachtsfans. Vor allen in den D\u00e4mmer- und Abendstunden von <strong>17-22 Uhr<\/strong>&nbsp; zeigen die \u201eKleinen\u201c den \u201eGro\u00dfen\u201c mit staunenden Kinderaugen die vielen leuchtenden, bunten Figuren. <\/p>\n\n\n\n<p>F\u00fcr viele Kinder ist es infolge der fehlenden Weihnachtsm\u00e4rkte eine willkommene Abwechslung mit Eltern oder Gro\u00dfeltern hier weihnachtliche Atmosph\u00e4re jetzt im <strong>ADVENT<\/strong> zu erleben. P\u00fcnktlich samstags vor dem 1. Advent leuchtete das Ehepaar unter Beachtung und Kontrolle der Hygienebedingungen ihr Weihnachtshaus f\u00fcr die \u00d6ffentlichkeit an. Ihre Ideen entwickeln die Beiden das ganze Jahr \u00fcber ; dabei wird nicht nur die <strong>Weihnachtsgeschichte<\/strong> dargestellt, sondern die gesamte <strong>winterliche,<\/strong> <strong>weihnachtliche Atmosph\u00e4re <\/strong>u.a. winkt der Weihnachtsmann aus dem Fenster und trinkt zum Erstaunen der Kinder ein Glas Milch zum Geb\u00e4ck. Selbst in der Garage, wo sonst ein Auto steht, hat jetzt der gro\u00dfe, geschwungene Schlitten, der <strong>\u201eKnut\u201c,<\/strong> des Weihnachtsmannes seinen Platz gefunden; in vielen Stunden hat Michael Stark \u00fcber Monate das originale Gestell wieder aufgebaut und sogar mit einer Sitzheizung f\u00fcr den Weihnachtsmann versehen.<\/p>\n\n\n\n<!--more-->\n\n\n\n<p>Das Material f\u00fcr die Illumination des Wohnhauses beziehen Sandra-Anna und Michael Stark bundesweit im Handel oder im Austausch mit anderen Weihnachtshausbesitzern,&nbsp; u.a. aber auch aus Amerika und \u00d6sterreich.<\/p>\n\n\n\n<p>Der Erl\u00f6s des Projektes spendet das Ehepaar der Aktion <strong>\u201eSternenregen\u201c<\/strong> von Radio Salue.&nbsp;&nbsp;&nbsp;&nbsp;&nbsp;&nbsp;&nbsp;&nbsp;&nbsp;&nbsp; Ein Besuch mit Kindern wird viel Freude und Staunen bei \u201eGro\u00df\u201c und \u201eKlein\u201c ausl\u00f6sen!<\/p>\n\n\n\n<p>Unseren \u201eStarken\u201c, kreativen \u201eSantAs\u201c ein herzliches Danke Sch\u00f6n f\u00fcr ihr Engagement besonders in dieser pandemischen Advents- und Weihnachtszeit<\/p>\n\n\n\n<p>(Autor: Josef Nickolay)<\/p>\n\n\n\n<p><\/p>\n\n\n\n<figure class=\"wp-block-gallery columns-2 is-cropped wp-block-gallery-1 is-layout-flex wp-block-gallery-is-layout-flex\"><ul class=\"blocks-gallery-grid\"><li class=\"blocks-gallery-item\"><figure><img data-recalc-dims=\"1\" decoding=\"async\" width=\"900\" height=\"600\" data-attachment-id=\"4924\" data-permalink=\"https:\/\/unser-aschbach.de\/staging2025\/2021\/12\/01\/weihnachtshaus-aschbach-kinder-staunen-und-traeumen\/dsc_1390\/\" data-orig-file=\"https:\/\/i0.wp.com\/unser-aschbach.de\/staging2025\/wp-content\/uploads\/2021\/12\/DSC_1390-scaled.jpg?fit=1200%2C800&amp;ssl=1\" data-orig-size=\"1200,800\" data-comments-opened=\"1\" data-image-meta=\"{&quot;aperture&quot;:&quot;4.2&quot;,&quot;credit&quot;:&quot;&quot;,&quot;camera&quot;:&quot;NIKON D3100&quot;,&quot;caption&quot;:&quot;&quot;,&quot;created_timestamp&quot;:&quot;1638211232&quot;,&quot;copyright&quot;:&quot;&quot;,&quot;focal_length&quot;:&quot;28&quot;,&quot;iso&quot;:&quot;3200&quot;,&quot;shutter_speed&quot;:&quot;0.0166666666667&quot;,&quot;title&quot;:&quot;&quot;,&quot;orientation&quot;:&quot;1&quot;}\" data-image-title=\"DSC_1390\" data-image-description=\"\" data-image-caption=\"\" data-medium-file=\"https:\/\/i0.wp.com\/unser-aschbach.de\/staging2025\/wp-content\/uploads\/2021\/12\/DSC_1390-scaled.jpg?fit=300%2C200&amp;ssl=1\" data-large-file=\"https:\/\/i0.wp.com\/unser-aschbach.de\/staging2025\/wp-content\/uploads\/2021\/12\/DSC_1390-scaled.jpg?fit=900%2C600&amp;ssl=1\" src=\"https:\/\/i0.wp.com\/unser-aschbach.de\/staging2025\/wp-content\/uploads\/2021\/12\/DSC_1390.jpg?resize=900%2C600&#038;ssl=1\" alt=\"\" data-id=\"4924\" data-full-url=\"https:\/\/unser-aschbach.de\/staging2025\/wp-content\/uploads\/2021\/12\/DSC_1390-scaled.jpg\" data-link=\"https:\/\/unser-aschbach.de\/staging2025\/?attachment_id=4924\" class=\"wp-image-4924\" srcset=\"https:\/\/i0.wp.com\/unser-aschbach.de\/staging2025\/wp-content\/uploads\/2021\/12\/DSC_1390-scaled.jpg?resize=1024%2C683&amp;ssl=1 1024w, https:\/\/i0.wp.com\/unser-aschbach.de\/staging2025\/wp-content\/uploads\/2021\/12\/DSC_1390-scaled.jpg?resize=300%2C200&amp;ssl=1 300w, https:\/\/i0.wp.com\/unser-aschbach.de\/staging2025\/wp-content\/uploads\/2021\/12\/DSC_1390-scaled.jpg?resize=768%2C512&amp;ssl=1 768w, https:\/\/i0.wp.com\/unser-aschbach.de\/staging2025\/wp-content\/uploads\/2021\/12\/DSC_1390-scaled.jpg?resize=1536%2C1024&amp;ssl=1 1536w, https:\/\/i0.wp.com\/unser-aschbach.de\/staging2025\/wp-content\/uploads\/2021\/12\/DSC_1390-scaled.jpg?resize=2048%2C1365&amp;ssl=1 2048w, https:\/\/i0.wp.com\/unser-aschbach.de\/staging2025\/wp-content\/uploads\/2021\/12\/DSC_1390-scaled.jpg?w=1200&amp;ssl=1 1200w\" sizes=\"(max-width: 900px) 100vw, 900px\" \/><\/figure><\/li><li class=\"blocks-gallery-item\"><figure><img data-recalc-dims=\"1\" decoding=\"async\" width=\"900\" height=\"600\" data-attachment-id=\"4923\" data-permalink=\"https:\/\/unser-aschbach.de\/staging2025\/2021\/12\/01\/weihnachtshaus-aschbach-kinder-staunen-und-traeumen\/dsc_1348\/\" data-orig-file=\"https:\/\/i0.wp.com\/unser-aschbach.de\/staging2025\/wp-content\/uploads\/2021\/12\/DSC_1348-scaled.jpg?fit=1200%2C800&amp;ssl=1\" data-orig-size=\"1200,800\" data-comments-opened=\"1\" data-image-meta=\"{&quot;aperture&quot;:&quot;3.5&quot;,&quot;credit&quot;:&quot;&quot;,&quot;camera&quot;:&quot;NIKON D3100&quot;,&quot;caption&quot;:&quot;&quot;,&quot;created_timestamp&quot;:&quot;1638216387&quot;,&quot;copyright&quot;:&quot;&quot;,&quot;focal_length&quot;:&quot;18&quot;,&quot;iso&quot;:&quot;2200&quot;,&quot;shutter_speed&quot;:&quot;0.0666666666667&quot;,&quot;title&quot;:&quot;&quot;,&quot;orientation&quot;:&quot;1&quot;}\" data-image-title=\"DSC_1348\" data-image-description=\"\" data-image-caption=\"\" data-medium-file=\"https:\/\/i0.wp.com\/unser-aschbach.de\/staging2025\/wp-content\/uploads\/2021\/12\/DSC_1348-scaled.jpg?fit=300%2C200&amp;ssl=1\" data-large-file=\"https:\/\/i0.wp.com\/unser-aschbach.de\/staging2025\/wp-content\/uploads\/2021\/12\/DSC_1348-scaled.jpg?fit=900%2C600&amp;ssl=1\" src=\"https:\/\/i0.wp.com\/unser-aschbach.de\/staging2025\/wp-content\/uploads\/2021\/12\/DSC_1348.jpg?resize=900%2C600&#038;ssl=1\" alt=\"\" data-id=\"4923\" data-full-url=\"https:\/\/unser-aschbach.de\/staging2025\/wp-content\/uploads\/2021\/12\/DSC_1348-scaled.jpg\" data-link=\"https:\/\/unser-aschbach.de\/staging2025\/?attachment_id=4923\" class=\"wp-image-4923\" srcset=\"https:\/\/i0.wp.com\/unser-aschbach.de\/staging2025\/wp-content\/uploads\/2021\/12\/DSC_1348-scaled.jpg?resize=1024%2C683&amp;ssl=1 1024w, https:\/\/i0.wp.com\/unser-aschbach.de\/staging2025\/wp-content\/uploads\/2021\/12\/DSC_1348-scaled.jpg?resize=300%2C200&amp;ssl=1 300w, https:\/\/i0.wp.com\/unser-aschbach.de\/staging2025\/wp-content\/uploads\/2021\/12\/DSC_1348-scaled.jpg?resize=768%2C512&amp;ssl=1 768w, https:\/\/i0.wp.com\/unser-aschbach.de\/staging2025\/wp-content\/uploads\/2021\/12\/DSC_1348-scaled.jpg?resize=1536%2C1024&amp;ssl=1 1536w, https:\/\/i0.wp.com\/unser-aschbach.de\/staging2025\/wp-content\/uploads\/2021\/12\/DSC_1348-scaled.jpg?resize=2048%2C1365&amp;ssl=1 2048w, https:\/\/i0.wp.com\/unser-aschbach.de\/staging2025\/wp-content\/uploads\/2021\/12\/DSC_1348-scaled.jpg?w=1200&amp;ssl=1 1200w\" sizes=\"(max-width: 900px) 100vw, 900px\" \/><\/figure><\/li><\/ul><\/figure>\n<div class=\"shariff shariff-align-flex-start shariff-widget-align-flex-start\"><ul class=\"shariff-buttons theme-round orientation-horizontal buttonsize-medium\"><li class=\"shariff-button mailto shariff-nocustomcolor\" style=\"background-color:#a8a8a8\"><a href=\"mailto:?body=https%3A%2F%2Funser-aschbach.de%2Fstaging2025%2F2021%2F12%2F01%2Fweihnachtshaus-aschbach-kinder-staunen-und-traeumen%2F&subject=Weihnachtshaus%20Aschbach%20%E2%80%93%20Kinder%20staunen%20und%20tr%C3%A4umen\" title=\"Per E-Mail versenden\" aria-label=\"Per E-Mail versenden\" role=\"button\" rel=\"noopener nofollow\" class=\"shariff-link\" style=\"; background-color:#999; color:#fff\"><span class=\"shariff-icon\" style=\"\"><svg width=\"32px\" height=\"20px\" xmlns=\"http:\/\/www.w3.org\/2000\/svg\" viewBox=\"0 0 32 32\"><path fill=\"#999\" d=\"M32 12.7v14.2q0 1.2-0.8 2t-2 0.9h-26.3q-1.2 0-2-0.9t-0.8-2v-14.2q0.8 0.9 1.8 1.6 6.5 4.4 8.9 6.1 1 0.8 1.6 1.2t1.7 0.9 2 0.4h0.1q0.9 0 2-0.4t1.7-0.9 1.6-1.2q3-2.2 8.9-6.1 1-0.7 1.8-1.6zM32 7.4q0 1.4-0.9 2.7t-2.2 2.2q-6.7 4.7-8.4 5.8-0.2 0.1-0.7 0.5t-1 0.7-0.9 0.6-1.1 0.5-0.9 0.2h-0.1q-0.4 0-0.9-0.2t-1.1-0.5-0.9-0.6-1-0.7-0.7-0.5q-1.6-1.1-4.7-3.2t-3.6-2.6q-1.1-0.7-2.1-2t-1-2.5q0-1.4 0.7-2.3t2.1-0.9h26.3q1.2 0 2 0.8t0.9 2z\"\/><\/svg><\/span><\/a><\/li><li class=\"shariff-button facebook shariff-nocustomcolor\" style=\"background-color:#4273c8\"><a href=\"https:\/\/www.facebook.com\/sharer\/sharer.php?u=https%3A%2F%2Funser-aschbach.de%2Fstaging2025%2F2021%2F12%2F01%2Fweihnachtshaus-aschbach-kinder-staunen-und-traeumen%2F\" title=\"Bei Facebook teilen\" aria-label=\"Bei Facebook teilen\" role=\"button\" rel=\"nofollow\" class=\"shariff-link\" style=\"; background-color:#3b5998; color:#fff\" target=\"_blank\"><span class=\"shariff-icon\" style=\"\"><svg width=\"32px\" height=\"20px\" xmlns=\"http:\/\/www.w3.org\/2000\/svg\" viewBox=\"0 0 18 32\"><path fill=\"#3b5998\" d=\"M17.1 0.2v4.7h-2.8q-1.5 0-2.1 0.6t-0.5 1.9v3.4h5.2l-0.7 5.3h-4.5v13.6h-5.5v-13.6h-4.5v-5.3h4.5v-3.9q0-3.3 1.9-5.2t5-1.8q2.6 0 4.1 0.2z\"\/><\/svg><\/span><\/a><\/li><li class=\"shariff-button whatsapp shariff-nocustomcolor\" style=\"background-color:#5cbe4a\"><a href=\"https:\/\/api.whatsapp.com\/send?text=https%3A%2F%2Funser-aschbach.de%2Fstaging2025%2F2021%2F12%2F01%2Fweihnachtshaus-aschbach-kinder-staunen-und-traeumen%2F%20Weihnachtshaus%20Aschbach%20%E2%80%93%20Kinder%20staunen%20und%20tr%C3%A4umen\" title=\"Bei Whatsapp teilen\" aria-label=\"Bei Whatsapp teilen\" role=\"button\" rel=\"noopener nofollow\" class=\"shariff-link\" style=\"; background-color:#34af23; color:#fff\" target=\"_blank\"><span class=\"shariff-icon\" style=\"\"><svg width=\"32px\" height=\"20px\" xmlns=\"http:\/\/www.w3.org\/2000\/svg\" viewBox=\"0 0 32 32\"><path fill=\"#34af23\" d=\"M17.6 17.4q0.2 0 1.7 0.8t1.6 0.9q0 0.1 0 0.3 0 0.6-0.3 1.4-0.3 0.7-1.3 1.2t-1.8 0.5q-1 0-3.4-1.1-1.7-0.8-3-2.1t-2.6-3.3q-1.3-1.9-1.3-3.5v-0.1q0.1-1.6 1.3-2.8 0.4-0.4 0.9-0.4 0.1 0 0.3 0t0.3 0q0.3 0 0.5 0.1t0.3 0.5q0.1 0.4 0.6 1.6t0.4 1.3q0 0.4-0.6 1t-0.6 0.8q0 0.1 0.1 0.3 0.6 1.3 1.8 2.4 1 0.9 2.7 1.8 0.2 0.1 0.4 0.1 0.3 0 1-0.9t0.9-0.9zM14 26.9q2.3 0 4.3-0.9t3.6-2.4 2.4-3.6 0.9-4.3-0.9-4.3-2.4-3.6-3.6-2.4-4.3-0.9-4.3 0.9-3.6 2.4-2.4 3.6-0.9 4.3q0 3.6 2.1 6.6l-1.4 4.2 4.3-1.4q2.8 1.9 6.2 1.9zM14 2.2q2.7 0 5.2 1.1t4.3 2.9 2.9 4.3 1.1 5.2-1.1 5.2-2.9 4.3-4.3 2.9-5.2 1.1q-3.5 0-6.5-1.7l-7.4 2.4 2.4-7.2q-1.9-3.2-1.9-6.9 0-2.7 1.1-5.2t2.9-4.3 4.3-2.9 5.2-1.1z\"\/><\/svg><\/span><\/a><\/li><\/ul><\/div>","protected":false},"excerpt":{"rendered":"<p>Ganz bunt und vielf\u00e4ltig erstrahlt dieses Jahr wieder das Weihnachtshaus Aschbach in der Stra\u00dfe \u201eAm M\u00fchlenberg\u201c. Noch pr\u00e4chtiger und beeindruckender als letztes Jahr haben Sandra-Anna und Michael Stark ihr Haus kreativ illuminiert und das nicht nur zur Freude ihrer Kinder, sondern auch zur Freude der gro\u00dfen und kleinen interessierten Weihnachtsfans. Vor allen in den D\u00e4mmer-&#8230;<\/p>\n<p> <a class=\"continue-reading-link\" href=\"https:\/\/unser-aschbach.de\/staging2025\/2021\/12\/01\/weihnachtshaus-aschbach-kinder-staunen-und-traeumen\/\"><span>weiterlesen<\/span><i class=\"crycon-right-dir\"><\/i><\/a> <\/p>\n","protected":false},"author":1,"featured_media":4924,"comment_status":"open","ping_status":"open","sticky":false,"template":"","format":"standard","meta":{"jetpack_post_was_ever_published":false,"_jetpack_newsletter_access":"","_jetpack_dont_email_post_to_subs":false,"_jetpack_newsletter_tier_id":0,"_jetpack_memberships_contains_paywalled_content":false,"_jetpack_memberships_contains_paid_content":false,"footnotes":"","jetpack_publicize_message":"","jetpack_publicize_feature_enabled":true,"jetpack_social_post_already_shared":true,"jetpack_social_options":{"image_generator_settings":{"template":"highway","default_image_id":0,"font":"","enabled":false},"version":2}},"categories":[15],"tags":[],"class_list":["post-4922","post","type-post","status-publish","format-standard","has-post-thumbnail","hentry","category-aktionen"],"jetpack_publicize_connections":[],"jetpack_featured_media_url":"https:\/\/i0.wp.com\/unser-aschbach.de\/staging2025\/wp-content\/uploads\/2021\/12\/DSC_1390-scaled.jpg?fit=1200%2C800&ssl=1","jetpack_shortlink":"https:\/\/wp.me\/pggZrZ-1ho","jetpack-related-posts":[{"id":5163,"url":"https:\/\/unser-aschbach.de\/staging2025\/2022\/12\/07\/weihnachtshaus-aschbach\/","url_meta":{"origin":4922,"position":0},"title":"Weihnachtshaus Aschbach","author":"Someone","date":"7. Dezember 2022","format":false,"excerpt":"Autor: Josef Nickolai Seit dem 25.November, p\u00fcnktlich zum 1. Advent, leuchtet wieder das Aschbacher Weihnachthaus am M\u00fchlenberg 25 . Mit\u00a0 dem gutbesuchten Illuminationsbeginn leuchtet aber nicht nur das Haus mit Umgebung, sondern es leuchten t\u00e4glich abends viele Kinderaugen beim Anblick der bunten Weihnachtwelt, mittlerweile eine kleine Fangemeinde! Das Ehepaar Sandra-Anna\u2026","rel":"","context":"In &quot;Aktionen&quot;","block_context":{"text":"Aktionen","link":"https:\/\/unser-aschbach.de\/staging2025\/category\/der-ort\/aktionen\/"},"img":{"alt_text":"","src":"https:\/\/i0.wp.com\/unser-aschbach.de\/staging2025\/wp-content\/uploads\/2022\/12\/DSC_1851-scaled.jpg?fit=1200%2C800&ssl=1&resize=350%2C200","width":350,"height":200,"srcset":"https:\/\/i0.wp.com\/unser-aschbach.de\/staging2025\/wp-content\/uploads\/2022\/12\/DSC_1851-scaled.jpg?fit=1200%2C800&ssl=1&resize=350%2C200 1x, https:\/\/i0.wp.com\/unser-aschbach.de\/staging2025\/wp-content\/uploads\/2022\/12\/DSC_1851-scaled.jpg?fit=1200%2C800&ssl=1&resize=525%2C300 1.5x, https:\/\/i0.wp.com\/unser-aschbach.de\/staging2025\/wp-content\/uploads\/2022\/12\/DSC_1851-scaled.jpg?fit=1200%2C800&ssl=1&resize=700%2C400 2x, https:\/\/i0.wp.com\/unser-aschbach.de\/staging2025\/wp-content\/uploads\/2022\/12\/DSC_1851-scaled.jpg?fit=1200%2C800&ssl=1&resize=1050%2C600 3x"},"classes":[]},{"id":5169,"url":"https:\/\/unser-aschbach.de\/staging2025\/2022\/12\/13\/nikolaus-wanderung-der-kita-aschbach%ef%bf%bc\/","url_meta":{"origin":4922,"position":1},"title":"NIKOLAUS-Wanderung der KITA Aschbach\ufffc","author":"Someone","date":"13. Dezember 2022","format":false,"excerpt":"Autor: Josef Nickolai, Ortsvorsteher Erwartungsvoll mit viel Vorfreude wanderten am Donnerstag08.12.2022 ca. 120 Kinder und Erwachsene zum Hl. Nikolaus; der hatte seinen Schlitten \u201eAuf der Schiedung\u201c abgestellt und kam den kleinen und gro\u00dfen Wanderern auf dem \u201eSpielplatz Waldstra\u00dfe\u201c entgegen. \u201eSei gegr\u00fc\u00dft lieber Nikolaus...\u201c sangen die aufgeregten Kinder ehrf\u00fcrchtig beim Anblick\u2026","rel":"","context":"In &quot;Aktionen&quot;","block_context":{"text":"Aktionen","link":"https:\/\/unser-aschbach.de\/staging2025\/category\/der-ort\/aktionen\/"},"img":{"alt_text":"","src":"https:\/\/i0.wp.com\/unser-aschbach.de\/staging2025\/wp-content\/uploads\/2022\/12\/DSC_1874-scaled.jpg?fit=800%2C1200&ssl=1&resize=350%2C200","width":350,"height":200,"srcset":"https:\/\/i0.wp.com\/unser-aschbach.de\/staging2025\/wp-content\/uploads\/2022\/12\/DSC_1874-scaled.jpg?fit=800%2C1200&ssl=1&resize=350%2C200 1x, https:\/\/i0.wp.com\/unser-aschbach.de\/staging2025\/wp-content\/uploads\/2022\/12\/DSC_1874-scaled.jpg?fit=800%2C1200&ssl=1&resize=525%2C300 1.5x, https:\/\/i0.wp.com\/unser-aschbach.de\/staging2025\/wp-content\/uploads\/2022\/12\/DSC_1874-scaled.jpg?fit=800%2C1200&ssl=1&resize=700%2C400 2x"},"classes":[]},{"id":4950,"url":"https:\/\/unser-aschbach.de\/staging2025\/2021\/12\/25\/weihnachtsbaum-2021\/","url_meta":{"origin":4922,"position":2},"title":"Weihnachtsbaum 2021","author":"Someone","date":"25. Dezember 2021","format":false,"excerpt":"Alle Jahre wieder machen es flei\u00dfige H\u00e4nde m\u00f6glich, dass wir wieder einen sch\u00f6n geschm\u00fcckten Weihnachtsbaum in unserem Dorf bewundern k\u00f6nnen. Ein gro\u00dfes DANKE SCH\u00d6N an die Mitarbeiter des Bauhofes f\u00fcr das Aufstellen des geradegewachsenen\u00a0 Baumes,an unsere Freiwillige Feuerwehr f\u00fcr das Schm\u00fccken des Baumes mit wundersch\u00f6nen, neuen Kugeln und vielen bunten\u2026","rel":"","context":"In &quot;Aktionen&quot;","block_context":{"text":"Aktionen","link":"https:\/\/unser-aschbach.de\/staging2025\/category\/der-ort\/aktionen\/"},"img":{"alt_text":"","src":"https:\/\/i0.wp.com\/unser-aschbach.de\/staging2025\/wp-content\/uploads\/2021\/12\/DSC_1382-scaled.jpg?fit=800%2C1200&ssl=1&resize=350%2C200","width":350,"height":200,"srcset":"https:\/\/i0.wp.com\/unser-aschbach.de\/staging2025\/wp-content\/uploads\/2021\/12\/DSC_1382-scaled.jpg?fit=800%2C1200&ssl=1&resize=350%2C200 1x, https:\/\/i0.wp.com\/unser-aschbach.de\/staging2025\/wp-content\/uploads\/2021\/12\/DSC_1382-scaled.jpg?fit=800%2C1200&ssl=1&resize=525%2C300 1.5x, https:\/\/i0.wp.com\/unser-aschbach.de\/staging2025\/wp-content\/uploads\/2021\/12\/DSC_1382-scaled.jpg?fit=800%2C1200&ssl=1&resize=700%2C400 2x"},"classes":[]},{"id":4958,"url":"https:\/\/unser-aschbach.de\/staging2025\/2021\/12\/25\/grussworte-zu-weihnachten-und-zum-jahreswechsel-2021-22\/","url_meta":{"origin":4922,"position":3},"title":"Gru\u00dfworte zu Weihnachten und zum Jahreswechsel 2021\/22","author":"Someone","date":"25. Dezember 2021","format":false,"excerpt":"Liebe Mitb\u00fcrgerinnen und Mitb\u00fcrger, unsere HOFFNUNG auf Normalit\u00e4t beim Jahreswechsel 2020\/21 hat sich leider nicht erf\u00fcllt; nach einer kurzen sommerlichen Entspannung hat uns die Pandemie wieder voll im Griff. Unser gesamtes Privat-, Berufs-, Vereins- und Kirchenleben ist wiederholt gel\u00e4hmt. Unser sportliches, kulturelles, kirchliches und auch schulisches Leben war Mitte 2021\u2026","rel":"","context":"In &quot;Ortsrat&quot;","block_context":{"text":"Ortsrat","link":"https:\/\/unser-aschbach.de\/staging2025\/category\/ortsrat\/"},"img":{"alt_text":"","src":"","width":0,"height":0},"classes":[]},{"id":4641,"url":"https:\/\/unser-aschbach.de\/staging2025\/2020\/12\/15\/grusswort-unseres-ortsvorstehers-zu-weihnachten-und-dem-jahreswechsel-20-21\/","url_meta":{"origin":4922,"position":4},"title":"Gru\u00dfwort unseres Ortsvorstehers zu Weihnachten und dem Jahreswechsel 20\/21","author":"Someone","date":"15. Dezember 2020","format":false,"excerpt":"Liebe Mitb\u00fcrgerinnen und Mitb\u00fcrger, das h\u00e4tten wir uns beim letzten Jahreswechsel 2019\/20 und auf unserem Neujahrsempfang der VGA im Januar diesen Jahres nicht tr\u00e4umen lassen: Ein pandemiegepr\u00e4gtes Corona-Jahr 2020, das seit M\u00e4rz das gesamte Privat-, Vereins- und Kirchenleben l\u00e4hmt und unser menschliches Leben bedroht. Das Jahr 2020, ein Test f\u00fcr\u2026","rel":"","context":"In &quot;Ortsrat&quot;","block_context":{"text":"Ortsrat","link":"https:\/\/unser-aschbach.de\/staging2025\/category\/ortsrat\/"},"img":{"alt_text":"","src":"https:\/\/i0.wp.com\/unser-aschbach.de\/staging2025\/wp-content\/uploads\/2020\/12\/DSC_2387-2-scaled.jpeg?fit=800%2C1200&ssl=1&resize=350%2C200","width":350,"height":200,"srcset":"https:\/\/i0.wp.com\/unser-aschbach.de\/staging2025\/wp-content\/uploads\/2020\/12\/DSC_2387-2-scaled.jpeg?fit=800%2C1200&ssl=1&resize=350%2C200 1x, https:\/\/i0.wp.com\/unser-aschbach.de\/staging2025\/wp-content\/uploads\/2020\/12\/DSC_2387-2-scaled.jpeg?fit=800%2C1200&ssl=1&resize=525%2C300 1.5x, https:\/\/i0.wp.com\/unser-aschbach.de\/staging2025\/wp-content\/uploads\/2020\/12\/DSC_2387-2-scaled.jpeg?fit=800%2C1200&ssl=1&resize=700%2C400 2x"},"classes":[]}],"jetpack_sharing_enabled":true,"_links":{"self":[{"href":"https:\/\/unser-aschbach.de\/staging2025\/wp-json\/wp\/v2\/posts\/4922","targetHints":{"allow":["GET"]}}],"collection":[{"href":"https:\/\/unser-aschbach.de\/staging2025\/wp-json\/wp\/v2\/posts"}],"about":[{"href":"https:\/\/unser-aschbach.de\/staging2025\/wp-json\/wp\/v2\/types\/post"}],"author":[{"embeddable":true,"href":"https:\/\/unser-aschbach.de\/staging2025\/wp-json\/wp\/v2\/users\/1"}],"replies":[{"embeddable":true,"href":"https:\/\/unser-aschbach.de\/staging2025\/wp-json\/wp\/v2\/comments?post=4922"}],"version-history":[{"count":4,"href":"https:\/\/unser-aschbach.de\/staging2025\/wp-json\/wp\/v2\/posts\/4922\/revisions"}],"predecessor-version":[{"id":4930,"href":"https:\/\/unser-aschbach.de\/staging2025\/wp-json\/wp\/v2\/posts\/4922\/revisions\/4930"}],"wp:featuredmedia":[{"embeddable":true,"href":"https:\/\/unser-aschbach.de\/staging2025\/wp-json\/wp\/v2\/media\/4924"}],"wp:attachment":[{"href":"https:\/\/unser-aschbach.de\/staging2025\/wp-json\/wp\/v2\/media?parent=4922"}],"wp:term":[{"taxonomy":"category","embeddable":true,"href":"https:\/\/unser-aschbach.de\/staging2025\/wp-json\/wp\/v2\/categories?post=4922"},{"taxonomy":"post_tag","embeddable":true,"href":"https:\/\/unser-aschbach.de\/staging2025\/wp-json\/wp\/v2\/tags?post=4922"}],"curies":[{"name":"wp","href":"https:\/\/api.w.org\/{rel}","templated":true}]}}