{"id":4816,"date":"2021-08-06T21:16:26","date_gmt":"2021-08-06T19:16:26","guid":{"rendered":"https:\/\/unser-aschbach.de\/staging2025\/?p=4816"},"modified":"2021-08-06T21:16:27","modified_gmt":"2021-08-06T19:16:27","slug":"unser-ortsvorsteher-informiert-artenreiche-vielfalt-auf-oehlingen-und-oelinger-kopp","status":"publish","type":"post","link":"https:\/\/unser-aschbach.de\/staging2025\/2021\/08\/06\/unser-ortsvorsteher-informiert-artenreiche-vielfalt-auf-oehlingen-und-oelinger-kopp\/","title":{"rendered":"Unser Ortsvorsteher informiert -ARTENREICHE Vielfalt auf \u201eOehlingen\u201c und \u201eOelinger Kopp\u201c"},"content":{"rendered":"\n<p class=\"has-drop-cap has-white-color has-vivid-green-cyan-background-color has-text-color has-background\">Die \u201eHirtenberg Alm\u201c erbl\u00fcht wieder in voller Vielfalt und nat\u00fcrlicher Sch\u00f6nheit. Hier haben die Naturliebhaber Silke und Bernd Schirra gemeinsam mit der Kreis-J\u00e4gerschaft Saarlouis, in Persona Willi Gajowski, diese ARTENREICHE KULTURLANDSCHAFT angelegt; mittlerweile kann man wieder, wie in 2020, die bunte Pflanzenvielfalt und das rege Gesumme der Insekten bewundern und genie\u00dfen. Hier ein paar fotografische Eindr\u00fccke.<\/p>\n\n\n\n<figure class=\"wp-block-gallery columns-2 is-cropped wp-block-gallery-1 is-layout-flex wp-block-gallery-is-layout-flex\"><ul class=\"blocks-gallery-grid\"><li class=\"blocks-gallery-item\"><figure><img data-recalc-dims=\"1\" decoding=\"async\" width=\"150\" height=\"150\" data-attachment-id=\"4820\" data-permalink=\"https:\/\/unser-aschbach.de\/staging2025\/2021\/08\/06\/unser-ortsvorsteher-informiert-artenreiche-vielfalt-auf-oehlingen-und-oelinger-kopp\/dsc_0576\/\" data-orig-file=\"https:\/\/i0.wp.com\/unser-aschbach.de\/staging2025\/wp-content\/uploads\/2021\/08\/DSC_0576-scaled.jpg?fit=1200%2C800&amp;ssl=1\" data-orig-size=\"1200,800\" data-comments-opened=\"1\" data-image-meta=\"{&quot;aperture&quot;:&quot;5.6&quot;,&quot;credit&quot;:&quot;&quot;,&quot;camera&quot;:&quot;NIKON D3100&quot;,&quot;caption&quot;:&quot;&quot;,&quot;created_timestamp&quot;:&quot;1626879962&quot;,&quot;copyright&quot;:&quot;&quot;,&quot;focal_length&quot;:&quot;55&quot;,&quot;iso&quot;:&quot;100&quot;,&quot;shutter_speed&quot;:&quot;0.008&quot;,&quot;title&quot;:&quot;&quot;,&quot;orientation&quot;:&quot;1&quot;}\" data-image-title=\"DSC_0576\" data-image-description=\"\" data-image-caption=\"\" data-medium-file=\"https:\/\/i0.wp.com\/unser-aschbach.de\/staging2025\/wp-content\/uploads\/2021\/08\/DSC_0576-scaled.jpg?fit=300%2C200&amp;ssl=1\" data-large-file=\"https:\/\/i0.wp.com\/unser-aschbach.de\/staging2025\/wp-content\/uploads\/2021\/08\/DSC_0576-scaled.jpg?fit=900%2C600&amp;ssl=1\" src=\"https:\/\/i0.wp.com\/unser-aschbach.de\/staging2025\/wp-content\/uploads\/2021\/08\/DSC_0576.jpg?resize=150%2C150&#038;ssl=1\" alt=\"\" data-id=\"4820\" data-full-url=\"https:\/\/unser-aschbach.de\/staging2025\/wp-content\/uploads\/2021\/08\/DSC_0576-scaled.jpg\" data-link=\"https:\/\/unser-aschbach.de\/staging2025\/?attachment_id=4820\" class=\"wp-image-4820\" srcset=\"https:\/\/i0.wp.com\/unser-aschbach.de\/staging2025\/wp-content\/uploads\/2021\/08\/DSC_0576-scaled.jpg?resize=150%2C150&amp;ssl=1 150w, https:\/\/i0.wp.com\/unser-aschbach.de\/staging2025\/wp-content\/uploads\/2021\/08\/DSC_0576-scaled.jpg?zoom=2&amp;resize=150%2C150&amp;ssl=1 300w, https:\/\/i0.wp.com\/unser-aschbach.de\/staging2025\/wp-content\/uploads\/2021\/08\/DSC_0576-scaled.jpg?zoom=3&amp;resize=150%2C150&amp;ssl=1 450w\" sizes=\"(max-width: 150px) 100vw, 150px\" \/><\/figure><\/li><li class=\"blocks-gallery-item\"><figure><img data-recalc-dims=\"1\" decoding=\"async\" width=\"150\" height=\"150\" data-attachment-id=\"4817\" data-permalink=\"https:\/\/unser-aschbach.de\/staging2025\/2021\/08\/06\/unser-ortsvorsteher-informiert-artenreiche-vielfalt-auf-oehlingen-und-oelinger-kopp\/dsc_0580\/\" data-orig-file=\"https:\/\/i0.wp.com\/unser-aschbach.de\/staging2025\/wp-content\/uploads\/2021\/08\/DSC_0580-scaled.jpg?fit=800%2C1200&amp;ssl=1\" data-orig-size=\"800,1200\" data-comments-opened=\"1\" data-image-meta=\"{&quot;aperture&quot;:&quot;5.6&quot;,&quot;credit&quot;:&quot;&quot;,&quot;camera&quot;:&quot;NIKON D3100&quot;,&quot;caption&quot;:&quot;&quot;,&quot;created_timestamp&quot;:&quot;1626880189&quot;,&quot;copyright&quot;:&quot;&quot;,&quot;focal_length&quot;:&quot;55&quot;,&quot;iso&quot;:&quot;100&quot;,&quot;shutter_speed&quot;:&quot;0.008&quot;,&quot;title&quot;:&quot;&quot;,&quot;orientation&quot;:&quot;1&quot;}\" data-image-title=\"DSC_0580\" data-image-description=\"\" data-image-caption=\"\" data-medium-file=\"https:\/\/i0.wp.com\/unser-aschbach.de\/staging2025\/wp-content\/uploads\/2021\/08\/DSC_0580-scaled.jpg?fit=200%2C300&amp;ssl=1\" data-large-file=\"https:\/\/i0.wp.com\/unser-aschbach.de\/staging2025\/wp-content\/uploads\/2021\/08\/DSC_0580-scaled.jpg?fit=683%2C1024&amp;ssl=1\" src=\"https:\/\/i0.wp.com\/unser-aschbach.de\/staging2025\/wp-content\/uploads\/2021\/08\/DSC_0580.jpg?resize=150%2C150&#038;ssl=1\" alt=\"\" data-id=\"4817\" data-full-url=\"https:\/\/unser-aschbach.de\/staging2025\/wp-content\/uploads\/2021\/08\/DSC_0580-scaled.jpg\" data-link=\"https:\/\/unser-aschbach.de\/staging2025\/?attachment_id=4817\" class=\"wp-image-4817\" srcset=\"https:\/\/i0.wp.com\/unser-aschbach.de\/staging2025\/wp-content\/uploads\/2021\/08\/DSC_0580-scaled.jpg?resize=150%2C150&amp;ssl=1 150w, https:\/\/i0.wp.com\/unser-aschbach.de\/staging2025\/wp-content\/uploads\/2021\/08\/DSC_0580-scaled.jpg?zoom=2&amp;resize=150%2C150&amp;ssl=1 300w, https:\/\/i0.wp.com\/unser-aschbach.de\/staging2025\/wp-content\/uploads\/2021\/08\/DSC_0580-scaled.jpg?zoom=3&amp;resize=150%2C150&amp;ssl=1 450w\" sizes=\"(max-width: 150px) 100vw, 150px\" \/><\/figure><\/li><li class=\"blocks-gallery-item\"><figure><img data-recalc-dims=\"1\" decoding=\"async\" width=\"150\" height=\"150\" data-attachment-id=\"4818\" data-permalink=\"https:\/\/unser-aschbach.de\/staging2025\/2021\/08\/06\/unser-ortsvorsteher-informiert-artenreiche-vielfalt-auf-oehlingen-und-oelinger-kopp\/dsc_0587-3\/\" data-orig-file=\"https:\/\/i0.wp.com\/unser-aschbach.de\/staging2025\/wp-content\/uploads\/2021\/08\/DSC_0587-scaled.jpg?fit=1200%2C800&amp;ssl=1\" data-orig-size=\"1200,800\" data-comments-opened=\"1\" data-image-meta=\"{&quot;aperture&quot;:&quot;5.6&quot;,&quot;credit&quot;:&quot;&quot;,&quot;camera&quot;:&quot;NIKON D3100&quot;,&quot;caption&quot;:&quot;&quot;,&quot;created_timestamp&quot;:&quot;1626880294&quot;,&quot;copyright&quot;:&quot;&quot;,&quot;focal_length&quot;:&quot;55&quot;,&quot;iso&quot;:&quot;100&quot;,&quot;shutter_speed&quot;:&quot;0.008&quot;,&quot;title&quot;:&quot;&quot;,&quot;orientation&quot;:&quot;1&quot;}\" data-image-title=\"DSC_0587\" data-image-description=\"\" data-image-caption=\"\" data-medium-file=\"https:\/\/i0.wp.com\/unser-aschbach.de\/staging2025\/wp-content\/uploads\/2021\/08\/DSC_0587-scaled.jpg?fit=300%2C200&amp;ssl=1\" data-large-file=\"https:\/\/i0.wp.com\/unser-aschbach.de\/staging2025\/wp-content\/uploads\/2021\/08\/DSC_0587-scaled.jpg?fit=900%2C600&amp;ssl=1\" src=\"https:\/\/i0.wp.com\/unser-aschbach.de\/staging2025\/wp-content\/uploads\/2021\/08\/DSC_0587.jpg?resize=150%2C150&#038;ssl=1\" alt=\"\" data-id=\"4818\" data-full-url=\"https:\/\/unser-aschbach.de\/staging2025\/wp-content\/uploads\/2021\/08\/DSC_0587-scaled.jpg\" data-link=\"https:\/\/unser-aschbach.de\/staging2025\/?attachment_id=4818\" class=\"wp-image-4818\" srcset=\"https:\/\/i0.wp.com\/unser-aschbach.de\/staging2025\/wp-content\/uploads\/2021\/08\/DSC_0587-scaled.jpg?resize=150%2C150&amp;ssl=1 150w, https:\/\/i0.wp.com\/unser-aschbach.de\/staging2025\/wp-content\/uploads\/2021\/08\/DSC_0587-scaled.jpg?zoom=2&amp;resize=150%2C150&amp;ssl=1 300w, https:\/\/i0.wp.com\/unser-aschbach.de\/staging2025\/wp-content\/uploads\/2021\/08\/DSC_0587-scaled.jpg?zoom=3&amp;resize=150%2C150&amp;ssl=1 450w\" sizes=\"(max-width: 150px) 100vw, 150px\" \/><\/figure><\/li><li class=\"blocks-gallery-item\"><figure><img data-recalc-dims=\"1\" decoding=\"async\" width=\"150\" height=\"150\" data-attachment-id=\"4819\" data-permalink=\"https:\/\/unser-aschbach.de\/staging2025\/2021\/08\/06\/unser-ortsvorsteher-informiert-artenreiche-vielfalt-auf-oehlingen-und-oelinger-kopp\/dsc_0568-3\/\" data-orig-file=\"https:\/\/i0.wp.com\/unser-aschbach.de\/staging2025\/wp-content\/uploads\/2021\/08\/DSC_0568-scaled.jpg?fit=1200%2C800&amp;ssl=1\" data-orig-size=\"1200,800\" data-comments-opened=\"1\" data-image-meta=\"{&quot;aperture&quot;:&quot;6.3&quot;,&quot;credit&quot;:&quot;&quot;,&quot;camera&quot;:&quot;NIKON D3100&quot;,&quot;caption&quot;:&quot;&quot;,&quot;created_timestamp&quot;:&quot;1626879755&quot;,&quot;copyright&quot;:&quot;&quot;,&quot;focal_length&quot;:&quot;20&quot;,&quot;iso&quot;:&quot;100&quot;,&quot;shutter_speed&quot;:&quot;0.00625&quot;,&quot;title&quot;:&quot;&quot;,&quot;orientation&quot;:&quot;1&quot;}\" data-image-title=\"DSC_0568\" data-image-description=\"\" data-image-caption=\"\" data-medium-file=\"https:\/\/i0.wp.com\/unser-aschbach.de\/staging2025\/wp-content\/uploads\/2021\/08\/DSC_0568-scaled.jpg?fit=300%2C200&amp;ssl=1\" data-large-file=\"https:\/\/i0.wp.com\/unser-aschbach.de\/staging2025\/wp-content\/uploads\/2021\/08\/DSC_0568-scaled.jpg?fit=900%2C600&amp;ssl=1\" src=\"https:\/\/i0.wp.com\/unser-aschbach.de\/staging2025\/wp-content\/uploads\/2021\/08\/DSC_0568.jpg?resize=150%2C150&#038;ssl=1\" alt=\"\" data-id=\"4819\" data-full-url=\"https:\/\/unser-aschbach.de\/staging2025\/wp-content\/uploads\/2021\/08\/DSC_0568-scaled.jpg\" data-link=\"https:\/\/unser-aschbach.de\/staging2025\/?attachment_id=4819\" class=\"wp-image-4819\" srcset=\"https:\/\/i0.wp.com\/unser-aschbach.de\/staging2025\/wp-content\/uploads\/2021\/08\/DSC_0568-scaled.jpg?resize=150%2C150&amp;ssl=1 150w, https:\/\/i0.wp.com\/unser-aschbach.de\/staging2025\/wp-content\/uploads\/2021\/08\/DSC_0568-scaled.jpg?zoom=2&amp;resize=150%2C150&amp;ssl=1 300w, https:\/\/i0.wp.com\/unser-aschbach.de\/staging2025\/wp-content\/uploads\/2021\/08\/DSC_0568-scaled.jpg?zoom=3&amp;resize=150%2C150&amp;ssl=1 450w\" sizes=\"(max-width: 150px) 100vw, 150px\" \/><\/figure><\/li><\/ul><\/figure>\n<div class=\"shariff shariff-align-flex-start shariff-widget-align-flex-start\"><ul class=\"shariff-buttons theme-round orientation-horizontal buttonsize-medium\"><li class=\"shariff-button mailto shariff-nocustomcolor\" style=\"background-color:#a8a8a8\"><a href=\"mailto:?body=https%3A%2F%2Funser-aschbach.de%2Fstaging2025%2F2021%2F08%2F06%2Funser-ortsvorsteher-informiert-artenreiche-vielfalt-auf-oehlingen-und-oelinger-kopp%2F&subject=Unser%20Ortsvorsteher%20informiert%20-ARTENREICHE%20Vielfalt%20auf%20%E2%80%9EOehlingen%E2%80%9C%20und%20%E2%80%9EOelinger%20Kopp%E2%80%9C\" title=\"Per E-Mail versenden\" aria-label=\"Per E-Mail versenden\" role=\"button\" rel=\"noopener nofollow\" class=\"shariff-link\" style=\"; background-color:#999; color:#fff\"><span class=\"shariff-icon\" style=\"\"><svg width=\"32px\" height=\"20px\" xmlns=\"http:\/\/www.w3.org\/2000\/svg\" viewBox=\"0 0 32 32\"><path fill=\"#999\" d=\"M32 12.7v14.2q0 1.2-0.8 2t-2 0.9h-26.3q-1.2 0-2-0.9t-0.8-2v-14.2q0.8 0.9 1.8 1.6 6.5 4.4 8.9 6.1 1 0.8 1.6 1.2t1.7 0.9 2 0.4h0.1q0.9 0 2-0.4t1.7-0.9 1.6-1.2q3-2.2 8.9-6.1 1-0.7 1.8-1.6zM32 7.4q0 1.4-0.9 2.7t-2.2 2.2q-6.7 4.7-8.4 5.8-0.2 0.1-0.7 0.5t-1 0.7-0.9 0.6-1.1 0.5-0.9 0.2h-0.1q-0.4 0-0.9-0.2t-1.1-0.5-0.9-0.6-1-0.7-0.7-0.5q-1.6-1.1-4.7-3.2t-3.6-2.6q-1.1-0.7-2.1-2t-1-2.5q0-1.4 0.7-2.3t2.1-0.9h26.3q1.2 0 2 0.8t0.9 2z\"\/><\/svg><\/span><\/a><\/li><li class=\"shariff-button facebook shariff-nocustomcolor\" style=\"background-color:#4273c8\"><a href=\"https:\/\/www.facebook.com\/sharer\/sharer.php?u=https%3A%2F%2Funser-aschbach.de%2Fstaging2025%2F2021%2F08%2F06%2Funser-ortsvorsteher-informiert-artenreiche-vielfalt-auf-oehlingen-und-oelinger-kopp%2F\" title=\"Bei Facebook teilen\" aria-label=\"Bei Facebook teilen\" role=\"button\" rel=\"nofollow\" class=\"shariff-link\" style=\"; background-color:#3b5998; color:#fff\" target=\"_blank\"><span class=\"shariff-icon\" style=\"\"><svg width=\"32px\" height=\"20px\" xmlns=\"http:\/\/www.w3.org\/2000\/svg\" viewBox=\"0 0 18 32\"><path fill=\"#3b5998\" d=\"M17.1 0.2v4.7h-2.8q-1.5 0-2.1 0.6t-0.5 1.9v3.4h5.2l-0.7 5.3h-4.5v13.6h-5.5v-13.6h-4.5v-5.3h4.5v-3.9q0-3.3 1.9-5.2t5-1.8q2.6 0 4.1 0.2z\"\/><\/svg><\/span><\/a><\/li><li class=\"shariff-button whatsapp shariff-nocustomcolor\" style=\"background-color:#5cbe4a\"><a href=\"https:\/\/api.whatsapp.com\/send?text=https%3A%2F%2Funser-aschbach.de%2Fstaging2025%2F2021%2F08%2F06%2Funser-ortsvorsteher-informiert-artenreiche-vielfalt-auf-oehlingen-und-oelinger-kopp%2F%20Unser%20Ortsvorsteher%20informiert%20-ARTENREICHE%20Vielfalt%20auf%20%E2%80%9EOehlingen%E2%80%9C%20und%20%E2%80%9EOelinger%20Kopp%E2%80%9C\" title=\"Bei Whatsapp teilen\" aria-label=\"Bei Whatsapp teilen\" role=\"button\" rel=\"noopener nofollow\" class=\"shariff-link\" style=\"; background-color:#34af23; color:#fff\" target=\"_blank\"><span class=\"shariff-icon\" style=\"\"><svg width=\"32px\" height=\"20px\" xmlns=\"http:\/\/www.w3.org\/2000\/svg\" viewBox=\"0 0 32 32\"><path fill=\"#34af23\" d=\"M17.6 17.4q0.2 0 1.7 0.8t1.6 0.9q0 0.1 0 0.3 0 0.6-0.3 1.4-0.3 0.7-1.3 1.2t-1.8 0.5q-1 0-3.4-1.1-1.7-0.8-3-2.1t-2.6-3.3q-1.3-1.9-1.3-3.5v-0.1q0.1-1.6 1.3-2.8 0.4-0.4 0.9-0.4 0.1 0 0.3 0t0.3 0q0.3 0 0.5 0.1t0.3 0.5q0.1 0.4 0.6 1.6t0.4 1.3q0 0.4-0.6 1t-0.6 0.8q0 0.1 0.1 0.3 0.6 1.3 1.8 2.4 1 0.9 2.7 1.8 0.2 0.1 0.4 0.1 0.3 0 1-0.9t0.9-0.9zM14 26.9q2.3 0 4.3-0.9t3.6-2.4 2.4-3.6 0.9-4.3-0.9-4.3-2.4-3.6-3.6-2.4-4.3-0.9-4.3 0.9-3.6 2.4-2.4 3.6-0.9 4.3q0 3.6 2.1 6.6l-1.4 4.2 4.3-1.4q2.8 1.9 6.2 1.9zM14 2.2q2.7 0 5.2 1.1t4.3 2.9 2.9 4.3 1.1 5.2-1.1 5.2-2.9 4.3-4.3 2.9-5.2 1.1q-3.5 0-6.5-1.7l-7.4 2.4 2.4-7.2q-1.9-3.2-1.9-6.9 0-2.7 1.1-5.2t2.9-4.3 4.3-2.9 5.2-1.1z\"\/><\/svg><\/span><\/a><\/li><\/ul><\/div>","protected":false},"excerpt":{"rendered":"<p>Die \u201eHirtenberg Alm\u201c erbl\u00fcht wieder in voller Vielfalt und nat\u00fcrlicher Sch\u00f6nheit. Hier haben die Naturliebhaber Silke und Bernd Schirra gemeinsam mit der Kreis-J\u00e4gerschaft Saarlouis, in Persona Willi Gajowski, diese ARTENREICHE KULTURLANDSCHAFT angelegt; mittlerweile kann man wieder, wie in 2020, die bunte Pflanzenvielfalt und das rege Gesumme der Insekten bewundern und genie\u00dfen. Hier ein paar fotografische&#8230;<\/p>\n<p> <a class=\"continue-reading-link\" href=\"https:\/\/unser-aschbach.de\/staging2025\/2021\/08\/06\/unser-ortsvorsteher-informiert-artenreiche-vielfalt-auf-oehlingen-und-oelinger-kopp\/\"><span>weiterlesen<\/span><i class=\"crycon-right-dir\"><\/i><\/a> <\/p>\n","protected":false},"author":1,"featured_media":4817,"comment_status":"open","ping_status":"open","sticky":false,"template":"","format":"standard","meta":{"jetpack_post_was_ever_published":false,"_jetpack_newsletter_access":"","_jetpack_dont_email_post_to_subs":false,"_jetpack_newsletter_tier_id":0,"_jetpack_memberships_contains_paywalled_content":false,"_jetpack_memberships_contains_paid_content":false,"footnotes":"","jetpack_publicize_message":"","jetpack_publicize_feature_enabled":true,"jetpack_social_post_already_shared":true,"jetpack_social_options":{"image_generator_settings":{"template":"highway","default_image_id":0,"font":"","enabled":false},"version":2}},"categories":[15],"tags":[237],"class_list":["post-4816","post","type-post","status-publish","format-standard","has-post-thumbnail","hentry","category-aktionen","tag-artenreiche-vielfalt"],"jetpack_publicize_connections":[],"jetpack_featured_media_url":"https:\/\/i0.wp.com\/unser-aschbach.de\/staging2025\/wp-content\/uploads\/2021\/08\/DSC_0580-scaled.jpg?fit=800%2C1200&ssl=1","jetpack_shortlink":"https:\/\/wp.me\/pggZrZ-1fG","jetpack-related-posts":[{"id":4468,"url":"https:\/\/unser-aschbach.de\/staging2025\/2020\/04\/20\/unser-ortsvorsteher-informiert-artenreiche-kulturlandschaft-2020\/","url_meta":{"origin":4816,"position":0},"title":"Unser Ortsvorsteher informiert- Artenreiche Kulturlandschaft 2020","author":"Someone","date":"20. April 2020","format":false,"excerpt":"2019 hatten Bernd Schirra mit Frau Silke und Tobias Hans in Zusammenarbeit mit Jagdp\u00e4chter Willi Gajowski in Aschbach 4,5 ha Ackerfl\u00e4che artenreich angebaut. Auch in 2020 sollen sich die Aschbacher Gewanne \"Auf Oehlingen\" und \"Auf Oehlinger Kopp\" artenreich entwickeln. Nachdem im M\u00e4rz die Ackerfl\u00e4chen gepfl\u00fcgt und geeggt wurden, erfolgte Anfang\u2026","rel":"","context":"In &quot;Aktionen&quot;","block_context":{"text":"Aktionen","link":"https:\/\/unser-aschbach.de\/staging2025\/category\/der-ort\/aktionen\/"},"img":{"alt_text":"","src":"https:\/\/i0.wp.com\/unser-aschbach.de\/staging2025\/wp-content\/uploads\/2020\/04\/DSC_2036-scaled.jpg?fit=1200%2C800&ssl=1&resize=350%2C200","width":350,"height":200,"srcset":"https:\/\/i0.wp.com\/unser-aschbach.de\/staging2025\/wp-content\/uploads\/2020\/04\/DSC_2036-scaled.jpg?fit=1200%2C800&ssl=1&resize=350%2C200 1x, https:\/\/i0.wp.com\/unser-aschbach.de\/staging2025\/wp-content\/uploads\/2020\/04\/DSC_2036-scaled.jpg?fit=1200%2C800&ssl=1&resize=525%2C300 1.5x, https:\/\/i0.wp.com\/unser-aschbach.de\/staging2025\/wp-content\/uploads\/2020\/04\/DSC_2036-scaled.jpg?fit=1200%2C800&ssl=1&resize=700%2C400 2x, https:\/\/i0.wp.com\/unser-aschbach.de\/staging2025\/wp-content\/uploads\/2020\/04\/DSC_2036-scaled.jpg?fit=1200%2C800&ssl=1&resize=1050%2C600 3x"},"classes":[]},{"id":4507,"url":"https:\/\/unser-aschbach.de\/staging2025\/2020\/07\/14\/unser-ortsvorsteher-informiert-1-aschbacher-bluehflaechenwanderung\/","url_meta":{"origin":4816,"position":1},"title":"Unser Ortsvorsteher informiert -1. Aschbacher Bl\u00fchfl\u00e4chenwanderung","author":"Someone","date":"14. Juli 2020","format":false,"excerpt":"Knapp 70 kleine und gro\u00dfe Naturfreunde konnte Ortsvorsteher (OV) Josef Nickolai am Sonntag, 12.07.2020 zur 1. Bl\u00fchfl\u00e4chen-Wanderung begr\u00fc\u00dfen. Ein besonderer Gru\u00df galt den Veranstaltern, dem Ehepaar Bernd und Silke Schirra (Eigent\u00fcmer bzw. P\u00e4chter der Fl\u00e4chen), ihrem Neffen Tobias Hans sowie Willi Gajowski (Jagdp\u00e4chter und Naturschutzbeauftragter) und G\u00fcnter Hoffmann, Jagdp\u00e4chter aus\u2026","rel":"","context":"In &quot;Aktionen&quot;","block_context":{"text":"Aktionen","link":"https:\/\/unser-aschbach.de\/staging2025\/category\/der-ort\/aktionen\/"},"img":{"alt_text":"","src":"https:\/\/i0.wp.com\/unser-aschbach.de\/staging2025\/wp-content\/uploads\/2020\/07\/DSC_1888-scaled.jpg?fit=1200%2C800&ssl=1&resize=350%2C200","width":350,"height":200,"srcset":"https:\/\/i0.wp.com\/unser-aschbach.de\/staging2025\/wp-content\/uploads\/2020\/07\/DSC_1888-scaled.jpg?fit=1200%2C800&ssl=1&resize=350%2C200 1x, https:\/\/i0.wp.com\/unser-aschbach.de\/staging2025\/wp-content\/uploads\/2020\/07\/DSC_1888-scaled.jpg?fit=1200%2C800&ssl=1&resize=525%2C300 1.5x, https:\/\/i0.wp.com\/unser-aschbach.de\/staging2025\/wp-content\/uploads\/2020\/07\/DSC_1888-scaled.jpg?fit=1200%2C800&ssl=1&resize=700%2C400 2x, https:\/\/i0.wp.com\/unser-aschbach.de\/staging2025\/wp-content\/uploads\/2020\/07\/DSC_1888-scaled.jpg?fit=1200%2C800&ssl=1&resize=1050%2C600 3x"},"classes":[]},{"id":4494,"url":"https:\/\/unser-aschbach.de\/staging2025\/2020\/07\/10\/unser-ortsvorsteher-informiert-aschbacher-bluehflaechenwanderung\/","url_meta":{"origin":4816,"position":2},"title":"Unser Ortsvorsteher informiert &#8211; Aschbacher Bl\u00fchfl\u00e4chenwanderung","author":"Someone","date":"10. Juli 2020","format":false,"excerpt":"Liebe Naturfreunde, am SONNTAG, 12.07.2020 f\u00fchren wir, das sind Bernd Schirra (Eigent\u00fcmer bzw. P\u00e4chter der Fl\u00e4chen), Willi Gajowski (Jagdp\u00e4chter und Naturschutzbeauftragter) und ich eine Wanderung zu den Aschbacher Bl\u00fchfl\u00e4chen ca. 4 1\/2 ha \"Auf Oehlingen\" und \"Oehlinger Kopp\" durch. Die Bl\u00fchfl\u00e4chen sind ein Projekt (Artenreiche Kulturlandschaft Saarlouis)\u00a0der Kreisj\u00e4gerschaft Saarlouis mit\u2026","rel":"","context":"In &quot;Aktionen&quot;","block_context":{"text":"Aktionen","link":"https:\/\/unser-aschbach.de\/staging2025\/category\/der-ort\/aktionen\/"},"img":{"alt_text":"","src":"https:\/\/i0.wp.com\/unser-aschbach.de\/staging2025\/wp-content\/uploads\/2020\/07\/DSC_1751-scaled.jpg?fit=1200%2C800&ssl=1&resize=350%2C200","width":350,"height":200,"srcset":"https:\/\/i0.wp.com\/unser-aschbach.de\/staging2025\/wp-content\/uploads\/2020\/07\/DSC_1751-scaled.jpg?fit=1200%2C800&ssl=1&resize=350%2C200 1x, https:\/\/i0.wp.com\/unser-aschbach.de\/staging2025\/wp-content\/uploads\/2020\/07\/DSC_1751-scaled.jpg?fit=1200%2C800&ssl=1&resize=525%2C300 1.5x, https:\/\/i0.wp.com\/unser-aschbach.de\/staging2025\/wp-content\/uploads\/2020\/07\/DSC_1751-scaled.jpg?fit=1200%2C800&ssl=1&resize=700%2C400 2x, https:\/\/i0.wp.com\/unser-aschbach.de\/staging2025\/wp-content\/uploads\/2020\/07\/DSC_1751-scaled.jpg?fit=1200%2C800&ssl=1&resize=1050%2C600 3x"},"classes":[]},{"id":5060,"url":"https:\/\/unser-aschbach.de\/staging2025\/2022\/06\/29\/tag-der-offenen-gartentuer-2022-in-aschbach-steinstrasse\/","url_meta":{"origin":4816,"position":3},"title":"Tag der \u201eOFFENEN GARTENT\u00dcR\u201c 2022 in Aschbach-Steinstra\u00dfe","author":"Someone","date":"29. Juni 2022","format":false,"excerpt":"Autor: Josef Nickolai Erwartungsvoll fanden auch 2022 wieder ganz viele Gartenliebhaber, darunter zahlreiche bekannte Stammbesucher,\u00a0 den Weg nach Aschbach-Steinstra\u00dfe. Durch die \u201eOffene Gartent\u00fcr\u201c empfing sie hier das Ehepaar Petra und Armin Klein in ihrem bunten Garten. Rundherum ziehen allerlei farbenfrohe Rosen und Blumen eine gro\u00dfe Zahl und Vielfalt von Insekten,\u2026","rel":"","context":"In &quot;Aktionen&quot;","block_context":{"text":"Aktionen","link":"https:\/\/unser-aschbach.de\/staging2025\/category\/der-ort\/aktionen\/"},"img":{"alt_text":"","src":"https:\/\/i0.wp.com\/unser-aschbach.de\/staging2025\/wp-content\/uploads\/2022\/06\/DSC_0356-scaled.jpg?fit=1200%2C800&ssl=1&resize=350%2C200","width":350,"height":200,"srcset":"https:\/\/i0.wp.com\/unser-aschbach.de\/staging2025\/wp-content\/uploads\/2022\/06\/DSC_0356-scaled.jpg?fit=1200%2C800&ssl=1&resize=350%2C200 1x, https:\/\/i0.wp.com\/unser-aschbach.de\/staging2025\/wp-content\/uploads\/2022\/06\/DSC_0356-scaled.jpg?fit=1200%2C800&ssl=1&resize=525%2C300 1.5x, https:\/\/i0.wp.com\/unser-aschbach.de\/staging2025\/wp-content\/uploads\/2022\/06\/DSC_0356-scaled.jpg?fit=1200%2C800&ssl=1&resize=700%2C400 2x, https:\/\/i0.wp.com\/unser-aschbach.de\/staging2025\/wp-content\/uploads\/2022\/06\/DSC_0356-scaled.jpg?fit=1200%2C800&ssl=1&resize=1050%2C600 3x"},"classes":[]},{"id":5129,"url":"https:\/\/unser-aschbach.de\/staging2025\/2022\/10\/27\/unser-aschbach-neubuergerinfo\/","url_meta":{"origin":4816,"position":4},"title":"UNSER ASCHBACH    NEUB\u00dcRGERINFO","author":"Someone","date":"27. Oktober 2022","format":false,"excerpt":"Autor: Josef Nickolai Es hatte sich \u2013 pandemiebedingt- etwas \u00a0in die L\u00e4nge gezogen; aber nun ist der Neub\u00fcrgerbrief fertig. Mit dieser Brosch\u00fcre will der Ortsrat Aschbach seine Neub\u00fcrger begr\u00fc\u00dfen und sie \u00fcber das vielf\u00e4ltige, abwechslungsreiche, d\u00f6rfliche Leben ihres neuen Heimatortes Aschbach informieren. Das sechsk\u00f6pfige Redaktionsteam stellte B\u00fcrgermeister Klauspeter Brill und\u2026","rel":"","context":"In &quot;Aktionen&quot;","block_context":{"text":"Aktionen","link":"https:\/\/unser-aschbach.de\/staging2025\/category\/der-ort\/aktionen\/"},"img":{"alt_text":"","src":"https:\/\/i0.wp.com\/unser-aschbach.de\/staging2025\/wp-content\/uploads\/2022\/10\/DSC_1750-scaled-e1666897995766.jpg?fit=800%2C1200&ssl=1&resize=350%2C200","width":350,"height":200,"srcset":"https:\/\/i0.wp.com\/unser-aschbach.de\/staging2025\/wp-content\/uploads\/2022\/10\/DSC_1750-scaled-e1666897995766.jpg?fit=800%2C1200&ssl=1&resize=350%2C200 1x, https:\/\/i0.wp.com\/unser-aschbach.de\/staging2025\/wp-content\/uploads\/2022\/10\/DSC_1750-scaled-e1666897995766.jpg?fit=800%2C1200&ssl=1&resize=525%2C300 1.5x, https:\/\/i0.wp.com\/unser-aschbach.de\/staging2025\/wp-content\/uploads\/2022\/10\/DSC_1750-scaled-e1666897995766.jpg?fit=800%2C1200&ssl=1&resize=700%2C400 2x"},"classes":[]},{"id":5051,"url":"https:\/\/unser-aschbach.de\/staging2025\/2022\/06\/29\/wildvogel-auffangstation-in-aschbach\/","url_meta":{"origin":4816,"position":5},"title":"WILDvogel-Auffangstation in Aschbach","author":"Someone","date":"29. Juni 2022","format":false,"excerpt":"Autoren: Christian Becker und Josef Nickolai \u201eDas ist ja toll!\u201c, \u201eDas haben wir nicht gewusst!\u201c. Erstaunt und sehr positiv ist gegenw\u00e4rtig die Resonanz bei Vogelliebhabern und Naturfreunden hinsichtlich der neuen Wildvogel-Auffangstation in Aschbach. Seit 2022 betreut hier Vogelliebhaber und Vogelz\u00fcchter Christian BECKER eine Auffangstation f\u00fcr beeintr\u00e4chtigte Wildv\u00f6gel. EHRENAMTLICH, aus Liebe\u2026","rel":"","context":"In &quot;Informationen&quot;","block_context":{"text":"Informationen","link":"https:\/\/unser-aschbach.de\/staging2025\/category\/der-ort\/informationen\/"},"img":{"alt_text":"","src":"https:\/\/i0.wp.com\/unser-aschbach.de\/staging2025\/wp-content\/uploads\/2022\/06\/image4-rotated.jpeg?fit=900%2C1200&ssl=1&resize=350%2C200","width":350,"height":200,"srcset":"https:\/\/i0.wp.com\/unser-aschbach.de\/staging2025\/wp-content\/uploads\/2022\/06\/image4-rotated.jpeg?fit=900%2C1200&ssl=1&resize=350%2C200 1x, https:\/\/i0.wp.com\/unser-aschbach.de\/staging2025\/wp-content\/uploads\/2022\/06\/image4-rotated.jpeg?fit=900%2C1200&ssl=1&resize=525%2C300 1.5x, https:\/\/i0.wp.com\/unser-aschbach.de\/staging2025\/wp-content\/uploads\/2022\/06\/image4-rotated.jpeg?fit=900%2C1200&ssl=1&resize=700%2C400 2x"},"classes":[]}],"jetpack_sharing_enabled":true,"_links":{"self":[{"href":"https:\/\/unser-aschbach.de\/staging2025\/wp-json\/wp\/v2\/posts\/4816","targetHints":{"allow":["GET"]}}],"collection":[{"href":"https:\/\/unser-aschbach.de\/staging2025\/wp-json\/wp\/v2\/posts"}],"about":[{"href":"https:\/\/unser-aschbach.de\/staging2025\/wp-json\/wp\/v2\/types\/post"}],"author":[{"embeddable":true,"href":"https:\/\/unser-aschbach.de\/staging2025\/wp-json\/wp\/v2\/users\/1"}],"replies":[{"embeddable":true,"href":"https:\/\/unser-aschbach.de\/staging2025\/wp-json\/wp\/v2\/comments?post=4816"}],"version-history":[{"count":2,"href":"https:\/\/unser-aschbach.de\/staging2025\/wp-json\/wp\/v2\/posts\/4816\/revisions"}],"predecessor-version":[{"id":4822,"href":"https:\/\/unser-aschbach.de\/staging2025\/wp-json\/wp\/v2\/posts\/4816\/revisions\/4822"}],"wp:featuredmedia":[{"embeddable":true,"href":"https:\/\/unser-aschbach.de\/staging2025\/wp-json\/wp\/v2\/media\/4817"}],"wp:attachment":[{"href":"https:\/\/unser-aschbach.de\/staging2025\/wp-json\/wp\/v2\/media?parent=4816"}],"wp:term":[{"taxonomy":"category","embeddable":true,"href":"https:\/\/unser-aschbach.de\/staging2025\/wp-json\/wp\/v2\/categories?post=4816"},{"taxonomy":"post_tag","embeddable":true,"href":"https:\/\/unser-aschbach.de\/staging2025\/wp-json\/wp\/v2\/tags?post=4816"}],"curies":[{"name":"wp","href":"https:\/\/api.w.org\/{rel}","templated":true}]}}