{"id":4812,"date":"2021-08-06T21:01:27","date_gmt":"2021-08-06T19:01:27","guid":{"rendered":"https:\/\/unser-aschbach.de\/staging2025\/?p=4812"},"modified":"2021-08-06T21:16:56","modified_gmt":"2021-08-06T19:16:56","slug":"unser-ortsvorsteher-informiert-tennis-meister-der-herren-40","status":"publish","type":"post","link":"https:\/\/unser-aschbach.de\/staging2025\/2021\/08\/06\/unser-ortsvorsteher-informiert-tennis-meister-der-herren-40\/","title":{"rendered":"Unser Ortsvorsteher informiert -TENNIS: Meister der Herren 40"},"content":{"rendered":"\n<p class=\"has-drop-cap has-luminous-vivid-amber-background-color has-background\">Das traf sich f\u00fcr die <strong>Tennisspieler des SV Victoria Aschbach<\/strong> gut! W\u00e4hrend Tennisass Alexander ZVEREV in Tokio die Goldmedaille errang, brachten die <strong>Herren 40 in der A-Klasse, Region I<\/strong> ihre Meisterschaft unter Dach und Fach: Im letzten Match gegen den TV 1909 Uchtelfangen lie\u00dfen sie vor zahlreichen Zuschauern nichts mehr anbrennen und siegten souver\u00e4n mit&nbsp; 18:3 . Nach ihren Siegen in den vorangegangenen Spielen gegen den TC Winterbach II und die SG Niederlinxweiler-Stennweiler schlossen sie mit diesem Heimsieg die Saison als <strong>Meister mit reiner Weste <\/strong>ab.<\/p>\n\n\n\n<p>Einen herzlichen Gl\u00fcckwunsch zur Erringung der Meisterschaft, verbunden mit den besten W\u00fcnschen f\u00fcr das weitere Tennisjahr mit vielen Siegen.<\/p>\n\n\n\n<figure class=\"wp-block-image size-large is-style-default\"><img data-recalc-dims=\"1\" decoding=\"async\" width=\"900\" height=\"600\" data-attachment-id=\"4813\" data-permalink=\"https:\/\/unser-aschbach.de\/staging2025\/2021\/08\/06\/unser-ortsvorsteher-informiert-tennis-meister-der-herren-40\/dsc_0873\/\" data-orig-file=\"https:\/\/i0.wp.com\/unser-aschbach.de\/staging2025\/wp-content\/uploads\/2021\/08\/DSC_0873-scaled.jpg?fit=1200%2C800&amp;ssl=1\" data-orig-size=\"1200,800\" data-comments-opened=\"1\" data-image-meta=\"{&quot;aperture&quot;:&quot;5.6&quot;,&quot;credit&quot;:&quot;&quot;,&quot;camera&quot;:&quot;NIKON D3100&quot;,&quot;caption&quot;:&quot;&quot;,&quot;created_timestamp&quot;:&quot;1627840536&quot;,&quot;copyright&quot;:&quot;&quot;,&quot;focal_length&quot;:&quot;22&quot;,&quot;iso&quot;:&quot;200&quot;,&quot;shutter_speed&quot;:&quot;0.008&quot;,&quot;title&quot;:&quot;&quot;,&quot;orientation&quot;:&quot;1&quot;}\" data-image-title=\"DSC_0873\" data-image-description=\"\" data-image-caption=\"\" data-medium-file=\"https:\/\/i0.wp.com\/unser-aschbach.de\/staging2025\/wp-content\/uploads\/2021\/08\/DSC_0873-scaled.jpg?fit=300%2C200&amp;ssl=1\" data-large-file=\"https:\/\/i0.wp.com\/unser-aschbach.de\/staging2025\/wp-content\/uploads\/2021\/08\/DSC_0873-scaled.jpg?fit=900%2C600&amp;ssl=1\" src=\"https:\/\/i0.wp.com\/unser-aschbach.de\/staging2025\/wp-content\/uploads\/2021\/08\/DSC_0873.jpg?resize=900%2C600&#038;ssl=1\" alt=\"\" class=\"wp-image-4813\" srcset=\"https:\/\/i0.wp.com\/unser-aschbach.de\/staging2025\/wp-content\/uploads\/2021\/08\/DSC_0873-scaled.jpg?resize=1024%2C683&amp;ssl=1 1024w, https:\/\/i0.wp.com\/unser-aschbach.de\/staging2025\/wp-content\/uploads\/2021\/08\/DSC_0873-scaled.jpg?resize=300%2C200&amp;ssl=1 300w, https:\/\/i0.wp.com\/unser-aschbach.de\/staging2025\/wp-content\/uploads\/2021\/08\/DSC_0873-scaled.jpg?resize=768%2C512&amp;ssl=1 768w, https:\/\/i0.wp.com\/unser-aschbach.de\/staging2025\/wp-content\/uploads\/2021\/08\/DSC_0873-scaled.jpg?resize=1536%2C1024&amp;ssl=1 1536w, https:\/\/i0.wp.com\/unser-aschbach.de\/staging2025\/wp-content\/uploads\/2021\/08\/DSC_0873-scaled.jpg?resize=2048%2C1365&amp;ssl=1 2048w, https:\/\/i0.wp.com\/unser-aschbach.de\/staging2025\/wp-content\/uploads\/2021\/08\/DSC_0873-scaled.jpg?w=1200&amp;ssl=1 1200w\" sizes=\"(max-width: 900px) 100vw, 900px\" \/><figcaption><br \/><br \/><br \/><strong>Die Meiste<\/strong>r v.l.n.r.: Maldonado Vinas RAUL, Tim HORNE, Tobias NIEDZBALLA, Andreas NEU,<br \/>Bernd WILLMS, Sascha LEHMANN, J\u00f6rg BUCHHOLZ, Timo OHLMANN, Jochen KLEIN;<br \/>es fehlt Timo BUGIEL<\/figcaption><\/figure>\n<div class=\"shariff shariff-align-flex-start shariff-widget-align-flex-start\"><ul class=\"shariff-buttons theme-round orientation-horizontal buttonsize-medium\"><li class=\"shariff-button mailto shariff-nocustomcolor\" style=\"background-color:#a8a8a8\"><a href=\"mailto:?body=https%3A%2F%2Funser-aschbach.de%2Fstaging2025%2F2021%2F08%2F06%2Funser-ortsvorsteher-informiert-tennis-meister-der-herren-40%2F&subject=Unser%20Ortsvorsteher%20informiert%20-TENNIS%3A%20Meister%20der%20Herren%2040\" title=\"Per E-Mail versenden\" aria-label=\"Per E-Mail versenden\" role=\"button\" rel=\"noopener nofollow\" class=\"shariff-link\" style=\"; background-color:#999; color:#fff\"><span class=\"shariff-icon\" style=\"\"><svg width=\"32px\" height=\"20px\" xmlns=\"http:\/\/www.w3.org\/2000\/svg\" viewBox=\"0 0 32 32\"><path fill=\"#999\" d=\"M32 12.7v14.2q0 1.2-0.8 2t-2 0.9h-26.3q-1.2 0-2-0.9t-0.8-2v-14.2q0.8 0.9 1.8 1.6 6.5 4.4 8.9 6.1 1 0.8 1.6 1.2t1.7 0.9 2 0.4h0.1q0.9 0 2-0.4t1.7-0.9 1.6-1.2q3-2.2 8.9-6.1 1-0.7 1.8-1.6zM32 7.4q0 1.4-0.9 2.7t-2.2 2.2q-6.7 4.7-8.4 5.8-0.2 0.1-0.7 0.5t-1 0.7-0.9 0.6-1.1 0.5-0.9 0.2h-0.1q-0.4 0-0.9-0.2t-1.1-0.5-0.9-0.6-1-0.7-0.7-0.5q-1.6-1.1-4.7-3.2t-3.6-2.6q-1.1-0.7-2.1-2t-1-2.5q0-1.4 0.7-2.3t2.1-0.9h26.3q1.2 0 2 0.8t0.9 2z\"\/><\/svg><\/span><\/a><\/li><li class=\"shariff-button facebook shariff-nocustomcolor\" style=\"background-color:#4273c8\"><a href=\"https:\/\/www.facebook.com\/sharer\/sharer.php?u=https%3A%2F%2Funser-aschbach.de%2Fstaging2025%2F2021%2F08%2F06%2Funser-ortsvorsteher-informiert-tennis-meister-der-herren-40%2F\" title=\"Bei Facebook teilen\" aria-label=\"Bei Facebook teilen\" role=\"button\" rel=\"nofollow\" class=\"shariff-link\" style=\"; background-color:#3b5998; color:#fff\" target=\"_blank\"><span class=\"shariff-icon\" style=\"\"><svg width=\"32px\" height=\"20px\" xmlns=\"http:\/\/www.w3.org\/2000\/svg\" viewBox=\"0 0 18 32\"><path fill=\"#3b5998\" d=\"M17.1 0.2v4.7h-2.8q-1.5 0-2.1 0.6t-0.5 1.9v3.4h5.2l-0.7 5.3h-4.5v13.6h-5.5v-13.6h-4.5v-5.3h4.5v-3.9q0-3.3 1.9-5.2t5-1.8q2.6 0 4.1 0.2z\"\/><\/svg><\/span><\/a><\/li><li class=\"shariff-button whatsapp shariff-nocustomcolor\" style=\"background-color:#5cbe4a\"><a href=\"https:\/\/api.whatsapp.com\/send?text=https%3A%2F%2Funser-aschbach.de%2Fstaging2025%2F2021%2F08%2F06%2Funser-ortsvorsteher-informiert-tennis-meister-der-herren-40%2F%20Unser%20Ortsvorsteher%20informiert%20-TENNIS%3A%20Meister%20der%20Herren%2040\" title=\"Bei Whatsapp teilen\" aria-label=\"Bei Whatsapp teilen\" role=\"button\" rel=\"noopener nofollow\" class=\"shariff-link\" style=\"; background-color:#34af23; color:#fff\" target=\"_blank\"><span class=\"shariff-icon\" style=\"\"><svg width=\"32px\" height=\"20px\" xmlns=\"http:\/\/www.w3.org\/2000\/svg\" viewBox=\"0 0 32 32\"><path fill=\"#34af23\" d=\"M17.6 17.4q0.2 0 1.7 0.8t1.6 0.9q0 0.1 0 0.3 0 0.6-0.3 1.4-0.3 0.7-1.3 1.2t-1.8 0.5q-1 0-3.4-1.1-1.7-0.8-3-2.1t-2.6-3.3q-1.3-1.9-1.3-3.5v-0.1q0.1-1.6 1.3-2.8 0.4-0.4 0.9-0.4 0.1 0 0.3 0t0.3 0q0.3 0 0.5 0.1t0.3 0.5q0.1 0.4 0.6 1.6t0.4 1.3q0 0.4-0.6 1t-0.6 0.8q0 0.1 0.1 0.3 0.6 1.3 1.8 2.4 1 0.9 2.7 1.8 0.2 0.1 0.4 0.1 0.3 0 1-0.9t0.9-0.9zM14 26.9q2.3 0 4.3-0.9t3.6-2.4 2.4-3.6 0.9-4.3-0.9-4.3-2.4-3.6-3.6-2.4-4.3-0.9-4.3 0.9-3.6 2.4-2.4 3.6-0.9 4.3q0 3.6 2.1 6.6l-1.4 4.2 4.3-1.4q2.8 1.9 6.2 1.9zM14 2.2q2.7 0 5.2 1.1t4.3 2.9 2.9 4.3 1.1 5.2-1.1 5.2-2.9 4.3-4.3 2.9-5.2 1.1q-3.5 0-6.5-1.7l-7.4 2.4 2.4-7.2q-1.9-3.2-1.9-6.9 0-2.7 1.1-5.2t2.9-4.3 4.3-2.9 5.2-1.1z\"\/><\/svg><\/span><\/a><\/li><\/ul><\/div>","protected":false},"excerpt":{"rendered":"<p>Das traf sich f\u00fcr die Tennisspieler des SV Victoria Aschbach gut! W\u00e4hrend Tennisass Alexander ZVEREV in Tokio die Goldmedaille errang, brachten die Herren 40 in der A-Klasse, Region I ihre Meisterschaft unter Dach und Fach: Im letzten Match gegen den TV 1909 Uchtelfangen lie\u00dfen sie vor zahlreichen Zuschauern nichts mehr anbrennen und siegten souver\u00e4n mit&nbsp;&#8230;<\/p>\n<p> <a class=\"continue-reading-link\" href=\"https:\/\/unser-aschbach.de\/staging2025\/2021\/08\/06\/unser-ortsvorsteher-informiert-tennis-meister-der-herren-40\/\"><span>weiterlesen<\/span><i class=\"crycon-right-dir\"><\/i><\/a> <\/p>\n","protected":false},"author":1,"featured_media":4813,"comment_status":"open","ping_status":"open","sticky":false,"template":"","format":"standard","meta":{"jetpack_post_was_ever_published":false,"_jetpack_newsletter_access":"","_jetpack_dont_email_post_to_subs":false,"_jetpack_newsletter_tier_id":0,"_jetpack_memberships_contains_paywalled_content":false,"_jetpack_memberships_contains_paid_content":false,"footnotes":"","jetpack_publicize_message":"","jetpack_publicize_feature_enabled":true,"jetpack_social_post_already_shared":true,"jetpack_social_options":{"image_generator_settings":{"template":"highway","default_image_id":0,"font":"","enabled":false},"version":2}},"categories":[15,50,57],"tags":[],"class_list":["post-4812","post","type-post","status-publish","format-standard","has-post-thumbnail","hentry","category-aktionen","category-gruesse_glueckwuensche","category-sportverein"],"jetpack_publicize_connections":[],"jetpack_featured_media_url":"https:\/\/i0.wp.com\/unser-aschbach.de\/staging2025\/wp-content\/uploads\/2021\/08\/DSC_0873-scaled.jpg?fit=1200%2C800&ssl=1","jetpack_shortlink":"https:\/\/wp.me\/pggZrZ-1fC","jetpack-related-posts":[{"id":5369,"url":"https:\/\/unser-aschbach.de\/staging2025\/2023\/09\/26\/tennis-meister-2023\/","url_meta":{"origin":4812,"position":0},"title":"Tennis Meister 2023","author":"Someone","date":"26. September 2023","format":false,"excerpt":"Autor: Josef Nickolai Recht spannend verlief die diesj\u00e4hrige Saison 2023 f\u00fcr die Tennisspieler der \u00dc 30 .Erst nach dem letzten Spieltag mit einem Sieg in Urexweiler, am Kirmessamstag, stand der Meister 2023 fest: Die \u00dc30 der Sparte Tennis des SV Victoria Aschbach schloss die Herren 30 A-Klasse Akt 2 auf\u2026","rel":"","context":"In &quot;Allgemein&quot;","block_context":{"text":"Allgemein","link":"https:\/\/unser-aschbach.de\/staging2025\/category\/allgemein\/"},"img":{"alt_text":"","src":"https:\/\/i0.wp.com\/unser-aschbach.de\/staging2025\/wp-content\/uploads\/2023\/09\/DSC_3080-scaled.jpg?fit=1200%2C800&ssl=1&resize=350%2C200","width":350,"height":200,"srcset":"https:\/\/i0.wp.com\/unser-aschbach.de\/staging2025\/wp-content\/uploads\/2023\/09\/DSC_3080-scaled.jpg?fit=1200%2C800&ssl=1&resize=350%2C200 1x, https:\/\/i0.wp.com\/unser-aschbach.de\/staging2025\/wp-content\/uploads\/2023\/09\/DSC_3080-scaled.jpg?fit=1200%2C800&ssl=1&resize=525%2C300 1.5x, https:\/\/i0.wp.com\/unser-aschbach.de\/staging2025\/wp-content\/uploads\/2023\/09\/DSC_3080-scaled.jpg?fit=1200%2C800&ssl=1&resize=700%2C400 2x, https:\/\/i0.wp.com\/unser-aschbach.de\/staging2025\/wp-content\/uploads\/2023\/09\/DSC_3080-scaled.jpg?fit=1200%2C800&ssl=1&resize=1050%2C600 3x"},"classes":[]},{"id":5359,"url":"https:\/\/unser-aschbach.de\/staging2025\/2023\/09\/07\/19-dtb-voelkerball-pokal\/","url_meta":{"origin":4812,"position":1},"title":"19. DTB V\u00f6lkerball Pokal","author":"Someone","date":"7. September 2023","format":false,"excerpt":"TV Aschbach gl\u00e4nzt bundesweit mit 5. Platz Autor: Josef Nickolai Ohrenbet\u00e4ubende Fanges\u00e4nge und Anfeuerungsch\u00f6re erf\u00fcllten die Sporthalle Mettlach am ersten September-Wochenende. Spannung pur und totale Begeisterung oder tiefe Entt\u00e4uschung lagen in der Luft. 14 V\u00f6lkerballmannschaften aus der BRD trafen sich zum Kr\u00e4ftemessen beim 19. DTB-Pokal.\u00a0 Das SAARLAND wurde vertreten durch\u2026","rel":"","context":"In &quot;Aktionen&quot;","block_context":{"text":"Aktionen","link":"https:\/\/unser-aschbach.de\/staging2025\/category\/der-ort\/aktionen\/"},"img":{"alt_text":"","src":"https:\/\/i0.wp.com\/unser-aschbach.de\/staging2025\/wp-content\/uploads\/2023\/09\/IMG-20230905-WA0006.jpg?fit=1024%2C768&ssl=1&resize=350%2C200","width":350,"height":200,"srcset":"https:\/\/i0.wp.com\/unser-aschbach.de\/staging2025\/wp-content\/uploads\/2023\/09\/IMG-20230905-WA0006.jpg?fit=1024%2C768&ssl=1&resize=350%2C200 1x, https:\/\/i0.wp.com\/unser-aschbach.de\/staging2025\/wp-content\/uploads\/2023\/09\/IMG-20230905-WA0006.jpg?fit=1024%2C768&ssl=1&resize=525%2C300 1.5x, https:\/\/i0.wp.com\/unser-aschbach.de\/staging2025\/wp-content\/uploads\/2023\/09\/IMG-20230905-WA0006.jpg?fit=1024%2C768&ssl=1&resize=700%2C400 2x"},"classes":[]},{"id":4600,"url":"https:\/\/unser-aschbach.de\/staging2025\/2020\/10\/30\/unser-ortsvorsteher-informiert-erfolgreicher-aschbacher-trial-abschluss-2020\/","url_meta":{"origin":4812,"position":2},"title":"Unser Ortsvorsteher informiert &#8211;                           Erfolgreicher  Aschbacher TRIAL-Abschluss 2020","author":"Someone","date":"30. Oktober 2020","format":false,"excerpt":"-Saarl\u00e4ndische Meisterschaft und Saarl\u00e4ndische Vizemeisterschaft Im vierten, abschlie\u00dfenden Wertungslauf in Kerzenheim (Pfalz) blieb unseren Aschbacher\u00a0\u00a0Trial-Fahrern der Erfolg treu. Der 15j\u00e4hrige Finn SCHNUR lie\u00df in seinem Lauf mit einer starken, fahrerischen Trial-Leistung\u00a0\u00a0alle Konkurrenten hinter sich: Nach 4 Runden in 7 Sektionen eroberte er sich nach einer dreist\u00fcndigen Wettkampfzeit einen bravour\u00f6sen 1.Platz.\u2026","rel":"","context":"In &quot;Allgemein&quot;","block_context":{"text":"Allgemein","link":"https:\/\/unser-aschbach.de\/staging2025\/category\/allgemein\/"},"img":{"alt_text":"","src":"https:\/\/i0.wp.com\/unser-aschbach.de\/staging2025\/wp-content\/uploads\/2020\/10\/Leo-Heinrich.jpg?fit=1200%2C900&ssl=1&resize=350%2C200","width":350,"height":200,"srcset":"https:\/\/i0.wp.com\/unser-aschbach.de\/staging2025\/wp-content\/uploads\/2020\/10\/Leo-Heinrich.jpg?fit=1200%2C900&ssl=1&resize=350%2C200 1x, https:\/\/i0.wp.com\/unser-aschbach.de\/staging2025\/wp-content\/uploads\/2020\/10\/Leo-Heinrich.jpg?fit=1200%2C900&ssl=1&resize=525%2C300 1.5x, https:\/\/i0.wp.com\/unser-aschbach.de\/staging2025\/wp-content\/uploads\/2020\/10\/Leo-Heinrich.jpg?fit=1200%2C900&ssl=1&resize=700%2C400 2x, https:\/\/i0.wp.com\/unser-aschbach.de\/staging2025\/wp-content\/uploads\/2020\/10\/Leo-Heinrich.jpg?fit=1200%2C900&ssl=1&resize=1050%2C600 3x"},"classes":[]},{"id":4879,"url":"https:\/\/unser-aschbach.de\/staging2025\/2021\/10\/15\/finn-schnur\/","url_meta":{"origin":4812,"position":3},"title":"Finn Schnur","author":"Someone","date":"15. Oktober 2021","format":false,"excerpt":"Die erfolgreiche, sportliche Entwicklung unseres Trial-Talents Finn Schnur verl\u00e4uft, auch nach der langen Wettkampfpause, weiter aufw\u00e4rts: Nach dem 3.und 4. Trial- Lauf in Gro\u00dfheubach sicherte sich Finn mit zwei bravour\u00f6sen L\u00e4ufen im Finale in Neunkirchen-Siegerland den begehrten DMSB TRIAL-POKAL. Im Endergebnis belegte er als Jugendlicher (16J.) souver\u00e4n Platz 1 in\u2026","rel":"","context":"In &quot;Daten_Fakten&quot;","block_context":{"text":"Daten_Fakten","link":"https:\/\/unser-aschbach.de\/staging2025\/category\/der-ort\/daten_fakten\/"},"img":{"alt_text":"","src":"https:\/\/i0.wp.com\/unser-aschbach.de\/staging2025\/wp-content\/uploads\/2021\/10\/IMG_20211003_145003-scaled-e1634320692622.jpg?fit=918%2C1200&ssl=1&resize=350%2C200","width":350,"height":200,"srcset":"https:\/\/i0.wp.com\/unser-aschbach.de\/staging2025\/wp-content\/uploads\/2021\/10\/IMG_20211003_145003-scaled-e1634320692622.jpg?fit=918%2C1200&ssl=1&resize=350%2C200 1x, https:\/\/i0.wp.com\/unser-aschbach.de\/staging2025\/wp-content\/uploads\/2021\/10\/IMG_20211003_145003-scaled-e1634320692622.jpg?fit=918%2C1200&ssl=1&resize=525%2C300 1.5x, https:\/\/i0.wp.com\/unser-aschbach.de\/staging2025\/wp-content\/uploads\/2021\/10\/IMG_20211003_145003-scaled-e1634320692622.jpg?fit=918%2C1200&ssl=1&resize=700%2C400 2x"},"classes":[]},{"id":4787,"url":"https:\/\/unser-aschbach.de\/staging2025\/2021\/07\/21\/unser-ortsvorsteher-informiert-deutsche-trial-meisterschaft-erfolgreicher-finn-schnur\/","url_meta":{"origin":4812,"position":4},"title":"Unser Ortsvorsteher informiert- Deutsche Trial Meisterschaft &#8211; Erfolgreicher Finn Schnur","author":"Someone","date":"21. Juli 2021","format":false,"excerpt":"Auf dem heimischen\u00a0 TRIALSPORTCENTER LEBACH\u00a0 lie\u00df sich unser Aschbacher Trial-Talent Finn Schnur seine sportliche Chance nicht entgehen: Als 15 J\u00e4hriger startete er in der Klasse III der Erwachsenen UND behauptete sich hier bravour\u00f6s in den Sektionen der Rennstrecke!!! In den zwei L\u00e4ufen zum DMSB-TRIAL-POKAL belegte er es samstags Platz 2\u2026","rel":"","context":"In &quot;Ortsvorsteher&quot;","block_context":{"text":"Ortsvorsteher","link":"https:\/\/unser-aschbach.de\/staging2025\/category\/der-ort\/ortsvorsteher\/"},"img":{"alt_text":"","src":"https:\/\/i0.wp.com\/unser-aschbach.de\/staging2025\/wp-content\/uploads\/2021\/07\/IMG-20210717-WA0026.jpg?fit=1200%2C800&ssl=1&resize=350%2C200","width":350,"height":200,"srcset":"https:\/\/i0.wp.com\/unser-aschbach.de\/staging2025\/wp-content\/uploads\/2021\/07\/IMG-20210717-WA0026.jpg?fit=1200%2C800&ssl=1&resize=350%2C200 1x, https:\/\/i0.wp.com\/unser-aschbach.de\/staging2025\/wp-content\/uploads\/2021\/07\/IMG-20210717-WA0026.jpg?fit=1200%2C800&ssl=1&resize=525%2C300 1.5x, https:\/\/i0.wp.com\/unser-aschbach.de\/staging2025\/wp-content\/uploads\/2021\/07\/IMG-20210717-WA0026.jpg?fit=1200%2C800&ssl=1&resize=700%2C400 2x, https:\/\/i0.wp.com\/unser-aschbach.de\/staging2025\/wp-content\/uploads\/2021\/07\/IMG-20210717-WA0026.jpg?fit=1200%2C800&ssl=1&resize=1050%2C600 3x"},"classes":[]}],"jetpack_sharing_enabled":true,"_links":{"self":[{"href":"https:\/\/unser-aschbach.de\/staging2025\/wp-json\/wp\/v2\/posts\/4812","targetHints":{"allow":["GET"]}}],"collection":[{"href":"https:\/\/unser-aschbach.de\/staging2025\/wp-json\/wp\/v2\/posts"}],"about":[{"href":"https:\/\/unser-aschbach.de\/staging2025\/wp-json\/wp\/v2\/types\/post"}],"author":[{"embeddable":true,"href":"https:\/\/unser-aschbach.de\/staging2025\/wp-json\/wp\/v2\/users\/1"}],"replies":[{"embeddable":true,"href":"https:\/\/unser-aschbach.de\/staging2025\/wp-json\/wp\/v2\/comments?post=4812"}],"version-history":[{"count":1,"href":"https:\/\/unser-aschbach.de\/staging2025\/wp-json\/wp\/v2\/posts\/4812\/revisions"}],"predecessor-version":[{"id":4814,"href":"https:\/\/unser-aschbach.de\/staging2025\/wp-json\/wp\/v2\/posts\/4812\/revisions\/4814"}],"wp:featuredmedia":[{"embeddable":true,"href":"https:\/\/unser-aschbach.de\/staging2025\/wp-json\/wp\/v2\/media\/4813"}],"wp:attachment":[{"href":"https:\/\/unser-aschbach.de\/staging2025\/wp-json\/wp\/v2\/media?parent=4812"}],"wp:term":[{"taxonomy":"category","embeddable":true,"href":"https:\/\/unser-aschbach.de\/staging2025\/wp-json\/wp\/v2\/categories?post=4812"},{"taxonomy":"post_tag","embeddable":true,"href":"https:\/\/unser-aschbach.de\/staging2025\/wp-json\/wp\/v2\/tags?post=4812"}],"curies":[{"name":"wp","href":"https:\/\/api.w.org\/{rel}","templated":true}]}}