{"id":4804,"date":"2021-08-06T20:51:13","date_gmt":"2021-08-06T18:51:13","guid":{"rendered":"https:\/\/unser-aschbach.de\/staging2025\/?p=4804"},"modified":"2021-08-06T21:23:25","modified_gmt":"2021-08-06T19:23:25","slug":"unser-ortsvorsteher-informiert-loeschbezirke-lbz-aschbach-und-lebach-und-drk-rettungswache-gemeinsame-uebung-mit-drehleiter-und-krankenwagen","status":"publish","type":"post","link":"https:\/\/unser-aschbach.de\/staging2025\/2021\/08\/06\/unser-ortsvorsteher-informiert-loeschbezirke-lbz-aschbach-und-lebach-und-drk-rettungswache-gemeinsame-uebung-mit-drehleiter-und-krankenwagen\/","title":{"rendered":"Unser Ortsvorsteher informiert -L\u00f6schbezirke (Lbz) Aschbach und Lebach und DRK Rettungswache &#8211; Gemeinsame \u00dcbung mit Drehleiter und Krankenwagen"},"content":{"rendered":"\n<p class=\"has-drop-cap has-white-color has-vivid-red-background-color has-text-color has-background\"><strong>Nachdem<\/strong> im Verlaufe der letzten beiden Jahre mehrmals Mitb\u00fcrgerinnen\/Mitb\u00fcrger in Aschbach mit Hilfe der Drehleiter des Lbz\u00b4s Lebach aus lebensbedrohlichen Situationen gerettet wurden, fand am Samstag, 31.07.2021 zu dieser Einsatzart eine entsprechende \u00dcbung unserer Feuerwehr statt. Unter der Planung von <strong>Feuerwehrmann Yannik KREMP <\/strong>\u00a0wurde das Zusammenwirken zwischen dem <strong>Lbz Aschbach(Leitung:Yannick Kremp)<\/strong>, dem <strong>Drehleiter-Team des Lbz\u00b4s Lebach<\/strong> <strong>(Leitung:Steffen Kaspar) <\/strong>und der <strong>DRK Rettungswache Lebach (Leitung: Sebastian Klein) <\/strong>ge\u00fcbt.<\/p>\n\n\n\n<!--nextpage-->\n\n\n\n<p>&nbsp;In einer <em><u>ersten \u00dcbungseinheit<\/u><\/em> wurde hierbei zun\u00e4chst die Rettung einer Person (Joshua Zarth) aus dem Rektorzimmer im OG unserer ehemaligen Grundschule auf einer <strong>Trage<\/strong> mit Hilfe der <strong>Drehleiter <\/strong>durchgef\u00fchrt. Alternativ zur Trage \u00fcbten die beteiligten Rettungskr\u00e4fte zur gleichen Rettungssituation in einer <em><u>zweiten \u00dcbungseinheit<\/u><\/em> mit einem <strong>Schleifkorb, <\/strong>der besser zu handhaben war. Der Leiter des Drehleiter-Teams Steffen Kaspar erl\u00e4uterte anschlie\u00dfend die vielseitige Ausr\u00fcstung des <strong>D<\/strong>reh<strong>L<\/strong>eiter <strong>A<\/strong>utomatik<strong>K<\/strong>orb&nbsp; <strong>DLAK 23\/12 <\/strong>.<\/p>\n\n\n\n<p>In <em><u>\u00dcbungseinheit 3<\/u><\/em> erkl\u00e4rte Sebastian Klein von der Rettungswache Lebach, ebenfalls Feuerwehrmann, die speziellen Eigenschaften der Trage und ihre Handhabung.<\/p>\n\n\n\n<p><strong>L\u00f6schbezirksf\u00fchrer Hubert SCH\u00d6N <\/strong>dankte dem Drehleiter-Team des Lbz\u00b4s Lebach und dem DRK-Team der Rettungswache Lebach f\u00fcr diese kooperative \u00dcbung, die letztlich den in Not geratenen Mitb\u00fcrgerInnen zugute kommt.<\/p>\n\n\n\n<p>Im Namen unserer Mitb\u00fcrgerInnen allen Beteiligten ein <strong>herzliches Danke Sch\u00f6n <\/strong>f\u00fcr ihr ehrenamtliches Engagement, das auch viel Freizeit zugunsten der Gemeinschaft kostet.<\/p>\n\n\n\n<figure class=\"wp-block-gallery columns-2 is-cropped wp-block-gallery-1 is-layout-flex wp-block-gallery-is-layout-flex\"><ul class=\"blocks-gallery-grid\"><li class=\"blocks-gallery-item\"><figure><img data-recalc-dims=\"1\" decoding=\"async\" width=\"300\" height=\"200\" data-attachment-id=\"4805\" data-permalink=\"https:\/\/unser-aschbach.de\/staging2025\/2021\/08\/06\/unser-ortsvorsteher-informiert-loeschbezirke-lbz-aschbach-und-lebach-und-drk-rettungswache-gemeinsame-uebung-mit-drehleiter-und-krankenwagen\/dsc_0621-2\/\" data-orig-file=\"https:\/\/i0.wp.com\/unser-aschbach.de\/staging2025\/wp-content\/uploads\/2021\/08\/DSC_0621-scaled.jpg?fit=1200%2C800&amp;ssl=1\" data-orig-size=\"1200,800\" data-comments-opened=\"1\" data-image-meta=\"{&quot;aperture&quot;:&quot;5.6&quot;,&quot;credit&quot;:&quot;&quot;,&quot;camera&quot;:&quot;NIKON D3100&quot;,&quot;caption&quot;:&quot;&quot;,&quot;created_timestamp&quot;:&quot;1627148878&quot;,&quot;copyright&quot;:&quot;&quot;,&quot;focal_length&quot;:&quot;18&quot;,&quot;iso&quot;:&quot;100&quot;,&quot;shutter_speed&quot;:&quot;0.008&quot;,&quot;title&quot;:&quot;&quot;,&quot;orientation&quot;:&quot;1&quot;}\" data-image-title=\"DSC_0621\" data-image-description=\"\" data-image-caption=\"\" data-medium-file=\"https:\/\/i0.wp.com\/unser-aschbach.de\/staging2025\/wp-content\/uploads\/2021\/08\/DSC_0621-scaled.jpg?fit=300%2C200&amp;ssl=1\" data-large-file=\"https:\/\/i0.wp.com\/unser-aschbach.de\/staging2025\/wp-content\/uploads\/2021\/08\/DSC_0621-scaled.jpg?fit=900%2C600&amp;ssl=1\" src=\"https:\/\/i0.wp.com\/unser-aschbach.de\/staging2025\/wp-content\/uploads\/2021\/08\/DSC_0621.jpg?resize=300%2C200&#038;ssl=1\" alt=\"\" data-id=\"4805\" data-link=\"https:\/\/unser-aschbach.de\/staging2025\/?attachment_id=4805\" class=\"wp-image-4805\" srcset=\"https:\/\/i0.wp.com\/unser-aschbach.de\/staging2025\/wp-content\/uploads\/2021\/08\/DSC_0621-scaled.jpg?resize=300%2C200&amp;ssl=1 300w, https:\/\/i0.wp.com\/unser-aschbach.de\/staging2025\/wp-content\/uploads\/2021\/08\/DSC_0621-scaled.jpg?resize=1024%2C683&amp;ssl=1 1024w, https:\/\/i0.wp.com\/unser-aschbach.de\/staging2025\/wp-content\/uploads\/2021\/08\/DSC_0621-scaled.jpg?resize=768%2C512&amp;ssl=1 768w, https:\/\/i0.wp.com\/unser-aschbach.de\/staging2025\/wp-content\/uploads\/2021\/08\/DSC_0621-scaled.jpg?resize=1536%2C1024&amp;ssl=1 1536w, https:\/\/i0.wp.com\/unser-aschbach.de\/staging2025\/wp-content\/uploads\/2021\/08\/DSC_0621-scaled.jpg?resize=2048%2C1365&amp;ssl=1 2048w, https:\/\/i0.wp.com\/unser-aschbach.de\/staging2025\/wp-content\/uploads\/2021\/08\/DSC_0621-scaled.jpg?w=1200&amp;ssl=1 1200w\" sizes=\"(max-width: 300px) 100vw, 300px\" \/><\/figure><\/li><li class=\"blocks-gallery-item\"><figure><img data-recalc-dims=\"1\" decoding=\"async\" width=\"300\" height=\"200\" data-attachment-id=\"4806\" data-permalink=\"https:\/\/unser-aschbach.de\/staging2025\/2021\/08\/06\/unser-ortsvorsteher-informiert-loeschbezirke-lbz-aschbach-und-lebach-und-drk-rettungswache-gemeinsame-uebung-mit-drehleiter-und-krankenwagen\/dsc_0596\/\" data-orig-file=\"https:\/\/i0.wp.com\/unser-aschbach.de\/staging2025\/wp-content\/uploads\/2021\/08\/DSC_0596-scaled.jpg?fit=1200%2C800&amp;ssl=1\" data-orig-size=\"1200,800\" data-comments-opened=\"1\" data-image-meta=\"{&quot;aperture&quot;:&quot;5.6&quot;,&quot;credit&quot;:&quot;&quot;,&quot;camera&quot;:&quot;NIKON D3100&quot;,&quot;caption&quot;:&quot;&quot;,&quot;created_timestamp&quot;:&quot;1627146587&quot;,&quot;copyright&quot;:&quot;&quot;,&quot;focal_length&quot;:&quot;30&quot;,&quot;iso&quot;:&quot;320&quot;,&quot;shutter_speed&quot;:&quot;0.008&quot;,&quot;title&quot;:&quot;&quot;,&quot;orientation&quot;:&quot;1&quot;}\" data-image-title=\"DSC_0596\" data-image-description=\"\" data-image-caption=\"\" data-medium-file=\"https:\/\/i0.wp.com\/unser-aschbach.de\/staging2025\/wp-content\/uploads\/2021\/08\/DSC_0596-scaled.jpg?fit=300%2C200&amp;ssl=1\" data-large-file=\"https:\/\/i0.wp.com\/unser-aschbach.de\/staging2025\/wp-content\/uploads\/2021\/08\/DSC_0596-scaled.jpg?fit=900%2C600&amp;ssl=1\" src=\"https:\/\/i0.wp.com\/unser-aschbach.de\/staging2025\/wp-content\/uploads\/2021\/08\/DSC_0596.jpg?resize=300%2C200&#038;ssl=1\" alt=\"\" data-id=\"4806\" data-link=\"https:\/\/unser-aschbach.de\/staging2025\/?attachment_id=4806\" class=\"wp-image-4806\" srcset=\"https:\/\/i0.wp.com\/unser-aschbach.de\/staging2025\/wp-content\/uploads\/2021\/08\/DSC_0596-scaled.jpg?resize=300%2C200&amp;ssl=1 300w, https:\/\/i0.wp.com\/unser-aschbach.de\/staging2025\/wp-content\/uploads\/2021\/08\/DSC_0596-scaled.jpg?resize=1024%2C683&amp;ssl=1 1024w, https:\/\/i0.wp.com\/unser-aschbach.de\/staging2025\/wp-content\/uploads\/2021\/08\/DSC_0596-scaled.jpg?resize=768%2C512&amp;ssl=1 768w, https:\/\/i0.wp.com\/unser-aschbach.de\/staging2025\/wp-content\/uploads\/2021\/08\/DSC_0596-scaled.jpg?resize=1536%2C1024&amp;ssl=1 1536w, https:\/\/i0.wp.com\/unser-aschbach.de\/staging2025\/wp-content\/uploads\/2021\/08\/DSC_0596-scaled.jpg?resize=2048%2C1365&amp;ssl=1 2048w, https:\/\/i0.wp.com\/unser-aschbach.de\/staging2025\/wp-content\/uploads\/2021\/08\/DSC_0596-scaled.jpg?w=1200&amp;ssl=1 1200w\" sizes=\"(max-width: 300px) 100vw, 300px\" \/><\/figure><\/li><li class=\"blocks-gallery-item\"><figure><img data-recalc-dims=\"1\" decoding=\"async\" width=\"300\" height=\"200\" data-attachment-id=\"4807\" data-permalink=\"https:\/\/unser-aschbach.de\/staging2025\/2021\/08\/06\/unser-ortsvorsteher-informiert-loeschbezirke-lbz-aschbach-und-lebach-und-drk-rettungswache-gemeinsame-uebung-mit-drehleiter-und-krankenwagen\/dsc_0600-2\/\" data-orig-file=\"https:\/\/i0.wp.com\/unser-aschbach.de\/staging2025\/wp-content\/uploads\/2021\/08\/DSC_0600-scaled.jpg?fit=1200%2C800&amp;ssl=1\" data-orig-size=\"1200,800\" data-comments-opened=\"1\" data-image-meta=\"{&quot;aperture&quot;:&quot;5.6&quot;,&quot;credit&quot;:&quot;&quot;,&quot;camera&quot;:&quot;NIKON D3100&quot;,&quot;caption&quot;:&quot;&quot;,&quot;created_timestamp&quot;:&quot;1627147642&quot;,&quot;copyright&quot;:&quot;&quot;,&quot;focal_length&quot;:&quot;18&quot;,&quot;iso&quot;:&quot;320&quot;,&quot;shutter_speed&quot;:&quot;0.008&quot;,&quot;title&quot;:&quot;&quot;,&quot;orientation&quot;:&quot;1&quot;}\" data-image-title=\"DSC_0600\" data-image-description=\"\" data-image-caption=\"\" data-medium-file=\"https:\/\/i0.wp.com\/unser-aschbach.de\/staging2025\/wp-content\/uploads\/2021\/08\/DSC_0600-scaled.jpg?fit=300%2C200&amp;ssl=1\" data-large-file=\"https:\/\/i0.wp.com\/unser-aschbach.de\/staging2025\/wp-content\/uploads\/2021\/08\/DSC_0600-scaled.jpg?fit=900%2C600&amp;ssl=1\" src=\"https:\/\/i0.wp.com\/unser-aschbach.de\/staging2025\/wp-content\/uploads\/2021\/08\/DSC_0600.jpg?resize=300%2C200&#038;ssl=1\" alt=\"\" data-id=\"4807\" data-link=\"https:\/\/unser-aschbach.de\/staging2025\/?attachment_id=4807\" class=\"wp-image-4807\" srcset=\"https:\/\/i0.wp.com\/unser-aschbach.de\/staging2025\/wp-content\/uploads\/2021\/08\/DSC_0600-scaled.jpg?resize=300%2C200&amp;ssl=1 300w, https:\/\/i0.wp.com\/unser-aschbach.de\/staging2025\/wp-content\/uploads\/2021\/08\/DSC_0600-scaled.jpg?resize=1024%2C683&amp;ssl=1 1024w, https:\/\/i0.wp.com\/unser-aschbach.de\/staging2025\/wp-content\/uploads\/2021\/08\/DSC_0600-scaled.jpg?resize=768%2C512&amp;ssl=1 768w, https:\/\/i0.wp.com\/unser-aschbach.de\/staging2025\/wp-content\/uploads\/2021\/08\/DSC_0600-scaled.jpg?resize=1536%2C1024&amp;ssl=1 1536w, https:\/\/i0.wp.com\/unser-aschbach.de\/staging2025\/wp-content\/uploads\/2021\/08\/DSC_0600-scaled.jpg?resize=2048%2C1365&amp;ssl=1 2048w, https:\/\/i0.wp.com\/unser-aschbach.de\/staging2025\/wp-content\/uploads\/2021\/08\/DSC_0600-scaled.jpg?w=1200&amp;ssl=1 1200w\" sizes=\"(max-width: 300px) 100vw, 300px\" \/><\/figure><\/li><li class=\"blocks-gallery-item\"><figure><img data-recalc-dims=\"1\" decoding=\"async\" width=\"300\" height=\"200\" data-attachment-id=\"4808\" data-permalink=\"https:\/\/unser-aschbach.de\/staging2025\/2021\/08\/06\/unser-ortsvorsteher-informiert-loeschbezirke-lbz-aschbach-und-lebach-und-drk-rettungswache-gemeinsame-uebung-mit-drehleiter-und-krankenwagen\/dsc_0614-3\/\" data-orig-file=\"https:\/\/i0.wp.com\/unser-aschbach.de\/staging2025\/wp-content\/uploads\/2021\/08\/DSC_0614-scaled.jpg?fit=1200%2C800&amp;ssl=1\" data-orig-size=\"1200,800\" data-comments-opened=\"1\" data-image-meta=\"{&quot;aperture&quot;:&quot;4&quot;,&quot;credit&quot;:&quot;&quot;,&quot;camera&quot;:&quot;NIKON D3100&quot;,&quot;caption&quot;:&quot;&quot;,&quot;created_timestamp&quot;:&quot;1627148713&quot;,&quot;copyright&quot;:&quot;&quot;,&quot;focal_length&quot;:&quot;18&quot;,&quot;iso&quot;:&quot;125&quot;,&quot;shutter_speed&quot;:&quot;0.008&quot;,&quot;title&quot;:&quot;&quot;,&quot;orientation&quot;:&quot;1&quot;}\" data-image-title=\"DSC_0614\" data-image-description=\"\" data-image-caption=\"\" data-medium-file=\"https:\/\/i0.wp.com\/unser-aschbach.de\/staging2025\/wp-content\/uploads\/2021\/08\/DSC_0614-scaled.jpg?fit=300%2C200&amp;ssl=1\" data-large-file=\"https:\/\/i0.wp.com\/unser-aschbach.de\/staging2025\/wp-content\/uploads\/2021\/08\/DSC_0614-scaled.jpg?fit=900%2C600&amp;ssl=1\" src=\"https:\/\/i0.wp.com\/unser-aschbach.de\/staging2025\/wp-content\/uploads\/2021\/08\/DSC_0614.jpg?resize=300%2C200&#038;ssl=1\" alt=\"\" data-id=\"4808\" data-link=\"https:\/\/unser-aschbach.de\/staging2025\/?attachment_id=4808\" class=\"wp-image-4808\" srcset=\"https:\/\/i0.wp.com\/unser-aschbach.de\/staging2025\/wp-content\/uploads\/2021\/08\/DSC_0614-scaled.jpg?resize=300%2C200&amp;ssl=1 300w, https:\/\/i0.wp.com\/unser-aschbach.de\/staging2025\/wp-content\/uploads\/2021\/08\/DSC_0614-scaled.jpg?resize=1024%2C683&amp;ssl=1 1024w, https:\/\/i0.wp.com\/unser-aschbach.de\/staging2025\/wp-content\/uploads\/2021\/08\/DSC_0614-scaled.jpg?resize=768%2C512&amp;ssl=1 768w, https:\/\/i0.wp.com\/unser-aschbach.de\/staging2025\/wp-content\/uploads\/2021\/08\/DSC_0614-scaled.jpg?resize=1536%2C1024&amp;ssl=1 1536w, https:\/\/i0.wp.com\/unser-aschbach.de\/staging2025\/wp-content\/uploads\/2021\/08\/DSC_0614-scaled.jpg?resize=2048%2C1365&amp;ssl=1 2048w, https:\/\/i0.wp.com\/unser-aschbach.de\/staging2025\/wp-content\/uploads\/2021\/08\/DSC_0614-scaled.jpg?w=1200&amp;ssl=1 1200w\" sizes=\"(max-width: 300px) 100vw, 300px\" \/><\/figure><\/li><li class=\"blocks-gallery-item\"><figure><img data-recalc-dims=\"1\" decoding=\"async\" width=\"900\" height=\"600\" data-attachment-id=\"4823\" data-permalink=\"https:\/\/unser-aschbach.de\/staging2025\/2021\/08\/06\/unser-ortsvorsteher-informiert-loeschbezirke-lbz-aschbach-und-lebach-und-drk-rettungswache-gemeinsame-uebung-mit-drehleiter-und-krankenwagen\/dsc_0628-2\/\" data-orig-file=\"https:\/\/i0.wp.com\/unser-aschbach.de\/staging2025\/wp-content\/uploads\/2021\/08\/DSC_0628-scaled.jpg?fit=1200%2C800&amp;ssl=1\" data-orig-size=\"1200,800\" data-comments-opened=\"1\" data-image-meta=\"{&quot;aperture&quot;:&quot;4&quot;,&quot;credit&quot;:&quot;&quot;,&quot;camera&quot;:&quot;NIKON D3100&quot;,&quot;caption&quot;:&quot;&quot;,&quot;created_timestamp&quot;:&quot;1627149267&quot;,&quot;copyright&quot;:&quot;&quot;,&quot;focal_length&quot;:&quot;18&quot;,&quot;iso&quot;:&quot;100&quot;,&quot;shutter_speed&quot;:&quot;0.00625&quot;,&quot;title&quot;:&quot;&quot;,&quot;orientation&quot;:&quot;1&quot;}\" data-image-title=\"DSC_0628\" data-image-description=\"\" data-image-caption=\"\" data-medium-file=\"https:\/\/i0.wp.com\/unser-aschbach.de\/staging2025\/wp-content\/uploads\/2021\/08\/DSC_0628-scaled.jpg?fit=300%2C200&amp;ssl=1\" data-large-file=\"https:\/\/i0.wp.com\/unser-aschbach.de\/staging2025\/wp-content\/uploads\/2021\/08\/DSC_0628-scaled.jpg?fit=900%2C600&amp;ssl=1\" src=\"https:\/\/i0.wp.com\/unser-aschbach.de\/staging2025\/wp-content\/uploads\/2021\/08\/DSC_0628.jpg?resize=900%2C600&#038;ssl=1\" alt=\"\" data-id=\"4823\" data-full-url=\"https:\/\/unser-aschbach.de\/staging2025\/wp-content\/uploads\/2021\/08\/DSC_0628-scaled.jpg\" data-link=\"https:\/\/unser-aschbach.de\/staging2025\/2021\/08\/06\/unser-ortsvorsteher-informiert-loeschbezirke-lbz-aschbach-und-lebach-und-drk-rettungswache-gemeinsame-uebung-mit-drehleiter-und-krankenwagen\/dsc_0628-2\/\" class=\"wp-image-4823\" srcset=\"https:\/\/i0.wp.com\/unser-aschbach.de\/staging2025\/wp-content\/uploads\/2021\/08\/DSC_0628-scaled.jpg?resize=1024%2C683&amp;ssl=1 1024w, https:\/\/i0.wp.com\/unser-aschbach.de\/staging2025\/wp-content\/uploads\/2021\/08\/DSC_0628-scaled.jpg?resize=300%2C200&amp;ssl=1 300w, https:\/\/i0.wp.com\/unser-aschbach.de\/staging2025\/wp-content\/uploads\/2021\/08\/DSC_0628-scaled.jpg?resize=768%2C512&amp;ssl=1 768w, https:\/\/i0.wp.com\/unser-aschbach.de\/staging2025\/wp-content\/uploads\/2021\/08\/DSC_0628-scaled.jpg?resize=1536%2C1024&amp;ssl=1 1536w, https:\/\/i0.wp.com\/unser-aschbach.de\/staging2025\/wp-content\/uploads\/2021\/08\/DSC_0628-scaled.jpg?resize=2048%2C1365&amp;ssl=1 2048w, https:\/\/i0.wp.com\/unser-aschbach.de\/staging2025\/wp-content\/uploads\/2021\/08\/DSC_0628-scaled.jpg?w=1200&amp;ssl=1 1200w\" sizes=\"(max-width: 900px) 100vw, 900px\" \/><\/figure><\/li><li class=\"blocks-gallery-item\"><figure><img data-recalc-dims=\"1\" decoding=\"async\" width=\"900\" height=\"600\" data-attachment-id=\"4824\" data-permalink=\"https:\/\/unser-aschbach.de\/staging2025\/2021\/08\/06\/unser-ortsvorsteher-informiert-loeschbezirke-lbz-aschbach-und-lebach-und-drk-rettungswache-gemeinsame-uebung-mit-drehleiter-und-krankenwagen\/dsc_0634\/\" data-orig-file=\"https:\/\/i0.wp.com\/unser-aschbach.de\/staging2025\/wp-content\/uploads\/2021\/08\/DSC_0634-scaled.jpg?fit=1200%2C800&amp;ssl=1\" data-orig-size=\"1200,800\" data-comments-opened=\"1\" data-image-meta=\"{&quot;aperture&quot;:&quot;5.6&quot;,&quot;credit&quot;:&quot;&quot;,&quot;camera&quot;:&quot;NIKON D3100&quot;,&quot;caption&quot;:&quot;&quot;,&quot;created_timestamp&quot;:&quot;1627149465&quot;,&quot;copyright&quot;:&quot;&quot;,&quot;focal_length&quot;:&quot;50&quot;,&quot;iso&quot;:&quot;100&quot;,&quot;shutter_speed&quot;:&quot;0.008&quot;,&quot;title&quot;:&quot;&quot;,&quot;orientation&quot;:&quot;1&quot;}\" data-image-title=\"DSC_0634\" data-image-description=\"\" data-image-caption=\"\" data-medium-file=\"https:\/\/i0.wp.com\/unser-aschbach.de\/staging2025\/wp-content\/uploads\/2021\/08\/DSC_0634-scaled.jpg?fit=300%2C200&amp;ssl=1\" data-large-file=\"https:\/\/i0.wp.com\/unser-aschbach.de\/staging2025\/wp-content\/uploads\/2021\/08\/DSC_0634-scaled.jpg?fit=900%2C600&amp;ssl=1\" src=\"https:\/\/i0.wp.com\/unser-aschbach.de\/staging2025\/wp-content\/uploads\/2021\/08\/DSC_0634.jpg?resize=900%2C600&#038;ssl=1\" alt=\"\" data-id=\"4824\" data-full-url=\"https:\/\/unser-aschbach.de\/staging2025\/wp-content\/uploads\/2021\/08\/DSC_0634-scaled.jpg\" data-link=\"https:\/\/unser-aschbach.de\/staging2025\/2021\/08\/06\/unser-ortsvorsteher-informiert-loeschbezirke-lbz-aschbach-und-lebach-und-drk-rettungswache-gemeinsame-uebung-mit-drehleiter-und-krankenwagen\/dsc_0634\/\" class=\"wp-image-4824\" srcset=\"https:\/\/i0.wp.com\/unser-aschbach.de\/staging2025\/wp-content\/uploads\/2021\/08\/DSC_0634-scaled.jpg?resize=1024%2C683&amp;ssl=1 1024w, https:\/\/i0.wp.com\/unser-aschbach.de\/staging2025\/wp-content\/uploads\/2021\/08\/DSC_0634-scaled.jpg?resize=300%2C200&amp;ssl=1 300w, https:\/\/i0.wp.com\/unser-aschbach.de\/staging2025\/wp-content\/uploads\/2021\/08\/DSC_0634-scaled.jpg?resize=768%2C512&amp;ssl=1 768w, https:\/\/i0.wp.com\/unser-aschbach.de\/staging2025\/wp-content\/uploads\/2021\/08\/DSC_0634-scaled.jpg?resize=1536%2C1024&amp;ssl=1 1536w, https:\/\/i0.wp.com\/unser-aschbach.de\/staging2025\/wp-content\/uploads\/2021\/08\/DSC_0634-scaled.jpg?resize=2048%2C1365&amp;ssl=1 2048w, https:\/\/i0.wp.com\/unser-aschbach.de\/staging2025\/wp-content\/uploads\/2021\/08\/DSC_0634-scaled.jpg?w=1200&amp;ssl=1 1200w\" sizes=\"(max-width: 900px) 100vw, 900px\" \/><\/figure><\/li><li class=\"blocks-gallery-item\"><figure><img data-recalc-dims=\"1\" decoding=\"async\" width=\"900\" height=\"600\" data-attachment-id=\"4825\" data-permalink=\"https:\/\/unser-aschbach.de\/staging2025\/2021\/08\/06\/unser-ortsvorsteher-informiert-loeschbezirke-lbz-aschbach-und-lebach-und-drk-rettungswache-gemeinsame-uebung-mit-drehleiter-und-krankenwagen\/dsc_0637\/\" data-orig-file=\"https:\/\/i0.wp.com\/unser-aschbach.de\/staging2025\/wp-content\/uploads\/2021\/08\/DSC_0637-scaled.jpg?fit=1200%2C800&amp;ssl=1\" data-orig-size=\"1200,800\" data-comments-opened=\"1\" data-image-meta=\"{&quot;aperture&quot;:&quot;5.6&quot;,&quot;credit&quot;:&quot;&quot;,&quot;camera&quot;:&quot;NIKON D3100&quot;,&quot;caption&quot;:&quot;&quot;,&quot;created_timestamp&quot;:&quot;1627149618&quot;,&quot;copyright&quot;:&quot;&quot;,&quot;focal_length&quot;:&quot;18&quot;,&quot;iso&quot;:&quot;160&quot;,&quot;shutter_speed&quot;:&quot;0.008&quot;,&quot;title&quot;:&quot;&quot;,&quot;orientation&quot;:&quot;1&quot;}\" data-image-title=\"DSC_0637\" data-image-description=\"\" data-image-caption=\"\" data-medium-file=\"https:\/\/i0.wp.com\/unser-aschbach.de\/staging2025\/wp-content\/uploads\/2021\/08\/DSC_0637-scaled.jpg?fit=300%2C200&amp;ssl=1\" data-large-file=\"https:\/\/i0.wp.com\/unser-aschbach.de\/staging2025\/wp-content\/uploads\/2021\/08\/DSC_0637-scaled.jpg?fit=900%2C600&amp;ssl=1\" src=\"https:\/\/i0.wp.com\/unser-aschbach.de\/staging2025\/wp-content\/uploads\/2021\/08\/DSC_0637.jpg?resize=900%2C600&#038;ssl=1\" alt=\"\" data-id=\"4825\" data-full-url=\"https:\/\/unser-aschbach.de\/staging2025\/wp-content\/uploads\/2021\/08\/DSC_0637-scaled.jpg\" data-link=\"https:\/\/unser-aschbach.de\/staging2025\/2021\/08\/06\/unser-ortsvorsteher-informiert-loeschbezirke-lbz-aschbach-und-lebach-und-drk-rettungswache-gemeinsame-uebung-mit-drehleiter-und-krankenwagen\/dsc_0637\/\" class=\"wp-image-4825\" srcset=\"https:\/\/i0.wp.com\/unser-aschbach.de\/staging2025\/wp-content\/uploads\/2021\/08\/DSC_0637-scaled.jpg?resize=1024%2C683&amp;ssl=1 1024w, https:\/\/i0.wp.com\/unser-aschbach.de\/staging2025\/wp-content\/uploads\/2021\/08\/DSC_0637-scaled.jpg?resize=300%2C200&amp;ssl=1 300w, https:\/\/i0.wp.com\/unser-aschbach.de\/staging2025\/wp-content\/uploads\/2021\/08\/DSC_0637-scaled.jpg?resize=768%2C512&amp;ssl=1 768w, https:\/\/i0.wp.com\/unser-aschbach.de\/staging2025\/wp-content\/uploads\/2021\/08\/DSC_0637-scaled.jpg?resize=1536%2C1024&amp;ssl=1 1536w, https:\/\/i0.wp.com\/unser-aschbach.de\/staging2025\/wp-content\/uploads\/2021\/08\/DSC_0637-scaled.jpg?resize=2048%2C1365&amp;ssl=1 2048w, https:\/\/i0.wp.com\/unser-aschbach.de\/staging2025\/wp-content\/uploads\/2021\/08\/DSC_0637-scaled.jpg?w=1200&amp;ssl=1 1200w\" sizes=\"(max-width: 900px) 100vw, 900px\" \/><\/figure><\/li><li class=\"blocks-gallery-item\"><figure><img data-recalc-dims=\"1\" decoding=\"async\" width=\"900\" height=\"600\" data-attachment-id=\"4826\" data-permalink=\"https:\/\/unser-aschbach.de\/staging2025\/2021\/08\/06\/unser-ortsvorsteher-informiert-loeschbezirke-lbz-aschbach-und-lebach-und-drk-rettungswache-gemeinsame-uebung-mit-drehleiter-und-krankenwagen\/dsc_0643-2\/\" data-orig-file=\"https:\/\/i0.wp.com\/unser-aschbach.de\/staging2025\/wp-content\/uploads\/2021\/08\/DSC_0643-scaled.jpg?fit=1200%2C800&amp;ssl=1\" data-orig-size=\"1200,800\" data-comments-opened=\"1\" data-image-meta=\"{&quot;aperture&quot;:&quot;4.5&quot;,&quot;credit&quot;:&quot;&quot;,&quot;camera&quot;:&quot;NIKON D3100&quot;,&quot;caption&quot;:&quot;&quot;,&quot;created_timestamp&quot;:&quot;1627150015&quot;,&quot;copyright&quot;:&quot;&quot;,&quot;focal_length&quot;:&quot;24&quot;,&quot;iso&quot;:&quot;400&quot;,&quot;shutter_speed&quot;:&quot;0.0125&quot;,&quot;title&quot;:&quot;&quot;,&quot;orientation&quot;:&quot;1&quot;}\" data-image-title=\"DSC_0643\" data-image-description=\"\" data-image-caption=\"\" data-medium-file=\"https:\/\/i0.wp.com\/unser-aschbach.de\/staging2025\/wp-content\/uploads\/2021\/08\/DSC_0643-scaled.jpg?fit=300%2C200&amp;ssl=1\" data-large-file=\"https:\/\/i0.wp.com\/unser-aschbach.de\/staging2025\/wp-content\/uploads\/2021\/08\/DSC_0643-scaled.jpg?fit=900%2C600&amp;ssl=1\" src=\"https:\/\/i0.wp.com\/unser-aschbach.de\/staging2025\/wp-content\/uploads\/2021\/08\/DSC_0643.jpg?resize=900%2C600&#038;ssl=1\" alt=\"\" data-id=\"4826\" data-full-url=\"https:\/\/unser-aschbach.de\/staging2025\/wp-content\/uploads\/2021\/08\/DSC_0643-scaled.jpg\" data-link=\"https:\/\/unser-aschbach.de\/staging2025\/2021\/08\/06\/unser-ortsvorsteher-informiert-loeschbezirke-lbz-aschbach-und-lebach-und-drk-rettungswache-gemeinsame-uebung-mit-drehleiter-und-krankenwagen\/dsc_0643-2\/\" class=\"wp-image-4826\" srcset=\"https:\/\/i0.wp.com\/unser-aschbach.de\/staging2025\/wp-content\/uploads\/2021\/08\/DSC_0643-scaled.jpg?resize=1024%2C683&amp;ssl=1 1024w, https:\/\/i0.wp.com\/unser-aschbach.de\/staging2025\/wp-content\/uploads\/2021\/08\/DSC_0643-scaled.jpg?resize=300%2C200&amp;ssl=1 300w, https:\/\/i0.wp.com\/unser-aschbach.de\/staging2025\/wp-content\/uploads\/2021\/08\/DSC_0643-scaled.jpg?resize=768%2C512&amp;ssl=1 768w, https:\/\/i0.wp.com\/unser-aschbach.de\/staging2025\/wp-content\/uploads\/2021\/08\/DSC_0643-scaled.jpg?resize=1536%2C1024&amp;ssl=1 1536w, https:\/\/i0.wp.com\/unser-aschbach.de\/staging2025\/wp-content\/uploads\/2021\/08\/DSC_0643-scaled.jpg?resize=2048%2C1365&amp;ssl=1 2048w, https:\/\/i0.wp.com\/unser-aschbach.de\/staging2025\/wp-content\/uploads\/2021\/08\/DSC_0643-scaled.jpg?w=1200&amp;ssl=1 1200w\" sizes=\"(max-width: 900px) 100vw, 900px\" \/><\/figure><\/li><\/ul><\/figure>\n\n\n\n<p><\/p>\n<div class=\"shariff shariff-align-flex-start shariff-widget-align-flex-start\"><ul class=\"shariff-buttons theme-round orientation-horizontal buttonsize-medium\"><li class=\"shariff-button mailto shariff-nocustomcolor\" style=\"background-color:#a8a8a8\"><a href=\"mailto:?body=https%3A%2F%2Funser-aschbach.de%2Fstaging2025%2F2021%2F08%2F06%2Funser-ortsvorsteher-informiert-loeschbezirke-lbz-aschbach-und-lebach-und-drk-rettungswache-gemeinsame-uebung-mit-drehleiter-und-krankenwagen%2F&subject=Unser%20Ortsvorsteher%20informiert%20-L%C3%B6schbezirke%20%28Lbz%29%20Aschbach%20und%20Lebach%20und%20DRK%20Rettungswache%20%E2%80%93%20Gemeinsame%20%C3%9Cbung%20mit%20Drehleiter%20und%20Krankenwagen\" title=\"Per E-Mail versenden\" aria-label=\"Per E-Mail versenden\" role=\"button\" rel=\"noopener nofollow\" class=\"shariff-link\" style=\"; background-color:#999; color:#fff\"><span class=\"shariff-icon\" style=\"\"><svg width=\"32px\" height=\"20px\" xmlns=\"http:\/\/www.w3.org\/2000\/svg\" viewBox=\"0 0 32 32\"><path fill=\"#999\" d=\"M32 12.7v14.2q0 1.2-0.8 2t-2 0.9h-26.3q-1.2 0-2-0.9t-0.8-2v-14.2q0.8 0.9 1.8 1.6 6.5 4.4 8.9 6.1 1 0.8 1.6 1.2t1.7 0.9 2 0.4h0.1q0.9 0 2-0.4t1.7-0.9 1.6-1.2q3-2.2 8.9-6.1 1-0.7 1.8-1.6zM32 7.4q0 1.4-0.9 2.7t-2.2 2.2q-6.7 4.7-8.4 5.8-0.2 0.1-0.7 0.5t-1 0.7-0.9 0.6-1.1 0.5-0.9 0.2h-0.1q-0.4 0-0.9-0.2t-1.1-0.5-0.9-0.6-1-0.7-0.7-0.5q-1.6-1.1-4.7-3.2t-3.6-2.6q-1.1-0.7-2.1-2t-1-2.5q0-1.4 0.7-2.3t2.1-0.9h26.3q1.2 0 2 0.8t0.9 2z\"\/><\/svg><\/span><\/a><\/li><li class=\"shariff-button facebook shariff-nocustomcolor\" style=\"background-color:#4273c8\"><a href=\"https:\/\/www.facebook.com\/sharer\/sharer.php?u=https%3A%2F%2Funser-aschbach.de%2Fstaging2025%2F2021%2F08%2F06%2Funser-ortsvorsteher-informiert-loeschbezirke-lbz-aschbach-und-lebach-und-drk-rettungswache-gemeinsame-uebung-mit-drehleiter-und-krankenwagen%2F\" title=\"Bei Facebook teilen\" aria-label=\"Bei Facebook teilen\" role=\"button\" rel=\"nofollow\" class=\"shariff-link\" style=\"; background-color:#3b5998; color:#fff\" target=\"_blank\"><span class=\"shariff-icon\" style=\"\"><svg width=\"32px\" height=\"20px\" xmlns=\"http:\/\/www.w3.org\/2000\/svg\" viewBox=\"0 0 18 32\"><path fill=\"#3b5998\" d=\"M17.1 0.2v4.7h-2.8q-1.5 0-2.1 0.6t-0.5 1.9v3.4h5.2l-0.7 5.3h-4.5v13.6h-5.5v-13.6h-4.5v-5.3h4.5v-3.9q0-3.3 1.9-5.2t5-1.8q2.6 0 4.1 0.2z\"\/><\/svg><\/span><\/a><\/li><li class=\"shariff-button whatsapp shariff-nocustomcolor\" style=\"background-color:#5cbe4a\"><a href=\"https:\/\/api.whatsapp.com\/send?text=https%3A%2F%2Funser-aschbach.de%2Fstaging2025%2F2021%2F08%2F06%2Funser-ortsvorsteher-informiert-loeschbezirke-lbz-aschbach-und-lebach-und-drk-rettungswache-gemeinsame-uebung-mit-drehleiter-und-krankenwagen%2F%20Unser%20Ortsvorsteher%20informiert%20-L%C3%B6schbezirke%20%28Lbz%29%20Aschbach%20und%20Lebach%20und%20DRK%20Rettungswache%20%E2%80%93%20Gemeinsame%20%C3%9Cbung%20mit%20Drehleiter%20und%20Krankenwagen\" title=\"Bei Whatsapp teilen\" aria-label=\"Bei Whatsapp teilen\" role=\"button\" rel=\"noopener nofollow\" class=\"shariff-link\" style=\"; background-color:#34af23; color:#fff\" target=\"_blank\"><span class=\"shariff-icon\" style=\"\"><svg width=\"32px\" height=\"20px\" xmlns=\"http:\/\/www.w3.org\/2000\/svg\" viewBox=\"0 0 32 32\"><path fill=\"#34af23\" d=\"M17.6 17.4q0.2 0 1.7 0.8t1.6 0.9q0 0.1 0 0.3 0 0.6-0.3 1.4-0.3 0.7-1.3 1.2t-1.8 0.5q-1 0-3.4-1.1-1.7-0.8-3-2.1t-2.6-3.3q-1.3-1.9-1.3-3.5v-0.1q0.1-1.6 1.3-2.8 0.4-0.4 0.9-0.4 0.1 0 0.3 0t0.3 0q0.3 0 0.5 0.1t0.3 0.5q0.1 0.4 0.6 1.6t0.4 1.3q0 0.4-0.6 1t-0.6 0.8q0 0.1 0.1 0.3 0.6 1.3 1.8 2.4 1 0.9 2.7 1.8 0.2 0.1 0.4 0.1 0.3 0 1-0.9t0.9-0.9zM14 26.9q2.3 0 4.3-0.9t3.6-2.4 2.4-3.6 0.9-4.3-0.9-4.3-2.4-3.6-3.6-2.4-4.3-0.9-4.3 0.9-3.6 2.4-2.4 3.6-0.9 4.3q0 3.6 2.1 6.6l-1.4 4.2 4.3-1.4q2.8 1.9 6.2 1.9zM14 2.2q2.7 0 5.2 1.1t4.3 2.9 2.9 4.3 1.1 5.2-1.1 5.2-2.9 4.3-4.3 2.9-5.2 1.1q-3.5 0-6.5-1.7l-7.4 2.4 2.4-7.2q-1.9-3.2-1.9-6.9 0-2.7 1.1-5.2t2.9-4.3 4.3-2.9 5.2-1.1z\"\/><\/svg><\/span><\/a><\/li><\/ul><\/div>","protected":false},"excerpt":{"rendered":"<p>Nachdem im Verlaufe der letzten beiden Jahre mehrmals Mitb\u00fcrgerinnen\/Mitb\u00fcrger in Aschbach mit Hilfe der Drehleiter des Lbz\u00b4s Lebach aus lebensbedrohlichen Situationen gerettet wurden, fand am Samstag, 31.07.2021 zu dieser Einsatzart eine entsprechende \u00dcbung unserer Feuerwehr statt. Unter der Planung von Feuerwehrmann Yannik KREMP \u00a0wurde das Zusammenwirken zwischen dem Lbz Aschbach(Leitung:Yannick Kremp), dem Drehleiter-Team des Lbz\u00b4s&#8230;<\/p>\n<p> <a class=\"continue-reading-link\" href=\"https:\/\/unser-aschbach.de\/staging2025\/2021\/08\/06\/unser-ortsvorsteher-informiert-loeschbezirke-lbz-aschbach-und-lebach-und-drk-rettungswache-gemeinsame-uebung-mit-drehleiter-und-krankenwagen\/\"><span>weiterlesen<\/span><i class=\"crycon-right-dir\"><\/i><\/a> <\/p>\n","protected":false},"author":1,"featured_media":4808,"comment_status":"open","ping_status":"open","sticky":false,"template":"","format":"standard","meta":{"jetpack_post_was_ever_published":false,"_jetpack_newsletter_access":"","_jetpack_dont_email_post_to_subs":false,"_jetpack_newsletter_tier_id":0,"_jetpack_memberships_contains_paywalled_content":false,"_jetpack_memberships_contains_paid_content":false,"footnotes":"","jetpack_publicize_message":"","jetpack_publicize_feature_enabled":true,"jetpack_social_post_already_shared":true,"jetpack_social_options":{"image_generator_settings":{"template":"highway","default_image_id":0,"font":"","enabled":false},"version":2}},"categories":[15,46,6,40],"tags":[],"class_list":["post-4804","post","type-post","status-publish","format-standard","has-post-thumbnail","hentry","category-aktionen","category-feuerwehr","category-ortsvorsteher","category-vereine"],"jetpack_publicize_connections":[],"jetpack_featured_media_url":"https:\/\/i0.wp.com\/unser-aschbach.de\/staging2025\/wp-content\/uploads\/2021\/08\/DSC_0614-scaled.jpg?fit=1200%2C800&ssl=1","jetpack_shortlink":"https:\/\/wp.me\/pggZrZ-1fu","jetpack-related-posts":[{"id":4888,"url":"https:\/\/unser-aschbach.de\/staging2025\/2021\/10\/21\/freiwillige-feuerwehr-lebach-loeschbezirk-aschbach-jahresabschlussuebung-2021\/","url_meta":{"origin":4804,"position":0},"title":"Freiwillige Feuerwehr Lebach-L\u00f6schbezirk ASCHBACH-JAHRESABSCHLUSS\u00dcBUNG 2021","author":"Someone","date":"21. Oktober 2021","format":false,"excerpt":"Viele Aschbacher Mitb\u00fcrgerinnen und Mitb\u00fcrger fanden am Samstag, 16.10.2021 den Weg zum Dorfgemeinschaftshaus und besuchten die diesj\u00e4hrige Jahresabschluss\u00fcbung unserer Freiwilligen Feuerwehr. Auf dem ehemaligen Schulhof fand zun\u00e4chst die eindrucksvolle Demonstration eines Friteusebrandes \u201egel\u00f6scht\u201c mit Wasser statt. Dabei war aus sicherer Zuschauerentfernung die verheerende Wirkung des Wassers auf brennendes \u00d6l zu\u2026","rel":"","context":"In &quot;Aktionen&quot;","block_context":{"text":"Aktionen","link":"https:\/\/unser-aschbach.de\/staging2025\/category\/der-ort\/aktionen\/"},"img":{"alt_text":"","src":"https:\/\/i0.wp.com\/unser-aschbach.de\/staging2025\/wp-content\/uploads\/2021\/10\/DSC_1175-scaled.jpg?fit=1200%2C800&ssl=1&resize=350%2C200","width":350,"height":200,"srcset":"https:\/\/i0.wp.com\/unser-aschbach.de\/staging2025\/wp-content\/uploads\/2021\/10\/DSC_1175-scaled.jpg?fit=1200%2C800&ssl=1&resize=350%2C200 1x, https:\/\/i0.wp.com\/unser-aschbach.de\/staging2025\/wp-content\/uploads\/2021\/10\/DSC_1175-scaled.jpg?fit=1200%2C800&ssl=1&resize=525%2C300 1.5x, https:\/\/i0.wp.com\/unser-aschbach.de\/staging2025\/wp-content\/uploads\/2021\/10\/DSC_1175-scaled.jpg?fit=1200%2C800&ssl=1&resize=700%2C400 2x, https:\/\/i0.wp.com\/unser-aschbach.de\/staging2025\/wp-content\/uploads\/2021\/10\/DSC_1175-scaled.jpg?fit=1200%2C800&ssl=1&resize=1050%2C600 3x"},"classes":[]},{"id":4963,"url":"https:\/\/unser-aschbach.de\/staging2025\/2022\/01\/14\/land-unter-freiwillige-feuerwehr-und-drk-aschbach-und-bauhof-lebach-helfen\/","url_meta":{"origin":4804,"position":1},"title":"Land unter &#8211; Freiwillige Feuerwehr und DRK Aschbach und Bauhof Lebach helfen","author":"Someone","date":"14. Januar 2022","format":false,"excerpt":"Land unter, hie\u00df es am Dienstag, 04.Jan.22 in weiten Teilen unserer Stadt. Auch in Aschbach waren unsere Freiwillige Feuerwehr und der Bauhof der Stadt Lebach den ganzen Tag \u00fcber zu Gange, um Hab und Gut, vor allem in der Koblenzer Str. (Anlieger) und auf dem Marktplatz (KITA, Garage-Obst- und Gartenbauverein))\u2026","rel":"","context":"In &quot;Aktionen&quot;","block_context":{"text":"Aktionen","link":"https:\/\/unser-aschbach.de\/staging2025\/category\/der-ort\/aktionen\/"},"img":{"alt_text":"","src":"https:\/\/i0.wp.com\/unser-aschbach.de\/staging2025\/wp-content\/uploads\/2022\/01\/DSC_1453-scaled.jpg?fit=1200%2C800&ssl=1&resize=350%2C200","width":350,"height":200,"srcset":"https:\/\/i0.wp.com\/unser-aschbach.de\/staging2025\/wp-content\/uploads\/2022\/01\/DSC_1453-scaled.jpg?fit=1200%2C800&ssl=1&resize=350%2C200 1x, https:\/\/i0.wp.com\/unser-aschbach.de\/staging2025\/wp-content\/uploads\/2022\/01\/DSC_1453-scaled.jpg?fit=1200%2C800&ssl=1&resize=525%2C300 1.5x, https:\/\/i0.wp.com\/unser-aschbach.de\/staging2025\/wp-content\/uploads\/2022\/01\/DSC_1453-scaled.jpg?fit=1200%2C800&ssl=1&resize=700%2C400 2x, https:\/\/i0.wp.com\/unser-aschbach.de\/staging2025\/wp-content\/uploads\/2022\/01\/DSC_1453-scaled.jpg?fit=1200%2C800&ssl=1&resize=1050%2C600 3x"},"classes":[]},{"id":4589,"url":"https:\/\/unser-aschbach.de\/staging2025\/2020\/10\/30\/unser-ortsvorsteher-informiert-suppentag-in-aschbach\/","url_meta":{"origin":4804,"position":2},"title":"Unser Ortsvorsteher informiert &#8211; Suppentag in Aschbach","author":"Someone","date":"30. Oktober 2020","format":false,"excerpt":"\u201eDie SUPPE hat allen PRIMA geschmeckt!\u201c An dieser Stelle danken DRK und Freiwillige Feuerwehr den B\u00fcrgerinnen und B\u00fcrgern f\u00fcr ihr vorbildliches Verhalten w\u00e4hrend der Suppenausgabe. Mit einem beachtlichen Spendenaufkommen aus dem Suppenverkauf von 2 400 \u20ac sehen sich die Verantwortlichen von DRK und Freiwilliger Feuerwehr in ihrem Vorhaben best\u00e4tigt und\u2026","rel":"","context":"In &quot;Aktionen&quot;","block_context":{"text":"Aktionen","link":"https:\/\/unser-aschbach.de\/staging2025\/category\/der-ort\/aktionen\/"},"img":{"alt_text":"","src":"https:\/\/i0.wp.com\/unser-aschbach.de\/staging2025\/wp-content\/uploads\/2020\/10\/Geschnippeltes-scaled.jpg?fit=1200%2C583&ssl=1&resize=350%2C200","width":350,"height":200,"srcset":"https:\/\/i0.wp.com\/unser-aschbach.de\/staging2025\/wp-content\/uploads\/2020\/10\/Geschnippeltes-scaled.jpg?fit=1200%2C583&ssl=1&resize=350%2C200 1x, https:\/\/i0.wp.com\/unser-aschbach.de\/staging2025\/wp-content\/uploads\/2020\/10\/Geschnippeltes-scaled.jpg?fit=1200%2C583&ssl=1&resize=525%2C300 1.5x, https:\/\/i0.wp.com\/unser-aschbach.de\/staging2025\/wp-content\/uploads\/2020\/10\/Geschnippeltes-scaled.jpg?fit=1200%2C583&ssl=1&resize=700%2C400 2x, https:\/\/i0.wp.com\/unser-aschbach.de\/staging2025\/wp-content\/uploads\/2020\/10\/Geschnippeltes-scaled.jpg?fit=1200%2C583&ssl=1&resize=1050%2C600 3x"},"classes":[]},{"id":4625,"url":"https:\/\/unser-aschbach.de\/staging2025\/2020\/11\/18\/unser-ortsvorsteher-informiert-3-000-e-fuer-herzenssache\/","url_meta":{"origin":4804,"position":3},"title":"Unser Ortsvorsteher informiert &#8211; 3 000 \u20ac f\u00fcr \u201eHERZENSSACHE\u201c","author":"Someone","date":"18. November 2020","format":false,"excerpt":"Die gelungene Zusammenarbeit am Suppentag hat nicht nur Spa\u00df gemacht, sondern war auch finanziell ein toller Erfolg des DRK Aschbach und der Freiwilligen Feuerwehr des L\u00f6schbezirks Aschbach: Der Reingewinn des Suppentags, aufgestockt durch Spenden des CobA (200 \u20ac), der Ministerin Fr. Monika Bachmann (700 \u20ac) und einem privaten Spenderehepaar (500\u2026","rel":"","context":"In &quot;Aktionen&quot;","block_context":{"text":"Aktionen","link":"https:\/\/unser-aschbach.de\/staging2025\/category\/der-ort\/aktionen\/"},"img":{"alt_text":"","src":"https:\/\/i0.wp.com\/unser-aschbach.de\/staging2025\/wp-content\/uploads\/2020\/11\/Herzenssache-2-scaled.jpg?fit=1200%2C840&ssl=1&resize=350%2C200","width":350,"height":200,"srcset":"https:\/\/i0.wp.com\/unser-aschbach.de\/staging2025\/wp-content\/uploads\/2020\/11\/Herzenssache-2-scaled.jpg?fit=1200%2C840&ssl=1&resize=350%2C200 1x, https:\/\/i0.wp.com\/unser-aschbach.de\/staging2025\/wp-content\/uploads\/2020\/11\/Herzenssache-2-scaled.jpg?fit=1200%2C840&ssl=1&resize=525%2C300 1.5x, https:\/\/i0.wp.com\/unser-aschbach.de\/staging2025\/wp-content\/uploads\/2020\/11\/Herzenssache-2-scaled.jpg?fit=1200%2C840&ssl=1&resize=700%2C400 2x, https:\/\/i0.wp.com\/unser-aschbach.de\/staging2025\/wp-content\/uploads\/2020\/11\/Herzenssache-2-scaled.jpg?fit=1200%2C840&ssl=1&resize=1050%2C600 3x"},"classes":[]},{"id":4792,"url":"https:\/\/unser-aschbach.de\/staging2025\/2021\/07\/21\/unser-ortsvorsteher-informiert-dank-an-den-bauhof-der-stadt-lebach\/","url_meta":{"origin":4804,"position":4},"title":"Unser Ortsvorsteher informiert &#8211; Dank an den Bauhof der Stadt Lebach","author":"Someone","date":"21. Juli 2021","format":false,"excerpt":"Freitag, 17.07.2021 7.00 Uhr : Bauhofleiter Rudolf KARTES hat sein Team in der Werkhalle des Bauhofs versammelt; er teilt seine Leute mit festen Auftr\u00e4gen in den verschiedenen Stadtteilen ein. Gegenw\u00e4rtig sind viele Gr\u00fcnschnittarbeiten zu erledigen; nach den ergiebigen, starken Regenf\u00e4llen der letzten Wochen sind aber auch weiterhin viele Gr\u00e4ben zu\u2026","rel":"","context":"In &quot;Aktionen&quot;","block_context":{"text":"Aktionen","link":"https:\/\/unser-aschbach.de\/staging2025\/category\/der-ort\/aktionen\/"},"img":{"alt_text":"","src":"https:\/\/i0.wp.com\/unser-aschbach.de\/staging2025\/wp-content\/uploads\/2021\/07\/DSC_0539-scaled.jpg?fit=1200%2C800&ssl=1&resize=350%2C200","width":350,"height":200,"srcset":"https:\/\/i0.wp.com\/unser-aschbach.de\/staging2025\/wp-content\/uploads\/2021\/07\/DSC_0539-scaled.jpg?fit=1200%2C800&ssl=1&resize=350%2C200 1x, https:\/\/i0.wp.com\/unser-aschbach.de\/staging2025\/wp-content\/uploads\/2021\/07\/DSC_0539-scaled.jpg?fit=1200%2C800&ssl=1&resize=525%2C300 1.5x, https:\/\/i0.wp.com\/unser-aschbach.de\/staging2025\/wp-content\/uploads\/2021\/07\/DSC_0539-scaled.jpg?fit=1200%2C800&ssl=1&resize=700%2C400 2x, https:\/\/i0.wp.com\/unser-aschbach.de\/staging2025\/wp-content\/uploads\/2021\/07\/DSC_0539-scaled.jpg?fit=1200%2C800&ssl=1&resize=1050%2C600 3x"},"classes":[]},{"id":5151,"url":"https:\/\/unser-aschbach.de\/staging2025\/2022\/11\/15\/st-martin-st-martin-st-martin-ritt-%ef%bf%bc\/","url_meta":{"origin":4804,"position":5},"title":"St. Martin, St. Martin, St. Martin ritt &#8230;\ufffc","author":"Someone","date":"15. November 2022","format":false,"excerpt":"Autor: Josef Nickolai, Ortsvorsteher Zahlreiche Kinder sowie Eltern mit Kleinkindern hatten sich diesj\u00e4hrig zu St. Martin an unserer Kirche St. Maternus eingefunden. Nach einer Martinsandacht, gestaltet durch Therese Birringer und Klaus-Dieter Uhrhan, setzte sich der Martinsumzug mit ST. MARTIN hoch zu Ross in Bewegung:\u00a0 \u201eIch geh mit meiner Laterne und\u2026","rel":"","context":"In &quot;Aktionen&quot;","block_context":{"text":"Aktionen","link":"https:\/\/unser-aschbach.de\/staging2025\/category\/der-ort\/aktionen\/"},"img":{"alt_text":"","src":"https:\/\/i0.wp.com\/unser-aschbach.de\/staging2025\/wp-content\/uploads\/2022\/11\/DSC_1835-scaled.jpg?fit=1200%2C800&ssl=1&resize=350%2C200","width":350,"height":200,"srcset":"https:\/\/i0.wp.com\/unser-aschbach.de\/staging2025\/wp-content\/uploads\/2022\/11\/DSC_1835-scaled.jpg?fit=1200%2C800&ssl=1&resize=350%2C200 1x, https:\/\/i0.wp.com\/unser-aschbach.de\/staging2025\/wp-content\/uploads\/2022\/11\/DSC_1835-scaled.jpg?fit=1200%2C800&ssl=1&resize=525%2C300 1.5x, https:\/\/i0.wp.com\/unser-aschbach.de\/staging2025\/wp-content\/uploads\/2022\/11\/DSC_1835-scaled.jpg?fit=1200%2C800&ssl=1&resize=700%2C400 2x, https:\/\/i0.wp.com\/unser-aschbach.de\/staging2025\/wp-content\/uploads\/2022\/11\/DSC_1835-scaled.jpg?fit=1200%2C800&ssl=1&resize=1050%2C600 3x"},"classes":[]}],"jetpack_sharing_enabled":true,"_links":{"self":[{"href":"https:\/\/unser-aschbach.de\/staging2025\/wp-json\/wp\/v2\/posts\/4804","targetHints":{"allow":["GET"]}}],"collection":[{"href":"https:\/\/unser-aschbach.de\/staging2025\/wp-json\/wp\/v2\/posts"}],"about":[{"href":"https:\/\/unser-aschbach.de\/staging2025\/wp-json\/wp\/v2\/types\/post"}],"author":[{"embeddable":true,"href":"https:\/\/unser-aschbach.de\/staging2025\/wp-json\/wp\/v2\/users\/1"}],"replies":[{"embeddable":true,"href":"https:\/\/unser-aschbach.de\/staging2025\/wp-json\/wp\/v2\/comments?post=4804"}],"version-history":[{"count":3,"href":"https:\/\/unser-aschbach.de\/staging2025\/wp-json\/wp\/v2\/posts\/4804\/revisions"}],"predecessor-version":[{"id":4827,"href":"https:\/\/unser-aschbach.de\/staging2025\/wp-json\/wp\/v2\/posts\/4804\/revisions\/4827"}],"wp:featuredmedia":[{"embeddable":true,"href":"https:\/\/unser-aschbach.de\/staging2025\/wp-json\/wp\/v2\/media\/4808"}],"wp:attachment":[{"href":"https:\/\/unser-aschbach.de\/staging2025\/wp-json\/wp\/v2\/media?parent=4804"}],"wp:term":[{"taxonomy":"category","embeddable":true,"href":"https:\/\/unser-aschbach.de\/staging2025\/wp-json\/wp\/v2\/categories?post=4804"},{"taxonomy":"post_tag","embeddable":true,"href":"https:\/\/unser-aschbach.de\/staging2025\/wp-json\/wp\/v2\/tags?post=4804"}],"curies":[{"name":"wp","href":"https:\/\/api.w.org\/{rel}","templated":true}]}}