{"id":4719,"date":"2021-05-04T14:19:20","date_gmt":"2021-05-04T12:19:20","guid":{"rendered":"https:\/\/unser-aschbach.de\/staging2025\/?p=4719"},"modified":"2021-05-04T14:19:22","modified_gmt":"2021-05-04T12:19:22","slug":"unser-ortsvorsteher-informiert-die-tradition-lebt-freiwillige-feuerwehr-stellt-maibaum-auf","status":"publish","type":"post","link":"https:\/\/unser-aschbach.de\/staging2025\/2021\/05\/04\/unser-ortsvorsteher-informiert-die-tradition-lebt-freiwillige-feuerwehr-stellt-maibaum-auf\/","title":{"rendered":"Unser Ortsvorsteher informiert -Die Tradition lebt! Freiwillige. FEUERWEHR stellt MAIBAUM auf"},"content":{"rendered":"\n<p>Farbenfroh hei\u00dft der Maibaum die einfahrenden G\u00e4ste in Aschbach willkommen!<\/p>\n\n\n\n<p class=\"has-drop-cap has-white-color has-vivid-red-background-color has-text-color has-background\">Toll hatten die <strong>\u201eRalleykinder\u201c<\/strong> mit ihren bunten B\u00e4ndern den diesj\u00e4hrigen Aschbacher Maibaum geschm\u00fcckt. An f\u00fcnf Stationen konnten die Kinder im Verlauf der Maibaum-Ralley in den letzten Apriltagen die B\u00e4nder sammeln, um im Ziel am Feuerwehrger\u00e4tehaus den bereitliegenden Maibaum zu schm\u00fccken.<\/p>\n\n\n\n<p>Am letzten Apriltag war es dann soweit!&nbsp; Till Schmitt kam mit Traktor, H\u00e4nger und Kran, um die bunte Birke zu ihrem Platz zu transportieren. Hier, in N\u00e4he des Wappenbaumes, richtete Till mit dem Kran den Maibaum auf, der sogleich fachm\u00e4nnisch und kraftvoll sicher in der Bodenh\u00fclse verkeilt wurde.<\/p>\n\n\n\n<p>Neben dem gro\u00dfen Dorf-Maibaum waren im Dorf auch einige kleinere, h\u00fcbsche<strong>\u201eMaib\u00e4ume to go\u201c<\/strong> zu bestaunen.<\/p>\n\n\n\n<!--more-->\n\n\n\n<p><strong>Unserer Freiwilligen Feuerwehr ein herzliches DANKE SCH\u00d6N f\u00fcr diese sch\u00f6ne, erhaltenswerte Traditionspflege, an der neben den Erwachsenen auch viele Aschbacher Kinder ihre Freude und ihren Spa\u00df hatten.<\/strong><\/p>\n\n\n\n<p><em>Hoffen wir, dass wir in 2022 wieder den Maibaum am Feuerwehrger\u00e4tehaus im Rahmen der Hexennacht bewundern k\u00f6nnen; leider hatten die wilden, bewundernswerten Aschbacher Berg-, Kr\u00e4uter-, Sumpf-, Wald-, Knusper-, Wind- und Wetterhexen auch in 2021 <strong>Flugverbot<\/strong>, d.h. das Flugger\u00e4t, der Besen, musste im Schrank bleiben.<\/em><\/p>\n\n\n\n<figure class=\"wp-block-gallery columns-2 is-cropped wp-block-gallery-1 is-layout-flex wp-block-gallery-is-layout-flex\"><ul class=\"blocks-gallery-grid\"><li class=\"blocks-gallery-item\"><figure><img data-recalc-dims=\"1\" decoding=\"async\" width=\"200\" height=\"300\" data-attachment-id=\"4723\" data-permalink=\"https:\/\/unser-aschbach.de\/staging2025\/2021\/05\/04\/unser-ortsvorsteher-informiert-die-tradition-lebt-freiwillige-feuerwehr-stellt-maibaum-auf\/dsc_0125-2\/\" data-orig-file=\"https:\/\/i0.wp.com\/unser-aschbach.de\/staging2025\/wp-content\/uploads\/2021\/05\/DSC_0125-scaled.jpg?fit=800%2C1200&amp;ssl=1\" data-orig-size=\"800,1200\" data-comments-opened=\"1\" data-image-meta=\"{&quot;aperture&quot;:&quot;6.3&quot;,&quot;credit&quot;:&quot;&quot;,&quot;camera&quot;:&quot;NIKON D3100&quot;,&quot;caption&quot;:&quot;&quot;,&quot;created_timestamp&quot;:&quot;1619954056&quot;,&quot;copyright&quot;:&quot;&quot;,&quot;focal_length&quot;:&quot;42&quot;,&quot;iso&quot;:&quot;100&quot;,&quot;shutter_speed&quot;:&quot;0.00625&quot;,&quot;title&quot;:&quot;&quot;,&quot;orientation&quot;:&quot;1&quot;}\" data-image-title=\"DSC_0125\" data-image-description=\"\" data-image-caption=\"\" data-medium-file=\"https:\/\/i0.wp.com\/unser-aschbach.de\/staging2025\/wp-content\/uploads\/2021\/05\/DSC_0125-scaled.jpg?fit=200%2C300&amp;ssl=1\" data-large-file=\"https:\/\/i0.wp.com\/unser-aschbach.de\/staging2025\/wp-content\/uploads\/2021\/05\/DSC_0125-scaled.jpg?fit=683%2C1024&amp;ssl=1\" src=\"https:\/\/i0.wp.com\/unser-aschbach.de\/staging2025\/wp-content\/uploads\/2021\/05\/DSC_0125.jpg?resize=200%2C300&#038;ssl=1\" alt=\"\" data-id=\"4723\" data-full-url=\"https:\/\/unser-aschbach.de\/staging2025\/wp-content\/uploads\/2021\/05\/DSC_0125-scaled.jpg\" data-link=\"https:\/\/unser-aschbach.de\/staging2025\/?attachment_id=4723\" class=\"wp-image-4723\" srcset=\"https:\/\/i0.wp.com\/unser-aschbach.de\/staging2025\/wp-content\/uploads\/2021\/05\/DSC_0125-scaled.jpg?resize=200%2C300&amp;ssl=1 200w, https:\/\/i0.wp.com\/unser-aschbach.de\/staging2025\/wp-content\/uploads\/2021\/05\/DSC_0125-scaled.jpg?resize=683%2C1024&amp;ssl=1 683w, https:\/\/i0.wp.com\/unser-aschbach.de\/staging2025\/wp-content\/uploads\/2021\/05\/DSC_0125-scaled.jpg?resize=768%2C1152&amp;ssl=1 768w, https:\/\/i0.wp.com\/unser-aschbach.de\/staging2025\/wp-content\/uploads\/2021\/05\/DSC_0125-scaled.jpg?resize=1024%2C1536&amp;ssl=1 1024w, https:\/\/i0.wp.com\/unser-aschbach.de\/staging2025\/wp-content\/uploads\/2021\/05\/DSC_0125-scaled.jpg?resize=1365%2C2048&amp;ssl=1 1365w, https:\/\/i0.wp.com\/unser-aschbach.de\/staging2025\/wp-content\/uploads\/2021\/05\/DSC_0125-scaled.jpg?w=800&amp;ssl=1 800w\" sizes=\"(max-width: 200px) 100vw, 200px\" \/><\/figure><\/li><li class=\"blocks-gallery-item\"><figure><img data-recalc-dims=\"1\" decoding=\"async\" width=\"300\" height=\"200\" data-attachment-id=\"4720\" data-permalink=\"https:\/\/unser-aschbach.de\/staging2025\/2021\/05\/04\/unser-ortsvorsteher-informiert-die-tradition-lebt-freiwillige-feuerwehr-stellt-maibaum-auf\/dsc_0106-2\/\" data-orig-file=\"https:\/\/i0.wp.com\/unser-aschbach.de\/staging2025\/wp-content\/uploads\/2021\/05\/DSC_0106-scaled.jpg?fit=1200%2C800&amp;ssl=1\" data-orig-size=\"1200,800\" data-comments-opened=\"1\" data-image-meta=\"{&quot;aperture&quot;:&quot;5.6&quot;,&quot;credit&quot;:&quot;&quot;,&quot;camera&quot;:&quot;NIKON D3100&quot;,&quot;caption&quot;:&quot;&quot;,&quot;created_timestamp&quot;:&quot;1619629701&quot;,&quot;copyright&quot;:&quot;&quot;,&quot;focal_length&quot;:&quot;18&quot;,&quot;iso&quot;:&quot;360&quot;,&quot;shutter_speed&quot;:&quot;0.008&quot;,&quot;title&quot;:&quot;&quot;,&quot;orientation&quot;:&quot;1&quot;}\" data-image-title=\"DSC_0106\" data-image-description=\"\" data-image-caption=\"\" data-medium-file=\"https:\/\/i0.wp.com\/unser-aschbach.de\/staging2025\/wp-content\/uploads\/2021\/05\/DSC_0106-scaled.jpg?fit=300%2C200&amp;ssl=1\" data-large-file=\"https:\/\/i0.wp.com\/unser-aschbach.de\/staging2025\/wp-content\/uploads\/2021\/05\/DSC_0106-scaled.jpg?fit=900%2C600&amp;ssl=1\" src=\"https:\/\/i0.wp.com\/unser-aschbach.de\/staging2025\/wp-content\/uploads\/2021\/05\/DSC_0106.jpg?resize=300%2C200&#038;ssl=1\" alt=\"\" data-id=\"4720\" data-full-url=\"https:\/\/unser-aschbach.de\/staging2025\/wp-content\/uploads\/2021\/05\/DSC_0106-scaled.jpg\" data-link=\"https:\/\/unser-aschbach.de\/staging2025\/?attachment_id=4720\" class=\"wp-image-4720\" srcset=\"https:\/\/i0.wp.com\/unser-aschbach.de\/staging2025\/wp-content\/uploads\/2021\/05\/DSC_0106-scaled.jpg?resize=300%2C200&amp;ssl=1 300w, https:\/\/i0.wp.com\/unser-aschbach.de\/staging2025\/wp-content\/uploads\/2021\/05\/DSC_0106-scaled.jpg?resize=1024%2C683&amp;ssl=1 1024w, https:\/\/i0.wp.com\/unser-aschbach.de\/staging2025\/wp-content\/uploads\/2021\/05\/DSC_0106-scaled.jpg?resize=768%2C512&amp;ssl=1 768w, https:\/\/i0.wp.com\/unser-aschbach.de\/staging2025\/wp-content\/uploads\/2021\/05\/DSC_0106-scaled.jpg?resize=1536%2C1024&amp;ssl=1 1536w, https:\/\/i0.wp.com\/unser-aschbach.de\/staging2025\/wp-content\/uploads\/2021\/05\/DSC_0106-scaled.jpg?resize=2048%2C1365&amp;ssl=1 2048w, https:\/\/i0.wp.com\/unser-aschbach.de\/staging2025\/wp-content\/uploads\/2021\/05\/DSC_0106-scaled.jpg?w=1200&amp;ssl=1 1200w\" sizes=\"(max-width: 300px) 100vw, 300px\" \/><\/figure><\/li><li class=\"blocks-gallery-item\"><figure><img data-recalc-dims=\"1\" decoding=\"async\" width=\"300\" height=\"200\" data-attachment-id=\"4722\" data-permalink=\"https:\/\/unser-aschbach.de\/staging2025\/2021\/05\/04\/unser-ortsvorsteher-informiert-die-tradition-lebt-freiwillige-feuerwehr-stellt-maibaum-auf\/dsc_0122-2\/\" data-orig-file=\"https:\/\/i0.wp.com\/unser-aschbach.de\/staging2025\/wp-content\/uploads\/2021\/05\/DSC_0122-scaled.jpg?fit=1200%2C800&amp;ssl=1\" data-orig-size=\"1200,800\" data-comments-opened=\"1\" data-image-meta=\"{&quot;aperture&quot;:&quot;4&quot;,&quot;credit&quot;:&quot;&quot;,&quot;camera&quot;:&quot;NIKON D3100&quot;,&quot;caption&quot;:&quot;&quot;,&quot;created_timestamp&quot;:&quot;1619811492&quot;,&quot;copyright&quot;:&quot;&quot;,&quot;focal_length&quot;:&quot;26&quot;,&quot;iso&quot;:&quot;250&quot;,&quot;shutter_speed&quot;:&quot;0.008&quot;,&quot;title&quot;:&quot;&quot;,&quot;orientation&quot;:&quot;1&quot;}\" data-image-title=\"DSC_0122\" data-image-description=\"\" data-image-caption=\"\" data-medium-file=\"https:\/\/i0.wp.com\/unser-aschbach.de\/staging2025\/wp-content\/uploads\/2021\/05\/DSC_0122-scaled.jpg?fit=300%2C200&amp;ssl=1\" data-large-file=\"https:\/\/i0.wp.com\/unser-aschbach.de\/staging2025\/wp-content\/uploads\/2021\/05\/DSC_0122-scaled.jpg?fit=900%2C600&amp;ssl=1\" src=\"https:\/\/i0.wp.com\/unser-aschbach.de\/staging2025\/wp-content\/uploads\/2021\/05\/DSC_0122.jpg?resize=300%2C200&#038;ssl=1\" alt=\"\" data-id=\"4722\" data-full-url=\"https:\/\/unser-aschbach.de\/staging2025\/wp-content\/uploads\/2021\/05\/DSC_0122-scaled.jpg\" data-link=\"https:\/\/unser-aschbach.de\/staging2025\/?attachment_id=4722\" class=\"wp-image-4722\" srcset=\"https:\/\/i0.wp.com\/unser-aschbach.de\/staging2025\/wp-content\/uploads\/2021\/05\/DSC_0122-scaled.jpg?resize=300%2C200&amp;ssl=1 300w, https:\/\/i0.wp.com\/unser-aschbach.de\/staging2025\/wp-content\/uploads\/2021\/05\/DSC_0122-scaled.jpg?resize=1024%2C683&amp;ssl=1 1024w, https:\/\/i0.wp.com\/unser-aschbach.de\/staging2025\/wp-content\/uploads\/2021\/05\/DSC_0122-scaled.jpg?resize=768%2C512&amp;ssl=1 768w, https:\/\/i0.wp.com\/unser-aschbach.de\/staging2025\/wp-content\/uploads\/2021\/05\/DSC_0122-scaled.jpg?resize=1536%2C1024&amp;ssl=1 1536w, https:\/\/i0.wp.com\/unser-aschbach.de\/staging2025\/wp-content\/uploads\/2021\/05\/DSC_0122-scaled.jpg?resize=2048%2C1365&amp;ssl=1 2048w, https:\/\/i0.wp.com\/unser-aschbach.de\/staging2025\/wp-content\/uploads\/2021\/05\/DSC_0122-scaled.jpg?w=1200&amp;ssl=1 1200w\" sizes=\"(max-width: 300px) 100vw, 300px\" \/><\/figure><\/li><li class=\"blocks-gallery-item\"><figure><img data-recalc-dims=\"1\" decoding=\"async\" width=\"200\" height=\"300\" data-attachment-id=\"4721\" data-permalink=\"https:\/\/unser-aschbach.de\/staging2025\/2021\/05\/04\/unser-ortsvorsteher-informiert-die-tradition-lebt-freiwillige-feuerwehr-stellt-maibaum-auf\/dsc_0119-2\/\" data-orig-file=\"https:\/\/i0.wp.com\/unser-aschbach.de\/staging2025\/wp-content\/uploads\/2021\/05\/DSC_0119-scaled.jpg?fit=800%2C1200&amp;ssl=1\" data-orig-size=\"800,1200\" data-comments-opened=\"1\" data-image-meta=\"{&quot;aperture&quot;:&quot;4&quot;,&quot;credit&quot;:&quot;&quot;,&quot;camera&quot;:&quot;NIKON D3100&quot;,&quot;caption&quot;:&quot;&quot;,&quot;created_timestamp&quot;:&quot;1619810457&quot;,&quot;copyright&quot;:&quot;&quot;,&quot;focal_length&quot;:&quot;18&quot;,&quot;iso&quot;:&quot;100&quot;,&quot;shutter_speed&quot;:&quot;0.008&quot;,&quot;title&quot;:&quot;&quot;,&quot;orientation&quot;:&quot;1&quot;}\" data-image-title=\"DSC_0119\" data-image-description=\"\" data-image-caption=\"\" data-medium-file=\"https:\/\/i0.wp.com\/unser-aschbach.de\/staging2025\/wp-content\/uploads\/2021\/05\/DSC_0119-scaled.jpg?fit=200%2C300&amp;ssl=1\" data-large-file=\"https:\/\/i0.wp.com\/unser-aschbach.de\/staging2025\/wp-content\/uploads\/2021\/05\/DSC_0119-scaled.jpg?fit=683%2C1024&amp;ssl=1\" src=\"https:\/\/i0.wp.com\/unser-aschbach.de\/staging2025\/wp-content\/uploads\/2021\/05\/DSC_0119.jpg?resize=200%2C300&#038;ssl=1\" alt=\"\" data-id=\"4721\" data-full-url=\"https:\/\/unser-aschbach.de\/staging2025\/wp-content\/uploads\/2021\/05\/DSC_0119-scaled.jpg\" data-link=\"https:\/\/unser-aschbach.de\/staging2025\/?attachment_id=4721\" class=\"wp-image-4721\" srcset=\"https:\/\/i0.wp.com\/unser-aschbach.de\/staging2025\/wp-content\/uploads\/2021\/05\/DSC_0119-scaled.jpg?resize=200%2C300&amp;ssl=1 200w, https:\/\/i0.wp.com\/unser-aschbach.de\/staging2025\/wp-content\/uploads\/2021\/05\/DSC_0119-scaled.jpg?resize=683%2C1024&amp;ssl=1 683w, https:\/\/i0.wp.com\/unser-aschbach.de\/staging2025\/wp-content\/uploads\/2021\/05\/DSC_0119-scaled.jpg?resize=768%2C1152&amp;ssl=1 768w, https:\/\/i0.wp.com\/unser-aschbach.de\/staging2025\/wp-content\/uploads\/2021\/05\/DSC_0119-scaled.jpg?resize=1024%2C1536&amp;ssl=1 1024w, https:\/\/i0.wp.com\/unser-aschbach.de\/staging2025\/wp-content\/uploads\/2021\/05\/DSC_0119-scaled.jpg?resize=1365%2C2048&amp;ssl=1 1365w, https:\/\/i0.wp.com\/unser-aschbach.de\/staging2025\/wp-content\/uploads\/2021\/05\/DSC_0119-scaled.jpg?w=800&amp;ssl=1 800w\" sizes=\"(max-width: 200px) 100vw, 200px\" \/><\/figure><\/li><\/ul><\/figure>\n<div class=\"shariff shariff-align-flex-start shariff-widget-align-flex-start\"><ul class=\"shariff-buttons theme-round orientation-horizontal buttonsize-medium\"><li class=\"shariff-button mailto shariff-nocustomcolor\" style=\"background-color:#a8a8a8\"><a href=\"mailto:?body=https%3A%2F%2Funser-aschbach.de%2Fstaging2025%2F2021%2F05%2F04%2Funser-ortsvorsteher-informiert-die-tradition-lebt-freiwillige-feuerwehr-stellt-maibaum-auf%2F&subject=Unser%20Ortsvorsteher%20informiert%20-Die%20Tradition%20lebt%21%20Freiwillige.%20FEUERWEHR%20stellt%20MAIBAUM%20auf\" title=\"Per E-Mail versenden\" aria-label=\"Per E-Mail versenden\" role=\"button\" rel=\"noopener nofollow\" class=\"shariff-link\" style=\"; background-color:#999; color:#fff\"><span class=\"shariff-icon\" style=\"\"><svg width=\"32px\" height=\"20px\" xmlns=\"http:\/\/www.w3.org\/2000\/svg\" viewBox=\"0 0 32 32\"><path fill=\"#999\" d=\"M32 12.7v14.2q0 1.2-0.8 2t-2 0.9h-26.3q-1.2 0-2-0.9t-0.8-2v-14.2q0.8 0.9 1.8 1.6 6.5 4.4 8.9 6.1 1 0.8 1.6 1.2t1.7 0.9 2 0.4h0.1q0.9 0 2-0.4t1.7-0.9 1.6-1.2q3-2.2 8.9-6.1 1-0.7 1.8-1.6zM32 7.4q0 1.4-0.9 2.7t-2.2 2.2q-6.7 4.7-8.4 5.8-0.2 0.1-0.7 0.5t-1 0.7-0.9 0.6-1.1 0.5-0.9 0.2h-0.1q-0.4 0-0.9-0.2t-1.1-0.5-0.9-0.6-1-0.7-0.7-0.5q-1.6-1.1-4.7-3.2t-3.6-2.6q-1.1-0.7-2.1-2t-1-2.5q0-1.4 0.7-2.3t2.1-0.9h26.3q1.2 0 2 0.8t0.9 2z\"\/><\/svg><\/span><\/a><\/li><li class=\"shariff-button facebook shariff-nocustomcolor\" style=\"background-color:#4273c8\"><a href=\"https:\/\/www.facebook.com\/sharer\/sharer.php?u=https%3A%2F%2Funser-aschbach.de%2Fstaging2025%2F2021%2F05%2F04%2Funser-ortsvorsteher-informiert-die-tradition-lebt-freiwillige-feuerwehr-stellt-maibaum-auf%2F\" title=\"Bei Facebook teilen\" aria-label=\"Bei Facebook teilen\" role=\"button\" rel=\"nofollow\" class=\"shariff-link\" style=\"; background-color:#3b5998; color:#fff\" target=\"_blank\"><span class=\"shariff-icon\" style=\"\"><svg width=\"32px\" height=\"20px\" xmlns=\"http:\/\/www.w3.org\/2000\/svg\" viewBox=\"0 0 18 32\"><path fill=\"#3b5998\" d=\"M17.1 0.2v4.7h-2.8q-1.5 0-2.1 0.6t-0.5 1.9v3.4h5.2l-0.7 5.3h-4.5v13.6h-5.5v-13.6h-4.5v-5.3h4.5v-3.9q0-3.3 1.9-5.2t5-1.8q2.6 0 4.1 0.2z\"\/><\/svg><\/span><\/a><\/li><li class=\"shariff-button whatsapp shariff-nocustomcolor\" style=\"background-color:#5cbe4a\"><a href=\"https:\/\/api.whatsapp.com\/send?text=https%3A%2F%2Funser-aschbach.de%2Fstaging2025%2F2021%2F05%2F04%2Funser-ortsvorsteher-informiert-die-tradition-lebt-freiwillige-feuerwehr-stellt-maibaum-auf%2F%20Unser%20Ortsvorsteher%20informiert%20-Die%20Tradition%20lebt%21%20Freiwillige.%20FEUERWEHR%20stellt%20MAIBAUM%20auf\" title=\"Bei Whatsapp teilen\" aria-label=\"Bei Whatsapp teilen\" role=\"button\" rel=\"noopener nofollow\" class=\"shariff-link\" style=\"; background-color:#34af23; color:#fff\" target=\"_blank\"><span class=\"shariff-icon\" style=\"\"><svg width=\"32px\" height=\"20px\" xmlns=\"http:\/\/www.w3.org\/2000\/svg\" viewBox=\"0 0 32 32\"><path fill=\"#34af23\" d=\"M17.6 17.4q0.2 0 1.7 0.8t1.6 0.9q0 0.1 0 0.3 0 0.6-0.3 1.4-0.3 0.7-1.3 1.2t-1.8 0.5q-1 0-3.4-1.1-1.7-0.8-3-2.1t-2.6-3.3q-1.3-1.9-1.3-3.5v-0.1q0.1-1.6 1.3-2.8 0.4-0.4 0.9-0.4 0.1 0 0.3 0t0.3 0q0.3 0 0.5 0.1t0.3 0.5q0.1 0.4 0.6 1.6t0.4 1.3q0 0.4-0.6 1t-0.6 0.8q0 0.1 0.1 0.3 0.6 1.3 1.8 2.4 1 0.9 2.7 1.8 0.2 0.1 0.4 0.1 0.3 0 1-0.9t0.9-0.9zM14 26.9q2.3 0 4.3-0.9t3.6-2.4 2.4-3.6 0.9-4.3-0.9-4.3-2.4-3.6-3.6-2.4-4.3-0.9-4.3 0.9-3.6 2.4-2.4 3.6-0.9 4.3q0 3.6 2.1 6.6l-1.4 4.2 4.3-1.4q2.8 1.9 6.2 1.9zM14 2.2q2.7 0 5.2 1.1t4.3 2.9 2.9 4.3 1.1 5.2-1.1 5.2-2.9 4.3-4.3 2.9-5.2 1.1q-3.5 0-6.5-1.7l-7.4 2.4 2.4-7.2q-1.9-3.2-1.9-6.9 0-2.7 1.1-5.2t2.9-4.3 4.3-2.9 5.2-1.1z\"\/><\/svg><\/span><\/a><\/li><\/ul><\/div>","protected":false},"excerpt":{"rendered":"<p>Farbenfroh hei\u00dft der Maibaum die einfahrenden G\u00e4ste in Aschbach willkommen! Toll hatten die \u201eRalleykinder\u201c mit ihren bunten B\u00e4ndern den diesj\u00e4hrigen Aschbacher Maibaum geschm\u00fcckt. An f\u00fcnf Stationen konnten die Kinder im Verlauf der Maibaum-Ralley in den letzten Apriltagen die B\u00e4nder sammeln, um im Ziel am Feuerwehrger\u00e4tehaus den bereitliegenden Maibaum zu schm\u00fccken. Am letzten Apriltag war es&#8230;<\/p>\n<p> <a class=\"continue-reading-link\" href=\"https:\/\/unser-aschbach.de\/staging2025\/2021\/05\/04\/unser-ortsvorsteher-informiert-die-tradition-lebt-freiwillige-feuerwehr-stellt-maibaum-auf\/\"><span>weiterlesen<\/span><i class=\"crycon-right-dir\"><\/i><\/a> <\/p>\n","protected":false},"author":1,"featured_media":4723,"comment_status":"open","ping_status":"open","sticky":false,"template":"","format":"standard","meta":{"jetpack_post_was_ever_published":false,"_jetpack_newsletter_access":"","_jetpack_dont_email_post_to_subs":false,"_jetpack_newsletter_tier_id":0,"_jetpack_memberships_contains_paywalled_content":false,"_jetpack_memberships_contains_paid_content":false,"footnotes":"","jetpack_publicize_message":"","jetpack_publicize_feature_enabled":true,"jetpack_social_post_already_shared":true,"jetpack_social_options":{"image_generator_settings":{"template":"highway","default_image_id":0,"font":"","enabled":false},"version":2}},"categories":[15,46,6,40],"tags":[],"class_list":["post-4719","post","type-post","status-publish","format-standard","has-post-thumbnail","hentry","category-aktionen","category-feuerwehr","category-ortsvorsteher","category-vereine"],"jetpack_publicize_connections":[],"jetpack_featured_media_url":"https:\/\/i0.wp.com\/unser-aschbach.de\/staging2025\/wp-content\/uploads\/2021\/05\/DSC_0125-scaled.jpg?fit=800%2C1200&ssl=1","jetpack_shortlink":"https:\/\/wp.me\/pggZrZ-1e7","jetpack-related-posts":[{"id":5014,"url":"https:\/\/unser-aschbach.de\/staging2025\/2022\/05\/14\/traditioneller-hexentanz-am-maibaum-blocksberg-hexen-landen-bei-der-feuerwehr\/","url_meta":{"origin":4719,"position":0},"title":"Traditioneller HEXENTANZ am MAIBAUM !!! Blocksberg-Hexen landen bei der Feuerwehr","author":"Someone","date":"14. Mai 2022","format":false,"excerpt":"\u00a0\u00a0\u00a0\u00a0\u00a0\u00a0\u00a0\u00a0\u00a0\u00a0\u00a0\u00a0\u00a0\u00a0\u00a0\u00a0\u00a0\u00a0\u00a0\u00a0\u00a0\u00a0\u00a0\u00a0\u00a0 ENDLICH!!! Nach zweij\u00e4hriger Zwangspause belebt unsere Freiwillige Feuerwehr wieder diese sch\u00f6ne Tradition f\u00fcr unsere Kinder und Mitb\u00fcrgerInnen. Bei optimalem, sonnigem, trockenem Feier- und \u201eFlugwetter\u201c er\u00f6ffnete L\u00f6schbezirksf\u00fchrer Hubert Sch\u00f6n traditionell den diesj\u00e4hrigen Hexentanz. Zahlreiche gro\u00dfe und kleine AschbacherInnen fanden an diesem sch\u00f6nen, letzten Apriltag den Weg zum Ger\u00e4tehaus, wo unsere\u2026","rel":"","context":"In &quot;Aktionen&quot;","block_context":{"text":"Aktionen","link":"https:\/\/unser-aschbach.de\/staging2025\/category\/der-ort\/aktionen\/"},"img":{"alt_text":"","src":"https:\/\/i0.wp.com\/unser-aschbach.de\/staging2025\/wp-content\/uploads\/2022\/05\/DSC_1458-scaled.jpg?fit=1200%2C800&ssl=1&resize=350%2C200","width":350,"height":200,"srcset":"https:\/\/i0.wp.com\/unser-aschbach.de\/staging2025\/wp-content\/uploads\/2022\/05\/DSC_1458-scaled.jpg?fit=1200%2C800&ssl=1&resize=350%2C200 1x, https:\/\/i0.wp.com\/unser-aschbach.de\/staging2025\/wp-content\/uploads\/2022\/05\/DSC_1458-scaled.jpg?fit=1200%2C800&ssl=1&resize=525%2C300 1.5x, https:\/\/i0.wp.com\/unser-aschbach.de\/staging2025\/wp-content\/uploads\/2022\/05\/DSC_1458-scaled.jpg?fit=1200%2C800&ssl=1&resize=700%2C400 2x, https:\/\/i0.wp.com\/unser-aschbach.de\/staging2025\/wp-content\/uploads\/2022\/05\/DSC_1458-scaled.jpg?fit=1200%2C800&ssl=1&resize=1050%2C600 3x"},"classes":[]},{"id":5281,"url":"https:\/\/unser-aschbach.de\/staging2025\/2023\/05\/08\/traditionelles-aschbacher-hexenfeuer-und-hexentanz-am-maibaum\/","url_meta":{"origin":4719,"position":1},"title":"Traditionelles Aschbacher Hexenfeuer und Hexentanz am Maibaum!","author":"Someone","date":"8. Mai 2023","format":false,"excerpt":"Autor: Josef Nikolai Bei optimalem, sonnigem, trockenem Feuer- und \u201eFlugwetter\u201c er\u00f6ffnete L\u00f6schbezirksf\u00fchrer Hubert Sch\u00f6n traditionell die diesj\u00e4hrige Hexennachtfeier. Zahlreiche gro\u00dfe und kleine AschbacherInnen mit G\u00e4sten fanden an diesem sch\u00f6nen letzten Apriltag den Weg zum Ger\u00e4tehaus, wo unsere flei\u00dfigen, engagierten Feuerwehrleute vorgearbeitet hatten f\u00fcr\u00b4s Maibaumsetzen, f\u00fcr\u00b4s Hexenfeuer und f\u00fcr den Hexentanz\u2026","rel":"","context":"In &quot;Aktionen&quot;","block_context":{"text":"Aktionen","link":"https:\/\/unser-aschbach.de\/staging2025\/category\/der-ort\/aktionen\/"},"img":{"alt_text":"","src":"https:\/\/i0.wp.com\/unser-aschbach.de\/staging2025\/wp-content\/uploads\/2023\/05\/DSC_2414-scaled.jpg?fit=1200%2C800&ssl=1&resize=350%2C200","width":350,"height":200,"srcset":"https:\/\/i0.wp.com\/unser-aschbach.de\/staging2025\/wp-content\/uploads\/2023\/05\/DSC_2414-scaled.jpg?fit=1200%2C800&ssl=1&resize=350%2C200 1x, https:\/\/i0.wp.com\/unser-aschbach.de\/staging2025\/wp-content\/uploads\/2023\/05\/DSC_2414-scaled.jpg?fit=1200%2C800&ssl=1&resize=525%2C300 1.5x, https:\/\/i0.wp.com\/unser-aschbach.de\/staging2025\/wp-content\/uploads\/2023\/05\/DSC_2414-scaled.jpg?fit=1200%2C800&ssl=1&resize=700%2C400 2x, https:\/\/i0.wp.com\/unser-aschbach.de\/staging2025\/wp-content\/uploads\/2023\/05\/DSC_2414-scaled.jpg?fit=1200%2C800&ssl=1&resize=1050%2C600 3x"},"classes":[]},{"id":5024,"url":"https:\/\/unser-aschbach.de\/staging2025\/2022\/06\/05\/50-jahre-jugendfeuerwehr-aschbach%ef%bf%bc\/","url_meta":{"origin":4719,"position":2},"title":"50 Jahre\u00a0 JUGENDFEUERWEHR\u00a0 ASCHBACH","author":"Someone","date":"5. Juni 2022","format":false,"excerpt":"Aschbacher Wehr feiert tolles, zweit\u00e4giges Jubil\u00e4umsfest! Autor: Josef Nickolai Sowohl am Er\u00f6ffnungstag als auch am zweiten Festtag (Vatertag) str\u00f6mten bei angenehmen Temperaturen ganz, ganz viele Einheimische und G\u00e4ste zur Aschbacher Feuerwehr rund ums Ger\u00e4tehaus und in die Mehrzweckhalle. Das Aschbacher Dorfleben nahm m\u00e4chtig Fahrt auf! Mit einer eloquenten Ministerpr\u00e4sidentin Anke\u2026","rel":"","context":"In &quot;Aktionen&quot;","block_context":{"text":"Aktionen","link":"https:\/\/unser-aschbach.de\/staging2025\/category\/der-ort\/aktionen\/"},"img":{"alt_text":"","src":"https:\/\/i0.wp.com\/unser-aschbach.de\/staging2025\/wp-content\/uploads\/2022\/06\/DSC_1415-scaled.jpg?fit=1200%2C800&ssl=1&resize=350%2C200","width":350,"height":200,"srcset":"https:\/\/i0.wp.com\/unser-aschbach.de\/staging2025\/wp-content\/uploads\/2022\/06\/DSC_1415-scaled.jpg?fit=1200%2C800&ssl=1&resize=350%2C200 1x, https:\/\/i0.wp.com\/unser-aschbach.de\/staging2025\/wp-content\/uploads\/2022\/06\/DSC_1415-scaled.jpg?fit=1200%2C800&ssl=1&resize=525%2C300 1.5x, https:\/\/i0.wp.com\/unser-aschbach.de\/staging2025\/wp-content\/uploads\/2022\/06\/DSC_1415-scaled.jpg?fit=1200%2C800&ssl=1&resize=700%2C400 2x, https:\/\/i0.wp.com\/unser-aschbach.de\/staging2025\/wp-content\/uploads\/2022\/06\/DSC_1415-scaled.jpg?fit=1200%2C800&ssl=1&resize=1050%2C600 3x"},"classes":[]},{"id":4950,"url":"https:\/\/unser-aschbach.de\/staging2025\/2021\/12\/25\/weihnachtsbaum-2021\/","url_meta":{"origin":4719,"position":3},"title":"Weihnachtsbaum 2021","author":"Someone","date":"25. Dezember 2021","format":false,"excerpt":"Alle Jahre wieder machen es flei\u00dfige H\u00e4nde m\u00f6glich, dass wir wieder einen sch\u00f6n geschm\u00fcckten Weihnachtsbaum in unserem Dorf bewundern k\u00f6nnen. Ein gro\u00dfes DANKE SCH\u00d6N an die Mitarbeiter des Bauhofes f\u00fcr das Aufstellen des geradegewachsenen\u00a0 Baumes,an unsere Freiwillige Feuerwehr f\u00fcr das Schm\u00fccken des Baumes mit wundersch\u00f6nen, neuen Kugeln und vielen bunten\u2026","rel":"","context":"In &quot;Aktionen&quot;","block_context":{"text":"Aktionen","link":"https:\/\/unser-aschbach.de\/staging2025\/category\/der-ort\/aktionen\/"},"img":{"alt_text":"","src":"https:\/\/i0.wp.com\/unser-aschbach.de\/staging2025\/wp-content\/uploads\/2021\/12\/DSC_1382-scaled.jpg?fit=800%2C1200&ssl=1&resize=350%2C200","width":350,"height":200,"srcset":"https:\/\/i0.wp.com\/unser-aschbach.de\/staging2025\/wp-content\/uploads\/2021\/12\/DSC_1382-scaled.jpg?fit=800%2C1200&ssl=1&resize=350%2C200 1x, https:\/\/i0.wp.com\/unser-aschbach.de\/staging2025\/wp-content\/uploads\/2021\/12\/DSC_1382-scaled.jpg?fit=800%2C1200&ssl=1&resize=525%2C300 1.5x, https:\/\/i0.wp.com\/unser-aschbach.de\/staging2025\/wp-content\/uploads\/2021\/12\/DSC_1382-scaled.jpg?fit=800%2C1200&ssl=1&resize=700%2C400 2x"},"classes":[]},{"id":4641,"url":"https:\/\/unser-aschbach.de\/staging2025\/2020\/12\/15\/grusswort-unseres-ortsvorstehers-zu-weihnachten-und-dem-jahreswechsel-20-21\/","url_meta":{"origin":4719,"position":4},"title":"Gru\u00dfwort unseres Ortsvorstehers zu Weihnachten und dem Jahreswechsel 20\/21","author":"Someone","date":"15. Dezember 2020","format":false,"excerpt":"Liebe Mitb\u00fcrgerinnen und Mitb\u00fcrger, das h\u00e4tten wir uns beim letzten Jahreswechsel 2019\/20 und auf unserem Neujahrsempfang der VGA im Januar diesen Jahres nicht tr\u00e4umen lassen: Ein pandemiegepr\u00e4gtes Corona-Jahr 2020, das seit M\u00e4rz das gesamte Privat-, Vereins- und Kirchenleben l\u00e4hmt und unser menschliches Leben bedroht. Das Jahr 2020, ein Test f\u00fcr\u2026","rel":"","context":"In &quot;Ortsrat&quot;","block_context":{"text":"Ortsrat","link":"https:\/\/unser-aschbach.de\/staging2025\/category\/ortsrat\/"},"img":{"alt_text":"","src":"https:\/\/i0.wp.com\/unser-aschbach.de\/staging2025\/wp-content\/uploads\/2020\/12\/DSC_2387-2-scaled.jpeg?fit=800%2C1200&ssl=1&resize=350%2C200","width":350,"height":200,"srcset":"https:\/\/i0.wp.com\/unser-aschbach.de\/staging2025\/wp-content\/uploads\/2020\/12\/DSC_2387-2-scaled.jpeg?fit=800%2C1200&ssl=1&resize=350%2C200 1x, https:\/\/i0.wp.com\/unser-aschbach.de\/staging2025\/wp-content\/uploads\/2020\/12\/DSC_2387-2-scaled.jpeg?fit=800%2C1200&ssl=1&resize=525%2C300 1.5x, https:\/\/i0.wp.com\/unser-aschbach.de\/staging2025\/wp-content\/uploads\/2020\/12\/DSC_2387-2-scaled.jpeg?fit=800%2C1200&ssl=1&resize=700%2C400 2x"},"classes":[]}],"jetpack_sharing_enabled":true,"_links":{"self":[{"href":"https:\/\/unser-aschbach.de\/staging2025\/wp-json\/wp\/v2\/posts\/4719","targetHints":{"allow":["GET"]}}],"collection":[{"href":"https:\/\/unser-aschbach.de\/staging2025\/wp-json\/wp\/v2\/posts"}],"about":[{"href":"https:\/\/unser-aschbach.de\/staging2025\/wp-json\/wp\/v2\/types\/post"}],"author":[{"embeddable":true,"href":"https:\/\/unser-aschbach.de\/staging2025\/wp-json\/wp\/v2\/users\/1"}],"replies":[{"embeddable":true,"href":"https:\/\/unser-aschbach.de\/staging2025\/wp-json\/wp\/v2\/comments?post=4719"}],"version-history":[{"count":3,"href":"https:\/\/unser-aschbach.de\/staging2025\/wp-json\/wp\/v2\/posts\/4719\/revisions"}],"predecessor-version":[{"id":4726,"href":"https:\/\/unser-aschbach.de\/staging2025\/wp-json\/wp\/v2\/posts\/4719\/revisions\/4726"}],"wp:featuredmedia":[{"embeddable":true,"href":"https:\/\/unser-aschbach.de\/staging2025\/wp-json\/wp\/v2\/media\/4723"}],"wp:attachment":[{"href":"https:\/\/unser-aschbach.de\/staging2025\/wp-json\/wp\/v2\/media?parent=4719"}],"wp:term":[{"taxonomy":"category","embeddable":true,"href":"https:\/\/unser-aschbach.de\/staging2025\/wp-json\/wp\/v2\/categories?post=4719"},{"taxonomy":"post_tag","embeddable":true,"href":"https:\/\/unser-aschbach.de\/staging2025\/wp-json\/wp\/v2\/tags?post=4719"}],"curies":[{"name":"wp","href":"https:\/\/api.w.org\/{rel}","templated":true}]}}