{"id":4354,"date":"2020-02-18T21:14:28","date_gmt":"2020-02-18T20:14:28","guid":{"rendered":"https:\/\/unser-aschbach.de\/staging2025\/?p=4354"},"modified":"2020-04-06T14:21:18","modified_gmt":"2020-04-06T12:21:18","slug":"unser-ortsvorsteher-informiert-stimmungsvolle-kinderkappensitzung-der-aschbacher-narrekaepp","status":"publish","type":"post","link":"https:\/\/unser-aschbach.de\/staging2025\/2020\/02\/18\/unser-ortsvorsteher-informiert-stimmungsvolle-kinderkappensitzung-der-aschbacher-narrekaepp\/","title":{"rendered":"Unser Ortsvorsteher informiert &#8211; Stimmungsvolle Kinderkappensitzung der Aschbacher Narrek\u00e4pp"},"content":{"rendered":"\n<p style=\"background-color:#17a300\" class=\"has-text-color has-background has-drop-cap has-very-dark-gray-color\">Schwungvoll, wie schon in den beiden Kappensitzungen am Wochenende zuvor, er\u00f6ffneten die lustigen Bambinis des <strong>Turnvereins (TV) Aschbach<\/strong> (Trainerinnen: Michelle und Paula Fries) mit dem Zwergentanz die diesj\u00e4hrige Kinderkappensitzung.<\/p>\n\n\n\n<p>In der vollbesetzten Mehrzweckhalle f\u00fchrte das <strong>Kinder-Moderatorenpaar Anna Ehl und Linn Schr\u00f6der <\/strong>unter <strong>Leitung von Jonas Schmidt <\/strong>gekonnt durch das 1 1\/2 st\u00fcndige Programm.<\/p>\n\n\n\n<p>Staunend, mit viel Applaus verfolgten die n\u00e4rrischen Zuschauer zur stimmungsvollen Musik (Technik: Florian und Philipp B\u00fcchel) die tollen T\u00e4nze der vielen Garde-Nachwuchst\u00e4nzerinnen, sowie<\/p>\n\n\n\n<!--more-->\n\n\n\n<ul class=\"wp-block-list\"><li>die Solo-Darbietungen des talentierten <strong>Kindermariechens des Carneval Verein Lebach (CVL) Mariella Bonanni <\/strong>(Trainerin: Lara-Sophie Masloh) und<\/li><li>die Spagate, Spr\u00fcnge und \u00dcberschl\u00e4ge u.a. das einh\u00e4ndige Rad des elanvollen <strong>Aschbacher Funkenmariechens Lena Jakob <\/strong>(Trainerin: Anna Katharina Schirra).<\/li><\/ul>\n\n\n\n<p>Neben der quirligen Juniorgarde des <strong>Turnvereins (TV) Thalexweiler<\/strong> (Trainerin: Sarah Dincher) wirbelte die Minigarde 1 des CVL (Trainerinnen: Ramona Halter\/Jennifer Bonanni) und die kleinen Superminis des TV Thalexweiler (Trainerin: Maria Mail\u00e4nder) auf der B\u00fchne.<\/p>\n\n\n\n<p>Auch das <strong>Kinder-Prinzenpaar des CVL, Fabienne I und Tim I <\/strong>, gab sich die Ehre und pr\u00e4sentierte sich f\u00fcrstlich dem begeisterten, n\u00e4rrischen Publikum.<\/p>\n\n\n\n<p>Mit der Minigarde des TV Aschbach (Trainerinnen: Michelle und Paula Fries) startete die Narrenschar in die 2. Programmh\u00e4lfte, in der das Publikum auch der Minigarde 2 des CVL (Trainerin: Claudia Wagner-Flamann\/Lara-Sophie Masloh) und den Gr\u00fcn-Wei\u00dfen Marionettes des TV Thalexweiler (Trainerin: Hannah Schmitt) begeistert applaudieren konnte.<\/p>\n\n\n\n<p>Jana Heinrich und Jannis H\u00f6nig vom CVL heizten in der Folge noch einmal mit Stimmungshits dem Publikum zum Abschluss kr\u00e4ftig ein.<\/p>\n\n\n\n<p>Mit Irmas wohlschmeckenden, selbst-eingelegten Heringen und Monis hei\u00dfen Wienern konnten sich die gro\u00dfen und kleinen Narren f\u00fcr die weiteren Stunden in der Aschbacher Narrhalla st\u00e4rken bzw. bei Sandra und Sandra-Anna die feinen Cocktails genie\u00dfen. Zum Ausklang tanzten Gro\u00df und Klein noch ausgiebig auf der B\u00fchne.<\/p>\n\n\n\n<p><strong>Die Aschbacher Narrek\u00e4pp bedanken sich bei allen Besucherinnen und Besuchern aus nah und fern, bei allen Sponsoren, Gastvereinen, Akteuren und Helfern f\u00fcr die tolle Unterst\u00fctzung bei den Veranstaltungen der f\u00fcnften Jahreszeit!<\/strong><\/p>\n\n\n\n<p><strong>Allen Leserinnen und Lesern w\u00fcnschen die Aschbacher Narrek\u00e4pp noch tolle Fastnachts-Feiertage!<\/strong><\/p>\n\n\n\n<p class=\"has-text-align-center\"><strong>Alleh hopp!!!<\/strong><\/p>\n\n\n\n<figure class=\"wp-block-gallery columns-3 is-cropped wp-block-gallery-1 is-layout-flex wp-block-gallery-is-layout-flex\"><ul class=\"blocks-gallery-grid\"><li class=\"blocks-gallery-item\"><figure><img decoding=\"async\" width=\"1732\" height=\"1154\" data-attachment-id=\"4357\" data-permalink=\"https:\/\/unser-aschbach.de\/staging2025\/2020\/02\/18\/unser-ortsvorsteher-informiert-stimmungsvolle-kinderkappensitzung-der-aschbacher-narrekaepp\/dsc_0907_m\/\" data-orig-file=\"https:\/\/i0.wp.com\/unser-aschbach.de\/staging2025\/wp-content\/uploads\/2020\/02\/DSC_0907_M.jpg?fit=1732%2C1154&amp;ssl=1\" data-orig-size=\"1732,1154\" data-comments-opened=\"1\" data-image-meta=\"{&quot;aperture&quot;:&quot;0&quot;,&quot;credit&quot;:&quot;&quot;,&quot;camera&quot;:&quot;&quot;,&quot;caption&quot;:&quot;&quot;,&quot;created_timestamp&quot;:&quot;1581788694&quot;,&quot;copyright&quot;:&quot;&quot;,&quot;focal_length&quot;:&quot;0&quot;,&quot;iso&quot;:&quot;0&quot;,&quot;shutter_speed&quot;:&quot;0&quot;,&quot;title&quot;:&quot;&quot;,&quot;orientation&quot;:&quot;1&quot;}\" data-image-title=\"DSC_0907_M\" data-image-description=\"\" data-image-caption=\"\" data-medium-file=\"https:\/\/i0.wp.com\/unser-aschbach.de\/staging2025\/wp-content\/uploads\/2020\/02\/DSC_0907_M.jpg?fit=300%2C200&amp;ssl=1\" data-large-file=\"https:\/\/i0.wp.com\/unser-aschbach.de\/staging2025\/wp-content\/uploads\/2020\/02\/DSC_0907_M.jpg?fit=900%2C599&amp;ssl=1\" src=\"https:\/\/i0.wp.com\/unser-aschbach.de\/wp-content\/uploads\/2020\/02\/DSC_0907_M.jpg?fit=1024%2C682&amp;ssl=1\" alt=\"\" data-id=\"4357\" data-link=\"https:\/\/unser-aschbach.de\/staging2025\/?attachment_id=4357\" class=\"wp-image-4357\" srcset=\"https:\/\/i0.wp.com\/unser-aschbach.de\/staging2025\/wp-content\/uploads\/2020\/02\/DSC_0907_M.jpg?w=1732&amp;ssl=1 1732w, https:\/\/i0.wp.com\/unser-aschbach.de\/staging2025\/wp-content\/uploads\/2020\/02\/DSC_0907_M.jpg?resize=300%2C200&amp;ssl=1 300w, https:\/\/i0.wp.com\/unser-aschbach.de\/staging2025\/wp-content\/uploads\/2020\/02\/DSC_0907_M.jpg?resize=1024%2C682&amp;ssl=1 1024w, https:\/\/i0.wp.com\/unser-aschbach.de\/staging2025\/wp-content\/uploads\/2020\/02\/DSC_0907_M.jpg?resize=768%2C512&amp;ssl=1 768w, https:\/\/i0.wp.com\/unser-aschbach.de\/staging2025\/wp-content\/uploads\/2020\/02\/DSC_0907_M.jpg?resize=1536%2C1023&amp;ssl=1 1536w\" sizes=\"(max-width: 900px) 100vw, 900px\" \/><\/figure><\/li><li class=\"blocks-gallery-item\"><figure><img decoding=\"async\" width=\"1154\" height=\"1732\" data-attachment-id=\"4356\" data-permalink=\"https:\/\/unser-aschbach.de\/staging2025\/2020\/02\/18\/unser-ortsvorsteher-informiert-stimmungsvolle-kinderkappensitzung-der-aschbacher-narrekaepp\/dsc_0888_m\/\" data-orig-file=\"https:\/\/i0.wp.com\/unser-aschbach.de\/staging2025\/wp-content\/uploads\/2020\/02\/DSC_0888_M-rotated.jpg?fit=1154%2C1732&amp;ssl=1\" data-orig-size=\"1154,1732\" data-comments-opened=\"1\" data-image-meta=\"{&quot;aperture&quot;:&quot;0&quot;,&quot;credit&quot;:&quot;&quot;,&quot;camera&quot;:&quot;&quot;,&quot;caption&quot;:&quot;&quot;,&quot;created_timestamp&quot;:&quot;1581787623&quot;,&quot;copyright&quot;:&quot;&quot;,&quot;focal_length&quot;:&quot;0&quot;,&quot;iso&quot;:&quot;0&quot;,&quot;shutter_speed&quot;:&quot;0&quot;,&quot;title&quot;:&quot;&quot;,&quot;orientation&quot;:&quot;1&quot;}\" data-image-title=\"DSC_0888_M\" data-image-description=\"\" data-image-caption=\"\" data-medium-file=\"https:\/\/i0.wp.com\/unser-aschbach.de\/staging2025\/wp-content\/uploads\/2020\/02\/DSC_0888_M-rotated.jpg?fit=200%2C300&amp;ssl=1\" data-large-file=\"https:\/\/i0.wp.com\/unser-aschbach.de\/staging2025\/wp-content\/uploads\/2020\/02\/DSC_0888_M-rotated.jpg?fit=682%2C1024&amp;ssl=1\" src=\"https:\/\/i1.wp.com\/unser-aschbach.de\/wp-content\/uploads\/2020\/02\/DSC_0888_M-rotated.jpg?fit=682%2C1024&amp;ssl=1\" alt=\"\" data-id=\"4356\" data-link=\"https:\/\/unser-aschbach.de\/staging2025\/?attachment_id=4356\" class=\"wp-image-4356\" srcset=\"https:\/\/i0.wp.com\/unser-aschbach.de\/staging2025\/wp-content\/uploads\/2020\/02\/DSC_0888_M-rotated.jpg?w=1154&amp;ssl=1 1154w, https:\/\/i0.wp.com\/unser-aschbach.de\/staging2025\/wp-content\/uploads\/2020\/02\/DSC_0888_M-rotated.jpg?resize=200%2C300&amp;ssl=1 200w, https:\/\/i0.wp.com\/unser-aschbach.de\/staging2025\/wp-content\/uploads\/2020\/02\/DSC_0888_M-rotated.jpg?resize=682%2C1024&amp;ssl=1 682w, https:\/\/i0.wp.com\/unser-aschbach.de\/staging2025\/wp-content\/uploads\/2020\/02\/DSC_0888_M-rotated.jpg?resize=768%2C1153&amp;ssl=1 768w, https:\/\/i0.wp.com\/unser-aschbach.de\/staging2025\/wp-content\/uploads\/2020\/02\/DSC_0888_M-rotated.jpg?resize=1023%2C1536&amp;ssl=1 1023w\" sizes=\"(max-width: 900px) 100vw, 900px\" \/><\/figure><\/li><li class=\"blocks-gallery-item\"><figure><img decoding=\"async\" width=\"1732\" height=\"1154\" data-attachment-id=\"4358\" data-permalink=\"https:\/\/unser-aschbach.de\/staging2025\/2020\/02\/18\/unser-ortsvorsteher-informiert-stimmungsvolle-kinderkappensitzung-der-aschbacher-narrekaepp\/dsc_0938_m\/\" data-orig-file=\"https:\/\/i0.wp.com\/unser-aschbach.de\/staging2025\/wp-content\/uploads\/2020\/02\/DSC_0938_M.jpg?fit=1732%2C1154&amp;ssl=1\" data-orig-size=\"1732,1154\" data-comments-opened=\"1\" data-image-meta=\"{&quot;aperture&quot;:&quot;0&quot;,&quot;credit&quot;:&quot;&quot;,&quot;camera&quot;:&quot;&quot;,&quot;caption&quot;:&quot;&quot;,&quot;created_timestamp&quot;:&quot;1581791754&quot;,&quot;copyright&quot;:&quot;&quot;,&quot;focal_length&quot;:&quot;0&quot;,&quot;iso&quot;:&quot;0&quot;,&quot;shutter_speed&quot;:&quot;0&quot;,&quot;title&quot;:&quot;&quot;,&quot;orientation&quot;:&quot;1&quot;}\" data-image-title=\"DSC_0938_M\" data-image-description=\"\" data-image-caption=\"\" data-medium-file=\"https:\/\/i0.wp.com\/unser-aschbach.de\/staging2025\/wp-content\/uploads\/2020\/02\/DSC_0938_M.jpg?fit=300%2C200&amp;ssl=1\" data-large-file=\"https:\/\/i0.wp.com\/unser-aschbach.de\/staging2025\/wp-content\/uploads\/2020\/02\/DSC_0938_M.jpg?fit=900%2C599&amp;ssl=1\" src=\"https:\/\/i0.wp.com\/unser-aschbach.de\/wp-content\/uploads\/2020\/02\/DSC_0938_M.jpg?fit=1024%2C682&amp;ssl=1\" alt=\"\" data-id=\"4358\" data-link=\"https:\/\/unser-aschbach.de\/staging2025\/?attachment_id=4358\" class=\"wp-image-4358\" srcset=\"https:\/\/i0.wp.com\/unser-aschbach.de\/staging2025\/wp-content\/uploads\/2020\/02\/DSC_0938_M.jpg?w=1732&amp;ssl=1 1732w, https:\/\/i0.wp.com\/unser-aschbach.de\/staging2025\/wp-content\/uploads\/2020\/02\/DSC_0938_M.jpg?resize=300%2C200&amp;ssl=1 300w, https:\/\/i0.wp.com\/unser-aschbach.de\/staging2025\/wp-content\/uploads\/2020\/02\/DSC_0938_M.jpg?resize=1024%2C682&amp;ssl=1 1024w, https:\/\/i0.wp.com\/unser-aschbach.de\/staging2025\/wp-content\/uploads\/2020\/02\/DSC_0938_M.jpg?resize=768%2C512&amp;ssl=1 768w, https:\/\/i0.wp.com\/unser-aschbach.de\/staging2025\/wp-content\/uploads\/2020\/02\/DSC_0938_M.jpg?resize=1536%2C1023&amp;ssl=1 1536w\" sizes=\"(max-width: 900px) 100vw, 900px\" \/><\/figure><\/li><li class=\"blocks-gallery-item\"><figure><img decoding=\"async\" width=\"1732\" height=\"1154\" data-attachment-id=\"4359\" data-permalink=\"https:\/\/unser-aschbach.de\/staging2025\/2020\/02\/18\/unser-ortsvorsteher-informiert-stimmungsvolle-kinderkappensitzung-der-aschbacher-narrekaepp\/dsc_0943_m\/\" data-orig-file=\"https:\/\/i0.wp.com\/unser-aschbach.de\/staging2025\/wp-content\/uploads\/2020\/02\/DSC_0943_M.jpg?fit=1732%2C1154&amp;ssl=1\" data-orig-size=\"1732,1154\" data-comments-opened=\"1\" data-image-meta=\"{&quot;aperture&quot;:&quot;0&quot;,&quot;credit&quot;:&quot;&quot;,&quot;camera&quot;:&quot;&quot;,&quot;caption&quot;:&quot;&quot;,&quot;created_timestamp&quot;:&quot;1581792579&quot;,&quot;copyright&quot;:&quot;&quot;,&quot;focal_length&quot;:&quot;0&quot;,&quot;iso&quot;:&quot;0&quot;,&quot;shutter_speed&quot;:&quot;0&quot;,&quot;title&quot;:&quot;&quot;,&quot;orientation&quot;:&quot;1&quot;}\" data-image-title=\"DSC_0943_M\" data-image-description=\"\" data-image-caption=\"\" data-medium-file=\"https:\/\/i0.wp.com\/unser-aschbach.de\/staging2025\/wp-content\/uploads\/2020\/02\/DSC_0943_M.jpg?fit=300%2C200&amp;ssl=1\" data-large-file=\"https:\/\/i0.wp.com\/unser-aschbach.de\/staging2025\/wp-content\/uploads\/2020\/02\/DSC_0943_M.jpg?fit=900%2C599&amp;ssl=1\" src=\"https:\/\/i1.wp.com\/unser-aschbach.de\/wp-content\/uploads\/2020\/02\/DSC_0943_M.jpg?fit=1024%2C682&amp;ssl=1\" alt=\"\" data-id=\"4359\" data-link=\"https:\/\/unser-aschbach.de\/staging2025\/?attachment_id=4359\" class=\"wp-image-4359\" srcset=\"https:\/\/i0.wp.com\/unser-aschbach.de\/staging2025\/wp-content\/uploads\/2020\/02\/DSC_0943_M.jpg?w=1732&amp;ssl=1 1732w, https:\/\/i0.wp.com\/unser-aschbach.de\/staging2025\/wp-content\/uploads\/2020\/02\/DSC_0943_M.jpg?resize=300%2C200&amp;ssl=1 300w, https:\/\/i0.wp.com\/unser-aschbach.de\/staging2025\/wp-content\/uploads\/2020\/02\/DSC_0943_M.jpg?resize=1024%2C682&amp;ssl=1 1024w, https:\/\/i0.wp.com\/unser-aschbach.de\/staging2025\/wp-content\/uploads\/2020\/02\/DSC_0943_M.jpg?resize=768%2C512&amp;ssl=1 768w, https:\/\/i0.wp.com\/unser-aschbach.de\/staging2025\/wp-content\/uploads\/2020\/02\/DSC_0943_M.jpg?resize=1536%2C1023&amp;ssl=1 1536w\" sizes=\"(max-width: 900px) 100vw, 900px\" \/><\/figure><\/li><li class=\"blocks-gallery-item\"><figure><img decoding=\"async\" width=\"1732\" height=\"1154\" data-attachment-id=\"4360\" data-permalink=\"https:\/\/unser-aschbach.de\/staging2025\/2020\/02\/18\/unser-ortsvorsteher-informiert-stimmungsvolle-kinderkappensitzung-der-aschbacher-narrekaepp\/dsc_0918_m\/\" data-orig-file=\"https:\/\/i0.wp.com\/unser-aschbach.de\/staging2025\/wp-content\/uploads\/2020\/02\/DSC_0918_M.jpg?fit=1732%2C1154&amp;ssl=1\" data-orig-size=\"1732,1154\" data-comments-opened=\"1\" data-image-meta=\"{&quot;aperture&quot;:&quot;0&quot;,&quot;credit&quot;:&quot;&quot;,&quot;camera&quot;:&quot;&quot;,&quot;caption&quot;:&quot;&quot;,&quot;created_timestamp&quot;:&quot;1581790048&quot;,&quot;copyright&quot;:&quot;&quot;,&quot;focal_length&quot;:&quot;0&quot;,&quot;iso&quot;:&quot;0&quot;,&quot;shutter_speed&quot;:&quot;0&quot;,&quot;title&quot;:&quot;&quot;,&quot;orientation&quot;:&quot;1&quot;}\" data-image-title=\"DSC_0918_M\" data-image-description=\"\" data-image-caption=\"\" data-medium-file=\"https:\/\/i0.wp.com\/unser-aschbach.de\/staging2025\/wp-content\/uploads\/2020\/02\/DSC_0918_M.jpg?fit=300%2C200&amp;ssl=1\" data-large-file=\"https:\/\/i0.wp.com\/unser-aschbach.de\/staging2025\/wp-content\/uploads\/2020\/02\/DSC_0918_M.jpg?fit=900%2C599&amp;ssl=1\" src=\"https:\/\/i2.wp.com\/unser-aschbach.de\/wp-content\/uploads\/2020\/02\/DSC_0918_M.jpg?fit=1024%2C682&amp;ssl=1\" alt=\"\" data-id=\"4360\" data-full-url=\"https:\/\/i2.wp.com\/unser-aschbach.de\/wp-content\/uploads\/2020\/02\/DSC_0918_M.jpg?fit=1732%2C1154&amp;ssl=1\" data-link=\"https:\/\/unser-aschbach.de\/staging2025\/?attachment_id=4360\" class=\"wp-image-4360\" srcset=\"https:\/\/i0.wp.com\/unser-aschbach.de\/staging2025\/wp-content\/uploads\/2020\/02\/DSC_0918_M.jpg?w=1732&amp;ssl=1 1732w, https:\/\/i0.wp.com\/unser-aschbach.de\/staging2025\/wp-content\/uploads\/2020\/02\/DSC_0918_M.jpg?resize=300%2C200&amp;ssl=1 300w, https:\/\/i0.wp.com\/unser-aschbach.de\/staging2025\/wp-content\/uploads\/2020\/02\/DSC_0918_M.jpg?resize=1024%2C682&amp;ssl=1 1024w, https:\/\/i0.wp.com\/unser-aschbach.de\/staging2025\/wp-content\/uploads\/2020\/02\/DSC_0918_M.jpg?resize=768%2C512&amp;ssl=1 768w, https:\/\/i0.wp.com\/unser-aschbach.de\/staging2025\/wp-content\/uploads\/2020\/02\/DSC_0918_M.jpg?resize=1536%2C1023&amp;ssl=1 1536w\" sizes=\"(max-width: 900px) 100vw, 900px\" \/><\/figure><\/li><\/ul><\/figure>\n\n\n\n<figure class=\"wp-block-gallery columns-3 is-cropped wp-block-gallery-2 is-layout-flex wp-block-gallery-is-layout-flex\"><ul class=\"blocks-gallery-grid\"><li class=\"blocks-gallery-item\"><figure><img data-recalc-dims=\"1\" decoding=\"async\" width=\"900\" height=\"600\" data-attachment-id=\"4454\" data-permalink=\"https:\/\/unser-aschbach.de\/staging2025\/dsc_0938\/\" data-orig-file=\"https:\/\/i0.wp.com\/unser-aschbach.de\/staging2025\/wp-content\/uploads\/2020\/04\/DSC_0938-scaled.jpg?fit=1200%2C800&amp;ssl=1\" data-orig-size=\"1200,800\" data-comments-opened=\"1\" data-image-meta=\"{&quot;aperture&quot;:&quot;5&quot;,&quot;credit&quot;:&quot;&quot;,&quot;camera&quot;:&quot;NIKON D3100&quot;,&quot;caption&quot;:&quot;&quot;,&quot;created_timestamp&quot;:&quot;1581791754&quot;,&quot;copyright&quot;:&quot;&quot;,&quot;focal_length&quot;:&quot;34&quot;,&quot;iso&quot;:&quot;1000&quot;,&quot;shutter_speed&quot;:&quot;0.0666666666667&quot;,&quot;title&quot;:&quot;&quot;,&quot;orientation&quot;:&quot;1&quot;}\" data-image-title=\"DSC_0938\" data-image-description=\"\" data-image-caption=\"\" data-medium-file=\"https:\/\/i0.wp.com\/unser-aschbach.de\/staging2025\/wp-content\/uploads\/2020\/04\/DSC_0938-scaled.jpg?fit=300%2C200&amp;ssl=1\" data-large-file=\"https:\/\/i0.wp.com\/unser-aschbach.de\/staging2025\/wp-content\/uploads\/2020\/04\/DSC_0938-scaled.jpg?fit=900%2C600&amp;ssl=1\" src=\"https:\/\/i0.wp.com\/unser-aschbach.de\/staging2025\/wp-content\/uploads\/2020\/04\/DSC_0938.jpg?resize=900%2C600&#038;ssl=1\" alt=\"\" data-id=\"4454\" data-full-url=\"https:\/\/unser-aschbach.de\/staging2025\/wp-content\/uploads\/2020\/04\/DSC_0938-scaled.jpg\" data-link=\"https:\/\/unser-aschbach.de\/staging2025\/dsc_0938\/\" class=\"wp-image-4454\" srcset=\"https:\/\/i0.wp.com\/unser-aschbach.de\/staging2025\/wp-content\/uploads\/2020\/04\/DSC_0938-scaled.jpg?resize=1024%2C683&amp;ssl=1 1024w, https:\/\/i0.wp.com\/unser-aschbach.de\/staging2025\/wp-content\/uploads\/2020\/04\/DSC_0938-scaled.jpg?resize=300%2C200&amp;ssl=1 300w, https:\/\/i0.wp.com\/unser-aschbach.de\/staging2025\/wp-content\/uploads\/2020\/04\/DSC_0938-scaled.jpg?resize=768%2C512&amp;ssl=1 768w, https:\/\/i0.wp.com\/unser-aschbach.de\/staging2025\/wp-content\/uploads\/2020\/04\/DSC_0938-scaled.jpg?resize=1536%2C1024&amp;ssl=1 1536w, https:\/\/i0.wp.com\/unser-aschbach.de\/staging2025\/wp-content\/uploads\/2020\/04\/DSC_0938-scaled.jpg?resize=2048%2C1365&amp;ssl=1 2048w, https:\/\/i0.wp.com\/unser-aschbach.de\/staging2025\/wp-content\/uploads\/2020\/04\/DSC_0938-scaled.jpg?w=1200&amp;ssl=1 1200w\" sizes=\"(max-width: 900px) 100vw, 900px\" \/><\/figure><\/li><li class=\"blocks-gallery-item\"><figure><img data-recalc-dims=\"1\" decoding=\"async\" width=\"900\" height=\"600\" data-attachment-id=\"4452\" data-permalink=\"https:\/\/unser-aschbach.de\/staging2025\/dsc_0907\/\" data-orig-file=\"https:\/\/i0.wp.com\/unser-aschbach.de\/staging2025\/wp-content\/uploads\/2020\/04\/DSC_0907-scaled.jpg?fit=1200%2C800&amp;ssl=1\" data-orig-size=\"1200,800\" data-comments-opened=\"1\" data-image-meta=\"{&quot;aperture&quot;:&quot;3.5&quot;,&quot;credit&quot;:&quot;&quot;,&quot;camera&quot;:&quot;NIKON D3100&quot;,&quot;caption&quot;:&quot;&quot;,&quot;created_timestamp&quot;:&quot;1581788694&quot;,&quot;copyright&quot;:&quot;&quot;,&quot;focal_length&quot;:&quot;18&quot;,&quot;iso&quot;:&quot;400&quot;,&quot;shutter_speed&quot;:&quot;0.025&quot;,&quot;title&quot;:&quot;&quot;,&quot;orientation&quot;:&quot;1&quot;}\" data-image-title=\"DSC_0907\" data-image-description=\"\" data-image-caption=\"\" data-medium-file=\"https:\/\/i0.wp.com\/unser-aschbach.de\/staging2025\/wp-content\/uploads\/2020\/04\/DSC_0907-scaled.jpg?fit=300%2C200&amp;ssl=1\" data-large-file=\"https:\/\/i0.wp.com\/unser-aschbach.de\/staging2025\/wp-content\/uploads\/2020\/04\/DSC_0907-scaled.jpg?fit=900%2C600&amp;ssl=1\" src=\"https:\/\/i0.wp.com\/unser-aschbach.de\/staging2025\/wp-content\/uploads\/2020\/04\/DSC_0907.jpg?resize=900%2C600&#038;ssl=1\" alt=\"\" data-id=\"4452\" data-full-url=\"https:\/\/unser-aschbach.de\/staging2025\/wp-content\/uploads\/2020\/04\/DSC_0907-scaled.jpg\" data-link=\"https:\/\/unser-aschbach.de\/staging2025\/dsc_0907\/\" class=\"wp-image-4452\" srcset=\"https:\/\/i0.wp.com\/unser-aschbach.de\/staging2025\/wp-content\/uploads\/2020\/04\/DSC_0907-scaled.jpg?resize=1024%2C683&amp;ssl=1 1024w, https:\/\/i0.wp.com\/unser-aschbach.de\/staging2025\/wp-content\/uploads\/2020\/04\/DSC_0907-scaled.jpg?resize=300%2C200&amp;ssl=1 300w, https:\/\/i0.wp.com\/unser-aschbach.de\/staging2025\/wp-content\/uploads\/2020\/04\/DSC_0907-scaled.jpg?resize=768%2C512&amp;ssl=1 768w, https:\/\/i0.wp.com\/unser-aschbach.de\/staging2025\/wp-content\/uploads\/2020\/04\/DSC_0907-scaled.jpg?resize=1536%2C1024&amp;ssl=1 1536w, https:\/\/i0.wp.com\/unser-aschbach.de\/staging2025\/wp-content\/uploads\/2020\/04\/DSC_0907-scaled.jpg?resize=2048%2C1365&amp;ssl=1 2048w, https:\/\/i0.wp.com\/unser-aschbach.de\/staging2025\/wp-content\/uploads\/2020\/04\/DSC_0907-scaled.jpg?w=1200&amp;ssl=1 1200w\" sizes=\"(max-width: 900px) 100vw, 900px\" \/><\/figure><\/li><li class=\"blocks-gallery-item\"><figure><img data-recalc-dims=\"1\" decoding=\"async\" width=\"683\" height=\"1024\" data-attachment-id=\"4451\" data-permalink=\"https:\/\/unser-aschbach.de\/staging2025\/dsc_0888\/\" data-orig-file=\"https:\/\/i0.wp.com\/unser-aschbach.de\/staging2025\/wp-content\/uploads\/2020\/04\/DSC_0888-scaled.jpg?fit=800%2C1200&amp;ssl=1\" data-orig-size=\"800,1200\" data-comments-opened=\"1\" data-image-meta=\"{&quot;aperture&quot;:&quot;5.3&quot;,&quot;credit&quot;:&quot;&quot;,&quot;camera&quot;:&quot;NIKON D3100&quot;,&quot;caption&quot;:&quot;&quot;,&quot;created_timestamp&quot;:&quot;1581787623&quot;,&quot;copyright&quot;:&quot;&quot;,&quot;focal_length&quot;:&quot;46&quot;,&quot;iso&quot;:&quot;450&quot;,&quot;shutter_speed&quot;:&quot;0.0666666666667&quot;,&quot;title&quot;:&quot;&quot;,&quot;orientation&quot;:&quot;1&quot;}\" data-image-title=\"DSC_0888\" data-image-description=\"\" data-image-caption=\"\" data-medium-file=\"https:\/\/i0.wp.com\/unser-aschbach.de\/staging2025\/wp-content\/uploads\/2020\/04\/DSC_0888-scaled.jpg?fit=200%2C300&amp;ssl=1\" data-large-file=\"https:\/\/i0.wp.com\/unser-aschbach.de\/staging2025\/wp-content\/uploads\/2020\/04\/DSC_0888-scaled.jpg?fit=683%2C1024&amp;ssl=1\" src=\"https:\/\/i0.wp.com\/unser-aschbach.de\/staging2025\/wp-content\/uploads\/2020\/04\/DSC_0888.jpg?resize=683%2C1024&#038;ssl=1\" alt=\"\" data-id=\"4451\" data-full-url=\"https:\/\/unser-aschbach.de\/staging2025\/wp-content\/uploads\/2020\/04\/DSC_0888-scaled.jpg\" data-link=\"https:\/\/unser-aschbach.de\/staging2025\/dsc_0888\/\" class=\"wp-image-4451\" srcset=\"https:\/\/i0.wp.com\/unser-aschbach.de\/staging2025\/wp-content\/uploads\/2020\/04\/DSC_0888-scaled.jpg?resize=683%2C1024&amp;ssl=1 683w, https:\/\/i0.wp.com\/unser-aschbach.de\/staging2025\/wp-content\/uploads\/2020\/04\/DSC_0888-scaled.jpg?resize=200%2C300&amp;ssl=1 200w, https:\/\/i0.wp.com\/unser-aschbach.de\/staging2025\/wp-content\/uploads\/2020\/04\/DSC_0888-scaled.jpg?resize=768%2C1152&amp;ssl=1 768w, https:\/\/i0.wp.com\/unser-aschbach.de\/staging2025\/wp-content\/uploads\/2020\/04\/DSC_0888-scaled.jpg?resize=1024%2C1536&amp;ssl=1 1024w, https:\/\/i0.wp.com\/unser-aschbach.de\/staging2025\/wp-content\/uploads\/2020\/04\/DSC_0888-scaled.jpg?resize=1365%2C2048&amp;ssl=1 1365w, https:\/\/i0.wp.com\/unser-aschbach.de\/staging2025\/wp-content\/uploads\/2020\/04\/DSC_0888-scaled.jpg?w=800&amp;ssl=1 800w\" sizes=\"(max-width: 683px) 100vw, 683px\" \/><\/figure><\/li><li class=\"blocks-gallery-item\"><figure><img data-recalc-dims=\"1\" decoding=\"async\" width=\"900\" height=\"600\" data-attachment-id=\"4453\" data-permalink=\"https:\/\/unser-aschbach.de\/staging2025\/dsc_0943\/\" data-orig-file=\"https:\/\/i0.wp.com\/unser-aschbach.de\/staging2025\/wp-content\/uploads\/2020\/04\/DSC_0943-scaled.jpg?fit=1200%2C800&amp;ssl=1\" data-orig-size=\"1200,800\" data-comments-opened=\"1\" data-image-meta=\"{&quot;aperture&quot;:&quot;3.5&quot;,&quot;credit&quot;:&quot;&quot;,&quot;camera&quot;:&quot;NIKON D3100&quot;,&quot;caption&quot;:&quot;&quot;,&quot;created_timestamp&quot;:&quot;1581792579&quot;,&quot;copyright&quot;:&quot;&quot;,&quot;focal_length&quot;:&quot;18&quot;,&quot;iso&quot;:&quot;1600&quot;,&quot;shutter_speed&quot;:&quot;0.0666666666667&quot;,&quot;title&quot;:&quot;&quot;,&quot;orientation&quot;:&quot;1&quot;}\" data-image-title=\"DSC_0943\" data-image-description=\"\" data-image-caption=\"\" data-medium-file=\"https:\/\/i0.wp.com\/unser-aschbach.de\/staging2025\/wp-content\/uploads\/2020\/04\/DSC_0943-scaled.jpg?fit=300%2C200&amp;ssl=1\" data-large-file=\"https:\/\/i0.wp.com\/unser-aschbach.de\/staging2025\/wp-content\/uploads\/2020\/04\/DSC_0943-scaled.jpg?fit=900%2C600&amp;ssl=1\" src=\"https:\/\/i0.wp.com\/unser-aschbach.de\/staging2025\/wp-content\/uploads\/2020\/04\/DSC_0943.jpg?resize=900%2C600&#038;ssl=1\" alt=\"\" data-id=\"4453\" data-full-url=\"https:\/\/unser-aschbach.de\/staging2025\/wp-content\/uploads\/2020\/04\/DSC_0943-scaled.jpg\" data-link=\"https:\/\/unser-aschbach.de\/staging2025\/dsc_0943\/\" class=\"wp-image-4453\" srcset=\"https:\/\/i0.wp.com\/unser-aschbach.de\/staging2025\/wp-content\/uploads\/2020\/04\/DSC_0943-scaled.jpg?resize=1024%2C683&amp;ssl=1 1024w, https:\/\/i0.wp.com\/unser-aschbach.de\/staging2025\/wp-content\/uploads\/2020\/04\/DSC_0943-scaled.jpg?resize=300%2C200&amp;ssl=1 300w, https:\/\/i0.wp.com\/unser-aschbach.de\/staging2025\/wp-content\/uploads\/2020\/04\/DSC_0943-scaled.jpg?resize=768%2C512&amp;ssl=1 768w, https:\/\/i0.wp.com\/unser-aschbach.de\/staging2025\/wp-content\/uploads\/2020\/04\/DSC_0943-scaled.jpg?resize=1536%2C1024&amp;ssl=1 1536w, https:\/\/i0.wp.com\/unser-aschbach.de\/staging2025\/wp-content\/uploads\/2020\/04\/DSC_0943-scaled.jpg?resize=2048%2C1365&amp;ssl=1 2048w, https:\/\/i0.wp.com\/unser-aschbach.de\/staging2025\/wp-content\/uploads\/2020\/04\/DSC_0943-scaled.jpg?w=1200&amp;ssl=1 1200w\" sizes=\"(max-width: 900px) 100vw, 900px\" \/><\/figure><\/li><li class=\"blocks-gallery-item\"><figure><img data-recalc-dims=\"1\" decoding=\"async\" width=\"900\" height=\"600\" data-attachment-id=\"4450\" data-permalink=\"https:\/\/unser-aschbach.de\/staging2025\/dsc_0918\/\" data-orig-file=\"https:\/\/i0.wp.com\/unser-aschbach.de\/staging2025\/wp-content\/uploads\/2020\/04\/DSC_0918-scaled.jpg?fit=1200%2C800&amp;ssl=1\" data-orig-size=\"1200,800\" data-comments-opened=\"1\" data-image-meta=\"{&quot;aperture&quot;:&quot;4.2&quot;,&quot;credit&quot;:&quot;&quot;,&quot;camera&quot;:&quot;NIKON D3100&quot;,&quot;caption&quot;:&quot;&quot;,&quot;created_timestamp&quot;:&quot;1581790048&quot;,&quot;copyright&quot;:&quot;&quot;,&quot;focal_length&quot;:&quot;26&quot;,&quot;iso&quot;:&quot;400&quot;,&quot;shutter_speed&quot;:&quot;0.0333333333333&quot;,&quot;title&quot;:&quot;&quot;,&quot;orientation&quot;:&quot;1&quot;}\" data-image-title=\"DSC_0918\" data-image-description=\"\" data-image-caption=\"\" data-medium-file=\"https:\/\/i0.wp.com\/unser-aschbach.de\/staging2025\/wp-content\/uploads\/2020\/04\/DSC_0918-scaled.jpg?fit=300%2C200&amp;ssl=1\" data-large-file=\"https:\/\/i0.wp.com\/unser-aschbach.de\/staging2025\/wp-content\/uploads\/2020\/04\/DSC_0918-scaled.jpg?fit=900%2C600&amp;ssl=1\" src=\"https:\/\/i0.wp.com\/unser-aschbach.de\/staging2025\/wp-content\/uploads\/2020\/04\/DSC_0918.jpg?resize=900%2C600&#038;ssl=1\" alt=\"\" data-id=\"4450\" data-full-url=\"https:\/\/unser-aschbach.de\/staging2025\/wp-content\/uploads\/2020\/04\/DSC_0918-scaled.jpg\" data-link=\"https:\/\/unser-aschbach.de\/staging2025\/dsc_0918\/\" class=\"wp-image-4450\" srcset=\"https:\/\/i0.wp.com\/unser-aschbach.de\/staging2025\/wp-content\/uploads\/2020\/04\/DSC_0918-scaled.jpg?resize=1024%2C683&amp;ssl=1 1024w, https:\/\/i0.wp.com\/unser-aschbach.de\/staging2025\/wp-content\/uploads\/2020\/04\/DSC_0918-scaled.jpg?resize=300%2C200&amp;ssl=1 300w, https:\/\/i0.wp.com\/unser-aschbach.de\/staging2025\/wp-content\/uploads\/2020\/04\/DSC_0918-scaled.jpg?resize=768%2C512&amp;ssl=1 768w, https:\/\/i0.wp.com\/unser-aschbach.de\/staging2025\/wp-content\/uploads\/2020\/04\/DSC_0918-scaled.jpg?resize=1536%2C1024&amp;ssl=1 1536w, https:\/\/i0.wp.com\/unser-aschbach.de\/staging2025\/wp-content\/uploads\/2020\/04\/DSC_0918-scaled.jpg?resize=2048%2C1365&amp;ssl=1 2048w, https:\/\/i0.wp.com\/unser-aschbach.de\/staging2025\/wp-content\/uploads\/2020\/04\/DSC_0918-scaled.jpg?w=1200&amp;ssl=1 1200w\" sizes=\"(max-width: 900px) 100vw, 900px\" \/><\/figure><\/li><\/ul><\/figure>\n<div class=\"shariff shariff-align-flex-start shariff-widget-align-flex-start\"><ul class=\"shariff-buttons theme-round orientation-horizontal buttonsize-medium\"><li class=\"shariff-button mailto shariff-nocustomcolor\" style=\"background-color:#a8a8a8\"><a href=\"mailto:?body=https%3A%2F%2Funser-aschbach.de%2Fstaging2025%2F2020%2F02%2F18%2Funser-ortsvorsteher-informiert-stimmungsvolle-kinderkappensitzung-der-aschbacher-narrekaepp%2F&subject=Unser%20Ortsvorsteher%20informiert%20%E2%80%93%20Stimmungsvolle%20Kinderkappensitzung%20der%20Aschbacher%20Narrek%C3%A4pp\" title=\"Per E-Mail versenden\" aria-label=\"Per E-Mail versenden\" role=\"button\" rel=\"noopener nofollow\" class=\"shariff-link\" style=\"; background-color:#999; color:#fff\"><span class=\"shariff-icon\" style=\"\"><svg width=\"32px\" height=\"20px\" xmlns=\"http:\/\/www.w3.org\/2000\/svg\" viewBox=\"0 0 32 32\"><path fill=\"#999\" d=\"M32 12.7v14.2q0 1.2-0.8 2t-2 0.9h-26.3q-1.2 0-2-0.9t-0.8-2v-14.2q0.8 0.9 1.8 1.6 6.5 4.4 8.9 6.1 1 0.8 1.6 1.2t1.7 0.9 2 0.4h0.1q0.9 0 2-0.4t1.7-0.9 1.6-1.2q3-2.2 8.9-6.1 1-0.7 1.8-1.6zM32 7.4q0 1.4-0.9 2.7t-2.2 2.2q-6.7 4.7-8.4 5.8-0.2 0.1-0.7 0.5t-1 0.7-0.9 0.6-1.1 0.5-0.9 0.2h-0.1q-0.4 0-0.9-0.2t-1.1-0.5-0.9-0.6-1-0.7-0.7-0.5q-1.6-1.1-4.7-3.2t-3.6-2.6q-1.1-0.7-2.1-2t-1-2.5q0-1.4 0.7-2.3t2.1-0.9h26.3q1.2 0 2 0.8t0.9 2z\"\/><\/svg><\/span><\/a><\/li><li class=\"shariff-button facebook shariff-nocustomcolor\" style=\"background-color:#4273c8\"><a href=\"https:\/\/www.facebook.com\/sharer\/sharer.php?u=https%3A%2F%2Funser-aschbach.de%2Fstaging2025%2F2020%2F02%2F18%2Funser-ortsvorsteher-informiert-stimmungsvolle-kinderkappensitzung-der-aschbacher-narrekaepp%2F\" title=\"Bei Facebook teilen\" aria-label=\"Bei Facebook teilen\" role=\"button\" rel=\"nofollow\" class=\"shariff-link\" style=\"; background-color:#3b5998; color:#fff\" target=\"_blank\"><span class=\"shariff-icon\" style=\"\"><svg width=\"32px\" height=\"20px\" xmlns=\"http:\/\/www.w3.org\/2000\/svg\" viewBox=\"0 0 18 32\"><path fill=\"#3b5998\" d=\"M17.1 0.2v4.7h-2.8q-1.5 0-2.1 0.6t-0.5 1.9v3.4h5.2l-0.7 5.3h-4.5v13.6h-5.5v-13.6h-4.5v-5.3h4.5v-3.9q0-3.3 1.9-5.2t5-1.8q2.6 0 4.1 0.2z\"\/><\/svg><\/span><\/a><\/li><li class=\"shariff-button whatsapp shariff-nocustomcolor\" style=\"background-color:#5cbe4a\"><a href=\"https:\/\/api.whatsapp.com\/send?text=https%3A%2F%2Funser-aschbach.de%2Fstaging2025%2F2020%2F02%2F18%2Funser-ortsvorsteher-informiert-stimmungsvolle-kinderkappensitzung-der-aschbacher-narrekaepp%2F%20Unser%20Ortsvorsteher%20informiert%20%E2%80%93%20Stimmungsvolle%20Kinderkappensitzung%20der%20Aschbacher%20Narrek%C3%A4pp\" title=\"Bei Whatsapp teilen\" aria-label=\"Bei Whatsapp teilen\" role=\"button\" rel=\"noopener nofollow\" class=\"shariff-link\" style=\"; background-color:#34af23; color:#fff\" target=\"_blank\"><span class=\"shariff-icon\" style=\"\"><svg width=\"32px\" height=\"20px\" xmlns=\"http:\/\/www.w3.org\/2000\/svg\" viewBox=\"0 0 32 32\"><path fill=\"#34af23\" d=\"M17.6 17.4q0.2 0 1.7 0.8t1.6 0.9q0 0.1 0 0.3 0 0.6-0.3 1.4-0.3 0.7-1.3 1.2t-1.8 0.5q-1 0-3.4-1.1-1.7-0.8-3-2.1t-2.6-3.3q-1.3-1.9-1.3-3.5v-0.1q0.1-1.6 1.3-2.8 0.4-0.4 0.9-0.4 0.1 0 0.3 0t0.3 0q0.3 0 0.5 0.1t0.3 0.5q0.1 0.4 0.6 1.6t0.4 1.3q0 0.4-0.6 1t-0.6 0.8q0 0.1 0.1 0.3 0.6 1.3 1.8 2.4 1 0.9 2.7 1.8 0.2 0.1 0.4 0.1 0.3 0 1-0.9t0.9-0.9zM14 26.9q2.3 0 4.3-0.9t3.6-2.4 2.4-3.6 0.9-4.3-0.9-4.3-2.4-3.6-3.6-2.4-4.3-0.9-4.3 0.9-3.6 2.4-2.4 3.6-0.9 4.3q0 3.6 2.1 6.6l-1.4 4.2 4.3-1.4q2.8 1.9 6.2 1.9zM14 2.2q2.7 0 5.2 1.1t4.3 2.9 2.9 4.3 1.1 5.2-1.1 5.2-2.9 4.3-4.3 2.9-5.2 1.1q-3.5 0-6.5-1.7l-7.4 2.4 2.4-7.2q-1.9-3.2-1.9-6.9 0-2.7 1.1-5.2t2.9-4.3 4.3-2.9 5.2-1.1z\"\/><\/svg><\/span><\/a><\/li><\/ul><\/div>","protected":false},"excerpt":{"rendered":"<p>Schwungvoll, wie schon in den beiden Kappensitzungen am Wochenende zuvor, er\u00f6ffneten die lustigen Bambinis des Turnvereins (TV) Aschbach (Trainerinnen: Michelle und Paula Fries) mit dem Zwergentanz die diesj\u00e4hrige Kinderkappensitzung. In der vollbesetzten Mehrzweckhalle f\u00fchrte das Kinder-Moderatorenpaar Anna Ehl und Linn Schr\u00f6der unter Leitung von Jonas Schmidt gekonnt durch das 1 1\/2 st\u00fcndige Programm. Staunend, mit&#8230;<\/p>\n<p> <a class=\"continue-reading-link\" href=\"https:\/\/unser-aschbach.de\/staging2025\/2020\/02\/18\/unser-ortsvorsteher-informiert-stimmungsvolle-kinderkappensitzung-der-aschbacher-narrekaepp\/\"><span>weiterlesen<\/span><i class=\"crycon-right-dir\"><\/i><\/a> <\/p>\n","protected":false},"author":1,"featured_media":4454,"comment_status":"open","ping_status":"open","sticky":false,"template":"","format":"standard","meta":{"jetpack_post_was_ever_published":false,"_jetpack_newsletter_access":"","_jetpack_dont_email_post_to_subs":false,"_jetpack_newsletter_tier_id":0,"_jetpack_memberships_contains_paywalled_content":false,"_jetpack_memberships_contains_paid_content":false,"footnotes":"","jetpack_publicize_message":"","jetpack_publicize_feature_enabled":true,"jetpack_social_post_already_shared":true,"jetpack_social_options":{"image_generator_settings":{"template":"highway","default_image_id":0,"font":"","enabled":false},"version":2}},"categories":[121,40],"tags":[227],"class_list":["post-4354","post","type-post","status-publish","format-standard","has-post-thumbnail","hentry","category-aschbacher-narrekaepp","category-vereine","tag-kinderkappensitzung"],"jetpack_publicize_connections":[],"jetpack_featured_media_url":"https:\/\/i0.wp.com\/unser-aschbach.de\/staging2025\/wp-content\/uploads\/2020\/04\/DSC_0938-scaled.jpg?fit=1200%2C800&ssl=1","jetpack_shortlink":"https:\/\/wp.me\/pggZrZ-18e","jetpack-related-posts":[{"id":5137,"url":"https:\/\/unser-aschbach.de\/staging2025\/2022\/11\/09\/aschbacher-narrekaepp-beleben-tradition\/","url_meta":{"origin":4354,"position":0},"title":"Aschbacher Narrek\u00e4pp beleben Tradition!","author":"Someone","date":"9. November 2022","format":false,"excerpt":"MARTINI-KIRMES\u00a0 2022 Autor: Josef Nickolai Zum 3. Mal veranstalteten die Aschbacher Narrek\u00e4pp die Martini-Kirmes als Auftakt in die n\u00e4rrische Session; traditionell wird an Martini am 11.11. die Faasend er\u00f6ffnet, in Aschbach getreu dem Narrek\u00e4pp-Motto \u201eUnser Herz schl\u00e4gt f\u00fcr die Faasend!!!\u201c Zahlreiche BesucherInnen fanden letzten Samstag den Weg in die fantasievoll,\u2026","rel":"","context":"In &quot;Aktionen&quot;","block_context":{"text":"Aktionen","link":"https:\/\/unser-aschbach.de\/staging2025\/category\/der-ort\/aktionen\/"},"img":{"alt_text":"","src":"https:\/\/i0.wp.com\/unser-aschbach.de\/staging2025\/wp-content\/uploads\/2022\/11\/IMG-20221107-WA0001-1.jpg?resize=350%2C200","width":350,"height":200,"srcset":"https:\/\/i0.wp.com\/unser-aschbach.de\/staging2025\/wp-content\/uploads\/2022\/11\/IMG-20221107-WA0001-1.jpg?resize=350%2C200 1x, https:\/\/i0.wp.com\/unser-aschbach.de\/staging2025\/wp-content\/uploads\/2022\/11\/IMG-20221107-WA0001-1.jpg?resize=525%2C300 1.5x, https:\/\/i0.wp.com\/unser-aschbach.de\/staging2025\/wp-content\/uploads\/2022\/11\/IMG-20221107-WA0001-1.jpg?resize=700%2C400 2x"},"classes":[]},{"id":4326,"url":"https:\/\/unser-aschbach.de\/staging2025\/2020\/02\/12\/unser-_ortsvorsteher-informiert-zweimal-begeistertes-full-house-fuer-flower-power-der-aschbacher-narrekaepp\/","url_meta":{"origin":4354,"position":1},"title":"Unser Ortsvorsteher informiert &#8211;  Zweimal begeistertes \u201eFull House\u201c f\u00fcr \u201eFLOWER POWER\u201c der Aschbacher Narrek\u00e4pp","author":"Someone","date":"12. Februar 2020","format":false,"excerpt":"Eins steht fest!: Die Aschbacher Narrek\u00e4pp verstehen es, ihr Publikum begeistert auf die Reise in die f\u00fcnfte Jahreszeit mitzunehmen. Bunt und blumig hatten Erwin Schr\u00f6der, Herbert Backes und Petra Klein die B\u00fchne in der Mehrzweckhalle dem Motto entsprechend f\u00fcr die Narrenschar dekoriert. N\u00e4rrisch p\u00fcnktlich um 20.11 Uhr (samstags um 19.11\u2026","rel":"","context":"In &quot;Allgemein&quot;","block_context":{"text":"Allgemein","link":"https:\/\/unser-aschbach.de\/staging2025\/category\/allgemein\/"},"img":{"alt_text":"","src":"https:\/\/i0.wp.com\/unser-aschbach.de\/staging2025\/wp-content\/uploads\/2020\/02\/IMG_4186_M.jpg?fit=1200%2C800&ssl=1&resize=350%2C200","width":350,"height":200,"srcset":"https:\/\/i0.wp.com\/unser-aschbach.de\/staging2025\/wp-content\/uploads\/2020\/02\/IMG_4186_M.jpg?fit=1200%2C800&ssl=1&resize=350%2C200 1x, https:\/\/i0.wp.com\/unser-aschbach.de\/staging2025\/wp-content\/uploads\/2020\/02\/IMG_4186_M.jpg?fit=1200%2C800&ssl=1&resize=525%2C300 1.5x, https:\/\/i0.wp.com\/unser-aschbach.de\/staging2025\/wp-content\/uploads\/2020\/02\/IMG_4186_M.jpg?fit=1200%2C800&ssl=1&resize=700%2C400 2x, https:\/\/i0.wp.com\/unser-aschbach.de\/staging2025\/wp-content\/uploads\/2020\/02\/IMG_4186_M.jpg?fit=1200%2C800&ssl=1&resize=1050%2C600 3x"},"classes":[]},{"id":4310,"url":"https:\/\/unser-aschbach.de\/staging2025\/2020\/02\/12\/vereinsportrait-aschbacher-narrekaepp\/","url_meta":{"origin":4354,"position":2},"title":"Vereinsportrait Aschbacher Narrek\u00e4pp","author":"Someone","date":"12. Februar 2020","format":false,"excerpt":"Alleh hopp, die Aschbacher Narrek\u00e4pp stehn Kopp 2013 gilt als Geburtstunde der \u201eAschbacher Narrek\u00e4pp\u201c: Vorg\u00e4nger des jungen Vereins in der f\u00fcnften Jahreszeit waren die Kath. Frauengemeinschaft (Anfang der 1960er Jahre bis 2002) unddie Interessengemeinschaft Aschbacher Faasend (2002-2013). Gegenw\u00e4rtig f\u00fchrt ein \u201eDreigestirn\u201c -Stefan Schr\u00f6der, Sandra-Anna Stark und Florian B\u00fcchel- die kreativen,\u2026","rel":"","context":"In &quot;Vereine&quot;","block_context":{"text":"Vereine","link":"https:\/\/unser-aschbach.de\/staging2025\/category\/vereine\/"},"img":{"alt_text":"","src":"https:\/\/i0.wp.com\/unser-aschbach.de\/staging2025\/wp-content\/uploads\/2020\/02\/DSC_08801-scaled.jpg?fit=1200%2C800&ssl=1&resize=350%2C200","width":350,"height":200,"srcset":"https:\/\/i0.wp.com\/unser-aschbach.de\/staging2025\/wp-content\/uploads\/2020\/02\/DSC_08801-scaled.jpg?fit=1200%2C800&ssl=1&resize=350%2C200 1x, https:\/\/i0.wp.com\/unser-aschbach.de\/staging2025\/wp-content\/uploads\/2020\/02\/DSC_08801-scaled.jpg?fit=1200%2C800&ssl=1&resize=525%2C300 1.5x, https:\/\/i0.wp.com\/unser-aschbach.de\/staging2025\/wp-content\/uploads\/2020\/02\/DSC_08801-scaled.jpg?fit=1200%2C800&ssl=1&resize=700%2C400 2x, https:\/\/i0.wp.com\/unser-aschbach.de\/staging2025\/wp-content\/uploads\/2020\/02\/DSC_08801-scaled.jpg?fit=1200%2C800&ssl=1&resize=1050%2C600 3x"},"classes":[]},{"id":5234,"url":"https:\/\/unser-aschbach.de\/staging2025\/2023\/02\/07\/lebendiger-lustiger-aschbacher-dschungel\/","url_meta":{"origin":4354,"position":3},"title":"Lebendiger, lustiger Aschbacher Dschungel!","author":"Someone","date":"7. Februar 2023","format":false,"excerpt":"Autor: Josef Nickolai Zwei Tage liefen die Aschbacher Narrek\u00e4pp auf Hochtouren und verwandelten die gr\u00fcne Dschungel-Arena in der Mehrzweckhalle in ein n\u00e4rrisches Tollhaus. P\u00fcnktlich um 20.11 Uhr begr\u00fc\u00dfte das \u201ePr\u00e4sidiale Drei-Gestirn\u201c Stefan Schr\u00f6der, Sandra-Anna Stark und Simon M\u00fcller freitags die Dschungel-G\u00e4ste zur 1. Dschungel-F\u00fchrung. Zur 1. Kappensitzung fanden B\u00fcrgermeister Klauspeter\u2026","rel":"","context":"In &quot;Aschbacher Narrek\u00e4pp&quot;","block_context":{"text":"Aschbacher Narrek\u00e4pp","link":"https:\/\/unser-aschbach.de\/staging2025\/category\/vereine\/aschbacher-narrekaepp\/"},"img":{"alt_text":"","src":"https:\/\/i0.wp.com\/unser-aschbach.de\/staging2025\/wp-content\/uploads\/2023\/02\/DSC_1948-scaled.jpg?fit=1200%2C800&ssl=1&resize=350%2C200","width":350,"height":200,"srcset":"https:\/\/i0.wp.com\/unser-aschbach.de\/staging2025\/wp-content\/uploads\/2023\/02\/DSC_1948-scaled.jpg?fit=1200%2C800&ssl=1&resize=350%2C200 1x, https:\/\/i0.wp.com\/unser-aschbach.de\/staging2025\/wp-content\/uploads\/2023\/02\/DSC_1948-scaled.jpg?fit=1200%2C800&ssl=1&resize=525%2C300 1.5x, https:\/\/i0.wp.com\/unser-aschbach.de\/staging2025\/wp-content\/uploads\/2023\/02\/DSC_1948-scaled.jpg?fit=1200%2C800&ssl=1&resize=700%2C400 2x, https:\/\/i0.wp.com\/unser-aschbach.de\/staging2025\/wp-content\/uploads\/2023\/02\/DSC_1948-scaled.jpg?fit=1200%2C800&ssl=1&resize=1050%2C600 3x"},"classes":[]},{"id":5440,"url":"https:\/\/unser-aschbach.de\/staging2025\/2024\/02\/07\/naerrische-kinderfaasend-auf-dem-narrenhof\/","url_meta":{"origin":4354,"position":4},"title":"N\u00e4rrische Kinderfaasend auf dem Narrenhof","author":"Someone","date":"7. Februar 2024","format":false,"excerpt":"Autor: Josef Nickolai Am dritten \u201eTag der offenen T\u00fcr\u201c auf dem Narrenhof gab\u00b4s keine freien Pl\u00e4tze mehr in der Mehrzweckhalle (MZH). Kleine, gro\u00dfe, junge, reife und vor allem bunt-verkleidete N\u00e4rrinnen und Narren fluteten die Kinderfaasend auf dem tierreichen Bauernhof der Narrek\u00e4pp.\u00a0\u00a0\u00a0\u00a0\u00a0\u00a0\u00a0\u00a0\u00a0\u00a0\u00a0\u00a0\u00a0\u00a0\u00a0\u00a0\u00a0\u00a0\u00a0\u00a0\u00a0\u00a0\u00a0\u00a0\u00a0\u00a0\u00a0\u00a0\u00a0\u00a0\u00a0\u00a0\u00a0\u00a0\u00a0\u00a0\u00a0\u00a0\u00a0\u00a0\u00a0\u00a0\u00a0\u00a0\u00a0\u00a0\u00a0\u00a0\u00a0\u00a0\u00a0\u00a0\u00a0\u00a0\u00a0\u00a0\u00a0\u00a0\u00a0\u00a0\u00a0\u00a0\u00a0\u00a0\u00a0\u00a0\u00a0\u00a0\u00a0\u00a0\u00a0\u00a0\u00a0\u00a0\u00a0\u00a0\u00a0\u00a0\u00a0\u00a0\u00a0\u00a0\u00a0\u00a0\u00a0\u00a0\u00a0\u00a0\u00a0\u00a0\u00a0\u00a0\u00a0\u00a0\u00a0\u00a0\u00a0\u00a0\u00a0 Hier, unter der Regie von Jonas Schmidt, moderierten Leni\u2026","rel":"","context":"In &quot;Aktionen&quot;","block_context":{"text":"Aktionen","link":"https:\/\/unser-aschbach.de\/staging2025\/category\/der-ort\/aktionen\/"},"img":{"alt_text":"","src":"https:\/\/i0.wp.com\/unser-aschbach.de\/staging2025\/wp-content\/uploads\/2024\/02\/DSC_3407-scaled.jpg?fit=1200%2C800&ssl=1&resize=350%2C200","width":350,"height":200,"srcset":"https:\/\/i0.wp.com\/unser-aschbach.de\/staging2025\/wp-content\/uploads\/2024\/02\/DSC_3407-scaled.jpg?fit=1200%2C800&ssl=1&resize=350%2C200 1x, https:\/\/i0.wp.com\/unser-aschbach.de\/staging2025\/wp-content\/uploads\/2024\/02\/DSC_3407-scaled.jpg?fit=1200%2C800&ssl=1&resize=525%2C300 1.5x, https:\/\/i0.wp.com\/unser-aschbach.de\/staging2025\/wp-content\/uploads\/2024\/02\/DSC_3407-scaled.jpg?fit=1200%2C800&ssl=1&resize=700%2C400 2x, https:\/\/i0.wp.com\/unser-aschbach.de\/staging2025\/wp-content\/uploads\/2024\/02\/DSC_3407-scaled.jpg?fit=1200%2C800&ssl=1&resize=1050%2C600 3x"},"classes":[]},{"id":5220,"url":"https:\/\/unser-aschbach.de\/staging2025\/2023\/01\/31\/aschbacher-narrekaepp-in-sr3-radio-kappensitzung\/","url_meta":{"origin":4354,"position":5},"title":"Aschbacher Narrek\u00e4pp  in SR3 Radio-Kappensitzung","author":"Someone","date":"31. Januar 2023","format":false,"excerpt":"\u00a0\u00a0\u00a0\u00a0Autor: Josef Nickolai, Fotos: Jonas Schmidt \u00a0 Musikalisch schwungvoll umrahmt von den \u201eLatzegallies\u201c versammelte sich zahlreich die saarl\u00e4ndische Fastnachts-Prominenz zur diesj\u00e4hrigen SR 3 Radio-Kappensitzung. Auf Vorschlag des \u201eVerbandes Saarl\u00e4ndischer Karnevalsvereine\u201c hatte SR 3 in Zusammenarbeit mit \u201eGr\u00fcne Nelke Dudweiler\u201c die \u201eCr\u00e8me de la Cr\u00e8me\u201c saarl\u00e4ndischer B\u00fcttenredner ins B\u00fcrgerhaus Dudweiler eingeladen.\u2026","rel":"","context":"In &quot;Aschbacher Narrek\u00e4pp&quot;","block_context":{"text":"Aschbacher Narrek\u00e4pp","link":"https:\/\/unser-aschbach.de\/staging2025\/category\/vereine\/aschbacher-narrekaepp\/"},"img":{"alt_text":"","src":"https:\/\/i0.wp.com\/unser-aschbach.de\/staging2025\/wp-content\/uploads\/2023\/01\/IMG-20230129-WA0002.jpg?fit=1200%2C900&ssl=1&resize=350%2C200","width":350,"height":200,"srcset":"https:\/\/i0.wp.com\/unser-aschbach.de\/staging2025\/wp-content\/uploads\/2023\/01\/IMG-20230129-WA0002.jpg?fit=1200%2C900&ssl=1&resize=350%2C200 1x, https:\/\/i0.wp.com\/unser-aschbach.de\/staging2025\/wp-content\/uploads\/2023\/01\/IMG-20230129-WA0002.jpg?fit=1200%2C900&ssl=1&resize=525%2C300 1.5x, https:\/\/i0.wp.com\/unser-aschbach.de\/staging2025\/wp-content\/uploads\/2023\/01\/IMG-20230129-WA0002.jpg?fit=1200%2C900&ssl=1&resize=700%2C400 2x, https:\/\/i0.wp.com\/unser-aschbach.de\/staging2025\/wp-content\/uploads\/2023\/01\/IMG-20230129-WA0002.jpg?fit=1200%2C900&ssl=1&resize=1050%2C600 3x"},"classes":[]}],"jetpack_sharing_enabled":true,"_links":{"self":[{"href":"https:\/\/unser-aschbach.de\/staging2025\/wp-json\/wp\/v2\/posts\/4354","targetHints":{"allow":["GET"]}}],"collection":[{"href":"https:\/\/unser-aschbach.de\/staging2025\/wp-json\/wp\/v2\/posts"}],"about":[{"href":"https:\/\/unser-aschbach.de\/staging2025\/wp-json\/wp\/v2\/types\/post"}],"author":[{"embeddable":true,"href":"https:\/\/unser-aschbach.de\/staging2025\/wp-json\/wp\/v2\/users\/1"}],"replies":[{"embeddable":true,"href":"https:\/\/unser-aschbach.de\/staging2025\/wp-json\/wp\/v2\/comments?post=4354"}],"version-history":[{"count":5,"href":"https:\/\/unser-aschbach.de\/staging2025\/wp-json\/wp\/v2\/posts\/4354\/revisions"}],"predecessor-version":[{"id":4455,"href":"https:\/\/unser-aschbach.de\/staging2025\/wp-json\/wp\/v2\/posts\/4354\/revisions\/4455"}],"wp:featuredmedia":[{"embeddable":true,"href":"https:\/\/unser-aschbach.de\/staging2025\/wp-json\/wp\/v2\/media\/4454"}],"wp:attachment":[{"href":"https:\/\/unser-aschbach.de\/staging2025\/wp-json\/wp\/v2\/media?parent=4354"}],"wp:term":[{"taxonomy":"category","embeddable":true,"href":"https:\/\/unser-aschbach.de\/staging2025\/wp-json\/wp\/v2\/categories?post=4354"},{"taxonomy":"post_tag","embeddable":true,"href":"https:\/\/unser-aschbach.de\/staging2025\/wp-json\/wp\/v2\/tags?post=4354"}],"curies":[{"name":"wp","href":"https:\/\/api.w.org\/{rel}","templated":true}]}}